{"id":54154,"date":"2015-03-01T20:30:49","date_gmt":"2015-03-01T23:30:49","guid":{"rendered":"http:\/\/aconteceunovale.com.br\/portal\/?p=54154"},"modified":"2015-03-01T20:30:49","modified_gmt":"2015-03-01T23:30:49","slug":"governo-federal-anuncia-que-vai-ampliar-forcas-policiais-para-liberar-rodovias","status":"publish","type":"post","link":"https:\/\/aconteceunovale.com.br\/portal\/?p=54154","title":{"rendered":"Governo Federal anuncia que vai ampliar for\u00e7as policiais para liberar rodovias"},"content":{"rendered":"<p>Em nota divulgada hoje (1\u00b0) sobre as manifesta\u00e7\u00f5es dos caminhoneiros nas estradas do pa\u00eds, a Secretaria-Geral da Presid\u00eancia da Rep\u00fablica informou que o governo vai ampliar a presen\u00e7a das for\u00e7as policiais para garantir o cumprimento das decis\u00f5es judiciais e a desobstru\u00e7\u00e3o das rodovias, em busca de garantir o direito ao trabalho e o abastecimento da popula\u00e7\u00e3o.<\/p>\n<p>Para a secretaria, constata-se uma \u201cdiminui\u00e7\u00e3o do movimento\u201d, e as manifesta\u00e7\u00f5es dos caminhoneiros seguem localizadas na Regi\u00e3o Sul do pa\u00eds com 80% dos bloqueios em rodovias federais do Rio Grande do Sul, Paran\u00e1 e de Santa Catarina.<\/p>\n<p>\u201cA diminui\u00e7\u00e3o do movimento e a atua\u00e7\u00e3o da Pol\u00edcia Rodovi\u00e1ria Federal, For\u00e7a Nacional e pol\u00edcias estaduais no cumprimento da lei v\u00eam assegurando o livre tr\u00e2nsito a quem queira trabalhar, possibilitando a normaliza\u00e7\u00e3o do abastecimento de combust\u00edvel e a retomada da atividade econ\u00f4mica\u201d, diz o texto.<\/p>\n<p><img decoding=\"async\" src=\"http:\/\/aconteceunovale.com.br\/portal\/wp-content\/uploads\/2015\/03\/caminhoneiros_br.jpg\" alt=\"\" \/><em>Caminhoneiros protestam em v\u00e1rias rodovias do pa\u00eds &#8211; Foto: Valter Campanato\/Ag\u00eancia Brasil<\/em><br \/>\n<\/br><\/p>\n<p>A secretaria registra tamb\u00e9m que o governo federal lamenta o uso de viol\u00eancia nas manifesta\u00e7\u00f5es, com a depreda\u00e7\u00e3o de ve\u00edculos e coa\u00e7\u00e3o de caminhoneiros que querem trabalhar. O governo reitera o compromisso com as propostas anunciadas nos \u00faltimos dias e a disposi\u00e7\u00e3o para o di\u00e1logo.  No \u00faltimo dia 26, o governo se reuniu com caminhoneiros e apresentou propostas para acabar com os protestos.<\/p>\n<p>Ontem (28), o caminhoneiro Cl\u00e9ber Adriano Machado Ouriques, de 38 anos, morreu ap\u00f3s ser atropelado durante protesto na BR-392, em S\u00e3o Sep\u00e9, munic\u00edpio da regi\u00e3o central do Rio Grande do Sul.<\/p>\n<p>O \u00faltimo balan\u00e7o divulgado pela Pol\u00edcia Rodovi\u00e1ria Federal, na noite desse s\u00e1bado (28), indicava 46 pontos de interdi\u00e7\u00f5es em rodovias federais provocados pelos protestos dos caminhoneiros contra o aumento do \u00f3leo diesel e a falta de um valor m\u00ednimo de frete. (Ag\u00eancia Brasil)<\/p>\n","protected":false},"excerpt":{"rendered":"<p>Em nota divulgada hoje (1\u00b0) sobre as manifesta\u00e7\u00f5es dos caminhoneiros nas estradas do pa\u00eds, a Secretaria-Geral da Presid\u00eancia da Rep\u00fablica informou que o governo vai ampliar a presen\u00e7a das for\u00e7as policiais para garantir o cumprimento das decis\u00f5es judiciais e a desobstru\u00e7\u00e3o das rodovias, em busca de garantir o direito ao trabalho e o abastecimento da [&hellip;]<\/p>\n","protected":false},"author":1,"featured_media":54155,"comment_status":"open","ping_status":"closed","sticky":false,"template":"","format":"standard","meta":{"amp_status":"","footnotes":""},"categories":[6],"tags":[35698,34626,35701,35700,35696,35694,35699,35693,34624,35695,34625,35697],"class_list":["post-54154","post","type-post","status-publish","format-standard","has-post-thumbnail","hentry","category-br","tag-caminhoneiro-morto-em-sao-sepe","tag-caminhoneiros","tag-caminhoneiros-protestam-em-varias-rodovias-do-brasil","tag-caminhoneiros-protestam-em-varias-rodovias-do-pais","tag-cleber-adriano-machado-ouriques","tag-forcas-policiais-para-liberar-rodovias","tag-goveno-federal","tag-governo-federal-anuncia-que-vai-ampliar-forcas-policiais-para-liberar-rodovias","tag-manifestacoes-dos-caminhoneiros","tag-manifestacoes-dos-caminhoneiros-nas-estradas-do-brasil","tag-rodovias","tag-sao-sepe"],"_links":{"self":[{"href":"https:\/\/aconteceunovale.com.br\/portal\/index.php?rest_route=\/wp\/v2\/posts\/54154","targetHints":{"allow":["GET"]}}],"collection":[{"href":"https:\/\/aconteceunovale.com.br\/portal\/index.php?rest_route=\/wp\/v2\/posts"}],"about":[{"href":"https:\/\/aconteceunovale.com.br\/portal\/index.php?rest_route=\/wp\/v2\/types\/post"}],"author":[{"embeddable":true,"href":"https:\/\/aconteceunovale.com.br\/portal\/index.php?rest_route=\/wp\/v2\/users\/1"}],"replies":[{"embeddable":true,"href":"https:\/\/aconteceunovale.com.br\/portal\/index.php?rest_route=%2Fwp%2Fv2%2Fcomments&post=54154"}],"version-history":[{"count":0,"href":"https:\/\/aconteceunovale.com.br\/portal\/index.php?rest_route=\/wp\/v2\/posts\/54154\/revisions"}],"wp:featuredmedia":[{"embeddable":true,"href":"https:\/\/aconteceunovale.com.br\/portal\/index.php?rest_route=\/wp\/v2\/media\/54155"}],"wp:attachment":[{"href":"https:\/\/aconteceunovale.com.br\/portal\/index.php?rest_route=%2Fwp%2Fv2%2Fmedia&parent=54154"}],"wp:term":[{"taxonomy":"category","embeddable":true,"href":"https:\/\/aconteceunovale.com.br\/portal\/index.php?rest_route=%2Fwp%2Fv2%2Fcategories&post=54154"},{"taxonomy":"post_tag","embeddable":true,"href":"https:\/\/aconteceunovale.com.br\/portal\/index.php?rest_route=%2Fwp%2Fv2%2Ftags&post=54154"}],"curies":[{"name":"wp","href":"https:\/\/api.w.org\/{rel}","templated":true}]}}