{"id":54152,"date":"2015-03-01T20:13:37","date_gmt":"2015-03-01T23:13:37","guid":{"rendered":"http:\/\/aconteceunovale.com.br\/portal\/?p=54152"},"modified":"2015-03-01T20:13:37","modified_gmt":"2015-03-01T23:13:37","slug":"piloto-fica-ferido-ao-cair-durante-campeonato-de-parapente-em-governador-valadares","status":"publish","type":"post","link":"https:\/\/aconteceunovale.com.br\/portal\/?p=54152","title":{"rendered":"Piloto fica ferido ao cair durante campeonato de parapente em Governador Valadares"},"content":{"rendered":"<h4><strong><em>V\u00edtima participava de uma prova do Campeonato Brasileiro de Parapente quando perdeu altitude e caiu em um local de dif\u00edcil acesso.<\/em><\/strong><\/h4>\n<p>Militares do Corpo de Bombeiros tiveram trabalho para resgatar um piloto de paraglider que caiu durante uma competi\u00e7\u00e3o em Governador Valadares, na Regi\u00e3o do Rio Doce. O homem, de 31 anos, perdeu altitude e caiu em um local de dif\u00edcil acesso, na tarde deste domingo (1\u00ba). Ele foi socorrido e encaminhado para o Hospital Municipal. <\/p>\n<p>De acordo com os bombeiros, Lucas Souza saltou do Pico do Ibituruna durante uma prova do Campeonato Brasileiro de Parapente, mas perdeu altitude quando passava pela cidade de Alpercata. \u201cO homem afirmou que perdeu o controle e foi caindo. Primeiro bateu com o p\u00e9 e depois caiu sentado\u201d, explica o sargento Lucas Riva, que participou do resgate. <\/p>\n<p>Os bombeiros que davam apoio na competi\u00e7\u00e3o foram acionados e seguiram at\u00e9 o local da queda. Por\u00e9m, tiveram dificuldades no resgate. \u201cEle caiu em uma \u00e1rea de dif\u00edcil acesso a aproximadamente um quil\u00f4metro da BR-116. Tivemos que subir um grande morro no resgate\u201d, afirma o sargento Lucas. <\/p>\n<p>A v\u00edtima foi encontrada consciente e se queixava de dores no c\u00f3ccix. Lucas Souza foi colocado em uma grande prancha e removido at\u00e9 uma ambul\u00e2ncia do Servi\u00e7o de Atendimento M\u00f3vel de Urg\u00eancia (Samu), e posteriormente levado para atendimento no Hospital Municipal de Governador Valadares. (Estado de Minas)<\/p>\n","protected":false},"excerpt":{"rendered":"<p>V\u00edtima participava de uma prova do Campeonato Brasileiro de Parapente quando perdeu altitude e caiu em um local de dif\u00edcil acesso. Militares do Corpo de Bombeiros tiveram trabalho para resgatar um piloto de paraglider que caiu durante uma competi\u00e7\u00e3o em Governador Valadares, na Regi\u00e3o do Rio Doce. O homem, de 31 anos, perdeu altitude e [&hellip;]<\/p>\n","protected":false},"author":1,"featured_media":27235,"comment_status":"open","ping_status":"closed","sticky":false,"template":"","format":"standard","meta":{"amp_status":"","footnotes":""},"categories":[121],"tags":[274,6906,35689,247,35692,35691,1907,35688,35690],"class_list":["post-54152","post","type-post","status-publish","format-standard","has-post-thumbnail","hentry","category-leste","tag-alpercata","tag-campeonato-brasileiro-de-parapente","tag-campeonato-brasileiro-de-parapente-em-governador-valadares","tag-governador-valadares","tag-lucas-rivas","tag-lucas-souza","tag-pico-do-ibituruna","tag-piloto-fica-ferido-ao-cair-durante-campeonato-de-parapente-em-governador-valadares","tag-prova-do-campeonato-brasileiro-de-parapente"],"_links":{"self":[{"href":"https:\/\/aconteceunovale.com.br\/portal\/index.php?rest_route=\/wp\/v2\/posts\/54152","targetHints":{"allow":["GET"]}}],"collection":[{"href":"https:\/\/aconteceunovale.com.br\/portal\/index.php?rest_route=\/wp\/v2\/posts"}],"about":[{"href":"https:\/\/aconteceunovale.com.br\/portal\/index.php?rest_route=\/wp\/v2\/types\/post"}],"author":[{"embeddable":true,"href":"https:\/\/aconteceunovale.com.br\/portal\/index.php?rest_route=\/wp\/v2\/users\/1"}],"replies":[{"embeddable":true,"href":"https:\/\/aconteceunovale.com.br\/portal\/index.php?rest_route=%2Fwp%2Fv2%2Fcomments&post=54152"}],"version-history":[{"count":0,"href":"https:\/\/aconteceunovale.com.br\/portal\/index.php?rest_route=\/wp\/v2\/posts\/54152\/revisions"}],"wp:featuredmedia":[{"embeddable":true,"href":"https:\/\/aconteceunovale.com.br\/portal\/index.php?rest_route=\/wp\/v2\/media\/27235"}],"wp:attachment":[{"href":"https:\/\/aconteceunovale.com.br\/portal\/index.php?rest_route=%2Fwp%2Fv2%2Fmedia&parent=54152"}],"wp:term":[{"taxonomy":"category","embeddable":true,"href":"https:\/\/aconteceunovale.com.br\/portal\/index.php?rest_route=%2Fwp%2Fv2%2Fcategories&post=54152"},{"taxonomy":"post_tag","embeddable":true,"href":"https:\/\/aconteceunovale.com.br\/portal\/index.php?rest_route=%2Fwp%2Fv2%2Ftags&post=54152"}],"curies":[{"name":"wp","href":"https:\/\/api.w.org\/{rel}","templated":true}]}}