{"id":53832,"date":"2015-02-25T16:43:27","date_gmt":"2015-02-25T19:43:27","guid":{"rendered":"http:\/\/aconteceunovale.com.br\/portal\/?p=53832"},"modified":"2015-02-25T16:43:27","modified_gmt":"2015-02-25T19:43:27","slug":"justica-brasileira-esta-mais-rigorosa-com-quem-usa-a-internet-para-difamar-outras-pessoas","status":"publish","type":"post","link":"https:\/\/aconteceunovale.com.br\/portal\/?p=53832","title":{"rendered":"Justi\u00e7a brasileira est\u00e1 mais rigorosa com quem usa a internet para difamar outras pessoas"},"content":{"rendered":"<h4><em><strong>Quem posta ou compartilha tamb\u00e9m \u00e9 punido. Respons\u00e1vel pela ofensa pode pagar multa.<\/strong><\/em><\/h4>\n<p>A justi\u00e7a brasileira est\u00e1 mais r\u00edgida com quem usa as redes sociais e os grupos de conversas de celular para ofender, falar mal, difamar os outros. Quem posta a ofensa \u00e9 punido, quem compartilha \u00e9 punido e quem simplesmente entra na p\u00e1gina e concorda com o que viu tamb\u00e9m \u00e9 punido. J\u00e1 tem casos em que a v\u00edtima ganhou uma indeniza\u00e7\u00e3o de R$ 20 mil de todos os envolvidos.<\/p>\n<p>O mundo que se exibe numa tela, onde a vida \u00e9 meio de verdade, meio de mentira, meio civilizada, meio selvagem, e cada um diz o que quer acreditando estar livre de qualquer conseq\u00fc\u00eancia, a cada dia fica mais parecido com o mundo real.<\/p>\n<p>Nos \u00faltimos seis anos passaram pela justi\u00e7a brasileira mais de 500 casos de v\u00edtimas de ofensas virtuais. Na grande maioria quem ofendeu foi julgado criminalmente e, al\u00e9m disso, pagou uma multa de R$ 20 mil a R$ 30 mil.<\/p>\n<p>Quem responde pelo crime virtual? Em primeiro lugar, o respons\u00e1vel pela internet naquele computador. \u201cComo no caso de autom\u00f3veis, aquele que vai responder se n\u00e3o puder dizer que foi outra pessoa e apresentar, \u00e9 o dono do ve\u00edculo que tem identidade amarrada \u00e0 placa o carro. A mesma coisa acontece na internet. Em termos de resultados para isso \u00e9 que a internet gera mais provas. Est\u00e1 tudo documentado\u201d, diz a advogada especialista em crimes virtuais, Patr\u00edcia Peck.<\/p>\n<p>A publicit\u00e1ria Viviane Teves sabe disso e pretende entrar na justi\u00e7a por causa de estranhas mensagens que vem recebendo. Ela foi estuprada, dez anos atr\u00e1s e agora resolveu contar essa hist\u00f3ria numa rede social, como forma de alerta para outras mulheres.<\/p>\n<p>\u201cDeu meia-noite e eu comecei a receber mensagens no celular: \u2018parab\u00e9ns pelos 10 anos de estupro, espero que seja estuprada novamente, s\u00f3 vim aqui para te dar parab\u00e9ns\u2019\u201d, conta.<\/p>\n<p>\u201cAlgu\u00e9m come\u00e7a uma piada, uma brincadeira de mau gosto e as outras pessoas curtem e come\u00e7am a compartilhar isso achando que &#8216;tudo bem, n\u00e3o vai me acontecer nada&#8217;. Mas n\u00e3o \u00e9 assim. Todos os que se juntam na ofensa \u00e0 uma pessoa, respondem junto com a pessoa que publicou aquele conte\u00fado\u201d, explica  a advogada.<\/p>\n<p>Uma menina de 11 anos est\u00e1 sofrendo h\u00e1 alguns anos com ofensas de colegas de classe, pessoais e nos \u00faltimos tempos virtuais. Este ano al\u00e9m do grupo da rede social, os colegas criaram um grupo no celular.<\/p>\n<p>\u201cConversava das li\u00e7\u00f5es tudo. A\u00ed depois, a gente entrava num assunto come\u00e7ava a me chamar de chata, de gorda, de monstra\u201d, conta a menina.<\/p>\n<p>\u201cPretendo marcar com pais dessas crian\u00e7as que fazem isso com minha filha: para pararem que a gente sabe onde isso acaba&#8230; Em depress\u00e3o. Ela n\u00e3o vai querer mais estudar por causa disso. E coisas piores. A gente v\u00ea isso na fam\u00edlia\u201d, fala a m\u00e3e da menina.<\/p>\n<p>\u201cA internet promove uma certa covardia. \u00c9 p\u00fablico, mas acaba sendo de uma forma, pelas costas, com requinte de maldade. Hoje crimes tipific\u00e1veis pelo C\u00f3digo Penal Brasileiro tem sido o de difama\u00e7\u00e3o, que seria voc\u00ea expor a honra, a imagem de uma pessoa pela internet, e esse crime pode estar associado a outros: incita\u00e7\u00e3o ao crime, por exemplo, a amea\u00e7a. Se decidir ir para justi\u00e7a tem prova para punir essas pessoas\u201d, completa  a advogada.<\/p>\n<p><strong><em>(Fonte: <a href=\"http:\/\/g1.globo.com\/jornal-hoje\/noticia\/2015\/02\/justica-esta-mais-rigida-com-quem-usa-internet-para-difamar-pessoas.html\" target=\"_blank\">Jornal Hoje da TV Globo &#8211; Assista a reportagem<\/a>)<\/em><\/strong><\/p>\n","protected":false},"excerpt":{"rendered":"<p>Quem posta ou compartilha tamb\u00e9m \u00e9 punido. Respons\u00e1vel pela ofensa pode pagar multa. A justi\u00e7a brasileira est\u00e1 mais r\u00edgida com quem usa as redes sociais e os grupos de conversas de celular para ofender, falar mal, difamar os outros. Quem posta a ofensa \u00e9 punido, quem compartilha \u00e9 punido e quem simplesmente entra na p\u00e1gina [&hellip;]<\/p>\n","protected":false},"author":1,"featured_media":53829,"comment_status":"open","ping_status":"closed","sticky":false,"template":"","format":"standard","meta":{"amp_status":"","footnotes":""},"categories":[6],"tags":[35033,35037,35036,35032,35031,35040,35041,35034,35038,35035,35039],"class_list":["post-53832","post","type-post","status-publish","format-standard","has-post-thumbnail","hentry","category-br","tag-advogada-especialista-em-crimes-virtuais","tag-crime-na-internet","tag-crime-virtual","tag-difamacao-na-internet","tag-difamacao-nas-redes-sociais","tag-justica-brasileira-esta-mais-rigida-com-quem-usa-a-internet-para-difamar-pessoas","tag-justica-brasileira-esta-mais-rigorosa-com-quem-usa-a-internet-para-difamar-outras-pessoas","tag-patricia-peck","tag-publicitaria-viviane-teves","tag-quem-responde-pelo-crime-virtual","tag-viviane-teves"],"_links":{"self":[{"href":"https:\/\/aconteceunovale.com.br\/portal\/index.php?rest_route=\/wp\/v2\/posts\/53832","targetHints":{"allow":["GET"]}}],"collection":[{"href":"https:\/\/aconteceunovale.com.br\/portal\/index.php?rest_route=\/wp\/v2\/posts"}],"about":[{"href":"https:\/\/aconteceunovale.com.br\/portal\/index.php?rest_route=\/wp\/v2\/types\/post"}],"author":[{"embeddable":true,"href":"https:\/\/aconteceunovale.com.br\/portal\/index.php?rest_route=\/wp\/v2\/users\/1"}],"replies":[{"embeddable":true,"href":"https:\/\/aconteceunovale.com.br\/portal\/index.php?rest_route=%2Fwp%2Fv2%2Fcomments&post=53832"}],"version-history":[{"count":0,"href":"https:\/\/aconteceunovale.com.br\/portal\/index.php?rest_route=\/wp\/v2\/posts\/53832\/revisions"}],"wp:featuredmedia":[{"embeddable":true,"href":"https:\/\/aconteceunovale.com.br\/portal\/index.php?rest_route=\/wp\/v2\/media\/53829"}],"wp:attachment":[{"href":"https:\/\/aconteceunovale.com.br\/portal\/index.php?rest_route=%2Fwp%2Fv2%2Fmedia&parent=53832"}],"wp:term":[{"taxonomy":"category","embeddable":true,"href":"https:\/\/aconteceunovale.com.br\/portal\/index.php?rest_route=%2Fwp%2Fv2%2Fcategories&post=53832"},{"taxonomy":"post_tag","embeddable":true,"href":"https:\/\/aconteceunovale.com.br\/portal\/index.php?rest_route=%2Fwp%2Fv2%2Ftags&post=53832"}],"curies":[{"name":"wp","href":"https:\/\/api.w.org\/{rel}","templated":true}]}}