{"id":53826,"date":"2015-02-25T15:30:27","date_gmt":"2015-02-25T18:30:27","guid":{"rendered":"http:\/\/aconteceunovale.com.br\/portal\/?p=53826"},"modified":"2015-02-25T15:30:27","modified_gmt":"2015-02-25T18:30:27","slug":"justica-adia-decisao-sobre-executivos-da-usiminas-e-deixa-disputa-ainda-mais-tensa","status":"publish","type":"post","link":"https:\/\/aconteceunovale.com.br\/portal\/?p=53826","title":{"rendered":"Justi\u00e7a adia decis\u00e3o sobre executivos da Usiminas e deixa disputa ainda mais tensa"},"content":{"rendered":"<p>A disputa societ\u00e1ria envolvendo a argentina Ternium, subsidi\u00e1ria do grupo \u00edtalo-argentino Techint, e a japonesa Nippon, ficou ainda mais tensa. Estava marcado para a ter\u00e7a-feira o julgamento de um recurso da companhia argentina que tinha a inten\u00e7\u00e3o de reconduzir tr\u00eas executivos destitu\u00eddos em setembro &#8211; entre eles o ex-presidente Juli\u00e1n Eguren &#8211; aos seus antigos cargos na Usiminas.<\/p>\n<p>O recurso come\u00e7ou a ser julgado pela 10\u00aa C\u00e2mara C\u00edvel do Tribunal de Justi\u00e7a de Minas Gerais, e ganhou o voto favor\u00e1vel do relator do caso, mas a decis\u00e3o dever\u00e1 ser conhecida apenas daqui um m\u00eas, j\u00e1 que houve pedido de vistas pelos demais desembargadores.<\/p>\n<p>Apesar de ainda n\u00e3o representar uma vit\u00f3ria, a not\u00edcia \u00e9 positiva para a Ternium, que ganha um f\u00f4lego extra no caso, j\u00e1 que tem a seu favor o voto do relator. Mas como o caso volta para a primeira inst\u00e2ncia da Justi\u00e7a mineira, o desfecho n\u00e3o deve se dar no curto prazo. &#8220;O resultado foi importante, mas ainda faltam dois votos e nunca sabemos como termina o julgamento&#8221;, disse o advogado da Ternium, Eduardo Secchi Munhoz, do escrit\u00f3rio Mattos Filho.<\/p>\n<p>Os advogados contratados pela Ternium e Nippon Steel, quase dez para cada lado, lotaram a sala da C\u00e2mara C\u00edvel, que n\u00e3o tinha espa\u00e7o para todos se acomodarem. Primeiro a falar, o advogado Ricardo Tepedino, da Ternium, comparou o caso a uma partida de futebol entre Jap\u00e3o e Argentina. &#8220;Mas nessa partida o Brasil \u00e9 a v\u00edtima. A v\u00edtima \u00e9 a Usiminas, quem padece \u00e9 a Usiminas&#8221;, disse, enfatizando que, nesse per\u00edodo, a sider\u00fargica mineira j\u00e1 perdeu 50% de seu valor. Segundo ele, a Nippon e Paulo Penido, presidente do conselho indicado pela japonesa, quebraram o acordo de acionistas. &#8220;A Nippon quer ganhar poder na Usiminas, n\u00e3o est\u00e1 ligando para valor moral.&#8221;<\/p>\n<p>No ano passado, a Ternium comprou a\u00e7\u00f5es da Previ, fundo de pens\u00e3o do Banco do Brasil, tornando-se o maior acionista da Usiminas. As a\u00e7\u00f5es adquiridas, no entanto, est\u00e3o fora do bloco de controle. O advogado questionou ainda a validade do voto de Penido, e disse que o presidente do conselho possui um contrato com a Nippon, na qual \u00e9 remunerado em &#8220;milh\u00f5es de reais&#8221;.<\/p>\n<p>O advogado da Nippon, Fernando Botelho, defendeu a gest\u00e3o de Romel Erwin de Souza, executivo que hoje ocupa a presid\u00eancia da Usiminas, desde a destitui\u00e7\u00e3o de Eguren e disse que a ele faz uma administra\u00e7\u00e3o &#8220;sem traumas&#8221;. Botelho aproveitou lembrou que a japonesa est\u00e1 na Usiminas desde sua constru\u00e7\u00e3o e que \u00e9 respons\u00e1vel por &#8220;transformar a empresa na maior transformadora de min\u00e9rio em laminados a frio da Am\u00e9rica Latina&#8221;. &#8220;Nos \u00faltimos dois anos houve uma mudan\u00e7a de cultura.&#8221; A Ternium ingressou no capital da Usiminas no fim de 2011 e Eguren assumiu a presid\u00eancia da companhia em janeiro do ano seguinte.<\/p>\n<p>Segundo Botellho, al\u00e9m da Nippon h\u00e1 outros interessados em um desfecho positivo para o caso, j\u00e1 que a companhia tem capital aberto. O advogado apontou ainda que era vedado que Eguren recebesse acr\u00e9scimos em seu sal\u00e1rio sem aprova\u00e7\u00e3o do Conselho.<\/p>\n<p>O segundo advogado Celso Cintra, s\u00f3cio do escrit\u00f3rio Pinheiro Neto, disse que os tr\u00eas executivos destitu\u00eddos se apropriaram de recursos da companhia. &#8220;Se as quantias foram irris\u00f3rias, eu n\u00e3o sei. Mas n\u00e3o se mede desvios morais por valores&#8221;, disse. A Nippon acusa os executivos de terem recebido b\u00f4nus de forma irregular. &#8220;N\u00e3o h\u00e1 d\u00favidas de que houve desvios e que n\u00e3o houve devolu\u00e7\u00e3o&#8221;, disse o advogado. A Ternium refuta.<\/p>\n<p><strong>Tr\u00e2mite<\/strong><\/p>\n<p>O desembargador relator Vicente de Oliveira Silva, que expediu sobre a antecipa\u00e7\u00e3o da tutela, declarou em sua decis\u00e3o em outubro, que o retorno dos executivos poderia gerar instabilidade. A Ternium entrou com a\u00e7\u00e3o na Justi\u00e7a antes mesmo da reuni\u00e3o do conselho que definiu a destitui\u00e7\u00e3o dos executivos no dia 25 de setembro. A companhia argentina ajuizou a\u00e7\u00e3o cautelar, no dia 24 daquele m\u00eas, para tentar impedir as destitui\u00e7\u00f5es. Nesta quarta-feira, 25, o conselho de administra\u00e7\u00e3o da Usiminas tem reuni\u00e3o em S\u00e3o Paulo, para tratar de quest\u00f5es operacionais da companhia. <strong><em>(Ag\u00eancia Estado)<\/em><\/strong><\/p>\n","protected":false},"excerpt":{"rendered":"<p>A disputa societ\u00e1ria envolvendo a argentina Ternium, subsidi\u00e1ria do grupo \u00edtalo-argentino Techint, e a japonesa Nippon, ficou ainda mais tensa. Estava marcado para a ter\u00e7a-feira o julgamento de um recurso da companhia argentina que tinha a inten\u00e7\u00e3o de reconduzir tr\u00eas executivos destitu\u00eddos em setembro &#8211; entre eles o ex-presidente Juli\u00e1n Eguren &#8211; aos seus antigos [&hellip;]<\/p>\n","protected":false},"author":1,"featured_media":41511,"comment_status":"open","ping_status":"closed","sticky":false,"template":"","format":"standard","meta":{"amp_status":"","footnotes":""},"categories":[6],"tags":[35028,35021,35029,35026,16894,35022,35024,35025,35027,35023,16896,6808,35030],"class_list":["post-53826","post","type-post","status-publish","format-standard","has-post-thumbnail","hentry","category-br","tag-celso-cintra","tag-decisao-sobre-executivos-da-usiminas","tag-escritorio-pinheiro-neto","tag-fernando-botelho","tag-julian-eguren","tag-justica-adia-decisao-sobre-executivos-da-usiminas-e-deixa-disputa-ainda-mais-tensa","tag-nippon","tag-nippon-steel","tag-romel-erwin-de-souza","tag-techint","tag-ternium","tag-usiminas","tag-vicente-de-oliveira-silva"],"yoast_head":"<!-- This site is optimized with the Yoast SEO plugin v28.3 - https:\/\/yoast.com\/product\/yoast-seo-wordpress\/ -->\n<title>Justi\u00e7a adia decis\u00e3o sobre executivos da Usiminas e deixa disputa ainda mais tensa - Aconteceu no Vale<\/title>\n<meta name=\"robots\" content=\"index, follow, max-snippet:-1, max-image-preview:large, max-video-preview:-1\" \/>\n<link rel=\"canonical\" href=\"https:\/\/aconteceunovale.com.br\/portal\/?p=53826\" \/>\n<meta property=\"og:locale\" content=\"pt_BR\" \/>\n<meta property=\"og:type\" content=\"article\" \/>\n<meta property=\"og:title\" content=\"Justi\u00e7a adia decis\u00e3o sobre executivos da Usiminas e deixa disputa ainda mais tensa - Aconteceu no Vale\" \/>\n<meta property=\"og:description\" content=\"A disputa societ\u00e1ria envolvendo a argentina Ternium, subsidi\u00e1ria do grupo \u00edtalo-argentino Techint, e a japonesa Nippon, ficou ainda mais tensa. Estava marcado para a ter\u00e7a-feira o julgamento de um recurso da companhia argentina que tinha a inten\u00e7\u00e3o de reconduzir tr\u00eas executivos destitu\u00eddos em setembro &#8211; entre eles o ex-presidente Juli\u00e1n Eguren &#8211; aos seus antigos [&hellip;]\" \/>\n<meta property=\"og:url\" content=\"https:\/\/aconteceunovale.com.br\/portal\/?p=53826\" \/>\n<meta property=\"og:site_name\" content=\"Aconteceu no Vale\" \/>\n<meta property=\"article:publisher\" content=\"https:\/\/www.facebook.com\/aconteceunovale\/\" \/>\n<meta property=\"article:published_time\" content=\"2015-02-25T18:30:27+00:00\" \/>\n<meta property=\"og:image\" content=\"https:\/\/aconteceunovale.com.br\/portal\/wp-content\/uploads\/2014\/10\/usiminas.jpg\" \/>\n\t<meta property=\"og:image:width\" content=\"600\" \/>\n\t<meta property=\"og:image:height\" content=\"450\" \/>\n\t<meta property=\"og:image:type\" content=\"image\/jpeg\" \/>\n<meta name=\"author\" content=\"Aconteceu no Vale\" \/>\n<meta name=\"twitter:card\" content=\"summary_large_image\" \/>\n<meta name=\"twitter:creator\" content=\"@noticiadosvales\" \/>\n<meta name=\"twitter:site\" content=\"@noticiadosvales\" \/>\n<meta name=\"twitter:label1\" content=\"Escrito por\" \/>\n\t<meta name=\"twitter:data1\" content=\"Aconteceu no Vale\" \/>\n\t<meta name=\"twitter:label2\" content=\"Est. tempo de leitura\" \/>\n\t<meta name=\"twitter:data2\" content=\"4 minutos\" \/>\n<script type=\"application\/ld+json\" class=\"yoast-schema-graph\">{\"@context\":\"https:\\\/\\\/schema.org\",\"@graph\":[{\"@type\":\"Article\",\"@id\":\"https:\\\/\\\/aconteceunovale.com.br\\\/portal\\\/?p=53826#article\",\"isPartOf\":{\"@id\":\"https:\\\/\\\/aconteceunovale.com.br\\\/portal\\\/?p=53826\"},\"author\":{\"name\":\"Aconteceu no Vale\",\"@id\":\"https:\\\/\\\/aconteceunovale.com.br\\\/portal\\\/#\\\/schema\\\/person\\\/633529146f2c94272bef50ac2953d589\"},\"headline\":\"Justi\u00e7a adia decis\u00e3o sobre executivos da Usiminas e deixa disputa ainda mais tensa\",\"datePublished\":\"2015-02-25T18:30:27+00:00\",\"mainEntityOfPage\":{\"@id\":\"https:\\\/\\\/aconteceunovale.com.br\\\/portal\\\/?p=53826\"},\"wordCount\":741,\"commentCount\":0,\"image\":{\"@id\":\"https:\\\/\\\/aconteceunovale.com.br\\\/portal\\\/?p=53826#primaryimage\"},\"thumbnailUrl\":\"https:\\\/\\\/aconteceunovale.com.br\\\/portal\\\/wp-content\\\/uploads\\\/2014\\\/10\\\/usiminas.jpg\",\"keywords\":[\"Celso Cintra\",\"decis\u00e3o sobre executivos da Usiminas\",\"escrit\u00f3rio Pinheiro Neto\",\"Fernando Botelho\",\"Juli\u00e1n Eguren\",\"Justi\u00e7a adia decis\u00e3o sobre executivos da Usiminas e deixa disputa ainda mais tensa\",\"Nippon\",\"Nippon Steel\",\"Romel Erwin de Souza\",\"Techint\",\"Ternium\",\"Usiminas\",\"Vicente de Oliveira Silva\"],\"articleSection\":[\"Brasil\"],\"inLanguage\":\"pt-BR\",\"potentialAction\":[{\"@type\":\"CommentAction\",\"name\":\"Comment\",\"target\":[\"https:\\\/\\\/aconteceunovale.com.br\\\/portal\\\/?p=53826#respond\"]}]},{\"@type\":\"WebPage\",\"@id\":\"https:\\\/\\\/aconteceunovale.com.br\\\/portal\\\/?p=53826\",\"url\":\"https:\\\/\\\/aconteceunovale.com.br\\\/portal\\\/?p=53826\",\"name\":\"Justi\u00e7a adia decis\u00e3o sobre executivos da Usiminas e deixa disputa ainda mais tensa - Aconteceu no Vale\",\"isPartOf\":{\"@id\":\"https:\\\/\\\/aconteceunovale.com.br\\\/portal\\\/#website\"},\"primaryImageOfPage\":{\"@id\":\"https:\\\/\\\/aconteceunovale.com.br\\\/portal\\\/?p=53826#primaryimage\"},\"image\":{\"@id\":\"https:\\\/\\\/aconteceunovale.com.br\\\/portal\\\/?p=53826#primaryimage\"},\"thumbnailUrl\":\"https:\\\/\\\/aconteceunovale.com.br\\\/portal\\\/wp-content\\\/uploads\\\/2014\\\/10\\\/usiminas.jpg\",\"datePublished\":\"2015-02-25T18:30:27+00:00\",\"author\":{\"@id\":\"https:\\\/\\\/aconteceunovale.com.br\\\/portal\\\/#\\\/schema\\\/person\\\/633529146f2c94272bef50ac2953d589\"},\"breadcrumb\":{\"@id\":\"https:\\\/\\\/aconteceunovale.com.br\\\/portal\\\/?p=53826#breadcrumb\"},\"inLanguage\":\"pt-BR\",\"potentialAction\":[{\"@type\":\"ReadAction\",\"target\":[\"https:\\\/\\\/aconteceunovale.com.br\\\/portal\\\/?p=53826\"]}]},{\"@type\":\"ImageObject\",\"inLanguage\":\"pt-BR\",\"@id\":\"https:\\\/\\\/aconteceunovale.com.br\\\/portal\\\/?p=53826#primaryimage\",\"url\":\"https:\\\/\\\/aconteceunovale.com.br\\\/portal\\\/wp-content\\\/uploads\\\/2014\\\/10\\\/usiminas.jpg\",\"contentUrl\":\"https:\\\/\\\/aconteceunovale.com.br\\\/portal\\\/wp-content\\\/uploads\\\/2014\\\/10\\\/usiminas.jpg\",\"width\":600,\"height\":450},{\"@type\":\"BreadcrumbList\",\"@id\":\"https:\\\/\\\/aconteceunovale.com.br\\\/portal\\\/?p=53826#breadcrumb\",\"itemListElement\":[{\"@type\":\"ListItem\",\"position\":1,\"name\":\"In\u00edcio\",\"item\":\"https:\\\/\\\/aconteceunovale.com.br\\\/portal\\\/\"},{\"@type\":\"ListItem\",\"position\":2,\"name\":\"Justi\u00e7a adia decis\u00e3o sobre executivos da Usiminas e deixa disputa ainda mais tensa\"}]},{\"@type\":\"WebSite\",\"@id\":\"https:\\\/\\\/aconteceunovale.com.br\\\/portal\\\/#website\",\"url\":\"https:\\\/\\\/aconteceunovale.com.br\\\/portal\\\/\",\"name\":\"Aconteceu no Vale\",\"description\":\"Portal de Not\u00edcias\",\"potentialAction\":[{\"@type\":\"SearchAction\",\"target\":{\"@type\":\"EntryPoint\",\"urlTemplate\":\"https:\\\/\\\/aconteceunovale.com.br\\\/portal\\\/?s={search_term_string}\"},\"query-input\":{\"@type\":\"PropertyValueSpecification\",\"valueRequired\":true,\"valueName\":\"search_term_string\"}}],\"inLanguage\":\"pt-BR\"},{\"@type\":\"Person\",\"@id\":\"https:\\\/\\\/aconteceunovale.com.br\\\/portal\\\/#\\\/schema\\\/person\\\/633529146f2c94272bef50ac2953d589\",\"name\":\"Aconteceu no Vale\",\"description\":\"Equipe de reportagem do Aconteceu no Vale, portal de not\u00edcias do Vale do Jequitinhonha, em Minas Gerais. Cobrimos as 51 cidades do Vale desde 2013. Sugest\u00f5es de pauta e pedidos de corre\u00e7\u00e3o: contato@aconteceunovale.com.br\",\"sameAs\":[\"http:\\\/\\\/www.aconteceunovale.com.br\"],\"url\":\"https:\\\/\\\/aconteceunovale.com.br\\\/portal\\\/?author=1\"}]}<\/script>\n<!-- \/ Yoast SEO plugin. -->","yoast_head_json":{"title":"Justi\u00e7a adia decis\u00e3o sobre executivos da Usiminas e deixa disputa ainda mais tensa - Aconteceu no Vale","robots":{"index":"index","follow":"follow","max-snippet":"max-snippet:-1","max-image-preview":"max-image-preview:large","max-video-preview":"max-video-preview:-1"},"canonical":"https:\/\/aconteceunovale.com.br\/portal\/?p=53826","og_locale":"pt_BR","og_type":"article","og_title":"Justi\u00e7a adia decis\u00e3o sobre executivos da Usiminas e deixa disputa ainda mais tensa - Aconteceu no Vale","og_description":"A disputa societ\u00e1ria envolvendo a argentina Ternium, subsidi\u00e1ria do grupo \u00edtalo-argentino Techint, e a japonesa Nippon, ficou ainda mais tensa. Estava marcado para a ter\u00e7a-feira o julgamento de um recurso da companhia argentina que tinha a inten\u00e7\u00e3o de reconduzir tr\u00eas executivos destitu\u00eddos em setembro &#8211; entre eles o ex-presidente Juli\u00e1n Eguren &#8211; aos seus antigos [&hellip;]","og_url":"https:\/\/aconteceunovale.com.br\/portal\/?p=53826","og_site_name":"Aconteceu no Vale","article_publisher":"https:\/\/www.facebook.com\/aconteceunovale\/","article_published_time":"2015-02-25T18:30:27+00:00","og_image":[{"width":600,"height":450,"url":"https:\/\/aconteceunovale.com.br\/portal\/wp-content\/uploads\/2014\/10\/usiminas.jpg","type":"image\/jpeg"}],"author":"Aconteceu no Vale","twitter_card":"summary_large_image","twitter_creator":"@noticiadosvales","twitter_site":"@noticiadosvales","twitter_misc":{"Escrito por":"Aconteceu no Vale","Est. tempo de leitura":"4 minutos"},"schema":{"@context":"https:\/\/schema.org","@graph":[{"@type":"Article","@id":"https:\/\/aconteceunovale.com.br\/portal\/?p=53826#article","isPartOf":{"@id":"https:\/\/aconteceunovale.com.br\/portal\/?p=53826"},"author":{"name":"Aconteceu no Vale","@id":"https:\/\/aconteceunovale.com.br\/portal\/#\/schema\/person\/633529146f2c94272bef50ac2953d589"},"headline":"Justi\u00e7a adia decis\u00e3o sobre executivos da Usiminas e deixa disputa ainda mais tensa","datePublished":"2015-02-25T18:30:27+00:00","mainEntityOfPage":{"@id":"https:\/\/aconteceunovale.com.br\/portal\/?p=53826"},"wordCount":741,"commentCount":0,"image":{"@id":"https:\/\/aconteceunovale.com.br\/portal\/?p=53826#primaryimage"},"thumbnailUrl":"https:\/\/aconteceunovale.com.br\/portal\/wp-content\/uploads\/2014\/10\/usiminas.jpg","keywords":["Celso Cintra","decis\u00e3o sobre executivos da Usiminas","escrit\u00f3rio Pinheiro Neto","Fernando Botelho","Juli\u00e1n Eguren","Justi\u00e7a adia decis\u00e3o sobre executivos da Usiminas e deixa disputa ainda mais tensa","Nippon","Nippon Steel","Romel Erwin de Souza","Techint","Ternium","Usiminas","Vicente de Oliveira Silva"],"articleSection":["Brasil"],"inLanguage":"pt-BR","potentialAction":[{"@type":"CommentAction","name":"Comment","target":["https:\/\/aconteceunovale.com.br\/portal\/?p=53826#respond"]}]},{"@type":"WebPage","@id":"https:\/\/aconteceunovale.com.br\/portal\/?p=53826","url":"https:\/\/aconteceunovale.com.br\/portal\/?p=53826","name":"Justi\u00e7a adia decis\u00e3o sobre executivos da Usiminas e deixa disputa ainda mais tensa - Aconteceu no Vale","isPartOf":{"@id":"https:\/\/aconteceunovale.com.br\/portal\/#website"},"primaryImageOfPage":{"@id":"https:\/\/aconteceunovale.com.br\/portal\/?p=53826#primaryimage"},"image":{"@id":"https:\/\/aconteceunovale.com.br\/portal\/?p=53826#primaryimage"},"thumbnailUrl":"https:\/\/aconteceunovale.com.br\/portal\/wp-content\/uploads\/2014\/10\/usiminas.jpg","datePublished":"2015-02-25T18:30:27+00:00","author":{"@id":"https:\/\/aconteceunovale.com.br\/portal\/#\/schema\/person\/633529146f2c94272bef50ac2953d589"},"breadcrumb":{"@id":"https:\/\/aconteceunovale.com.br\/portal\/?p=53826#breadcrumb"},"inLanguage":"pt-BR","potentialAction":[{"@type":"ReadAction","target":["https:\/\/aconteceunovale.com.br\/portal\/?p=53826"]}]},{"@type":"ImageObject","inLanguage":"pt-BR","@id":"https:\/\/aconteceunovale.com.br\/portal\/?p=53826#primaryimage","url":"https:\/\/aconteceunovale.com.br\/portal\/wp-content\/uploads\/2014\/10\/usiminas.jpg","contentUrl":"https:\/\/aconteceunovale.com.br\/portal\/wp-content\/uploads\/2014\/10\/usiminas.jpg","width":600,"height":450},{"@type":"BreadcrumbList","@id":"https:\/\/aconteceunovale.com.br\/portal\/?p=53826#breadcrumb","itemListElement":[{"@type":"ListItem","position":1,"name":"In\u00edcio","item":"https:\/\/aconteceunovale.com.br\/portal\/"},{"@type":"ListItem","position":2,"name":"Justi\u00e7a adia decis\u00e3o sobre executivos da Usiminas e deixa disputa ainda mais tensa"}]},{"@type":"WebSite","@id":"https:\/\/aconteceunovale.com.br\/portal\/#website","url":"https:\/\/aconteceunovale.com.br\/portal\/","name":"Aconteceu no Vale","description":"Portal de Not\u00edcias","potentialAction":[{"@type":"SearchAction","target":{"@type":"EntryPoint","urlTemplate":"https:\/\/aconteceunovale.com.br\/portal\/?s={search_term_string}"},"query-input":{"@type":"PropertyValueSpecification","valueRequired":true,"valueName":"search_term_string"}}],"inLanguage":"pt-BR"},{"@type":"Person","@id":"https:\/\/aconteceunovale.com.br\/portal\/#\/schema\/person\/633529146f2c94272bef50ac2953d589","name":"Aconteceu no Vale","description":"Equipe de reportagem do Aconteceu no Vale, portal de not\u00edcias do Vale do Jequitinhonha, em Minas Gerais. Cobrimos as 51 cidades do Vale desde 2013. Sugest\u00f5es de pauta e pedidos de corre\u00e7\u00e3o: contato@aconteceunovale.com.br","sameAs":["http:\/\/www.aconteceunovale.com.br"],"url":"https:\/\/aconteceunovale.com.br\/portal\/?author=1"}]}},"_links":{"self":[{"href":"https:\/\/aconteceunovale.com.br\/portal\/index.php?rest_route=\/wp\/v2\/posts\/53826","targetHints":{"allow":["GET"]}}],"collection":[{"href":"https:\/\/aconteceunovale.com.br\/portal\/index.php?rest_route=\/wp\/v2\/posts"}],"about":[{"href":"https:\/\/aconteceunovale.com.br\/portal\/index.php?rest_route=\/wp\/v2\/types\/post"}],"author":[{"embeddable":true,"href":"https:\/\/aconteceunovale.com.br\/portal\/index.php?rest_route=\/wp\/v2\/users\/1"}],"replies":[{"embeddable":true,"href":"https:\/\/aconteceunovale.com.br\/portal\/index.php?rest_route=%2Fwp%2Fv2%2Fcomments&post=53826"}],"version-history":[{"count":0,"href":"https:\/\/aconteceunovale.com.br\/portal\/index.php?rest_route=\/wp\/v2\/posts\/53826\/revisions"}],"wp:featuredmedia":[{"embeddable":true,"href":"https:\/\/aconteceunovale.com.br\/portal\/index.php?rest_route=\/wp\/v2\/media\/41511"}],"wp:attachment":[{"href":"https:\/\/aconteceunovale.com.br\/portal\/index.php?rest_route=%2Fwp%2Fv2%2Fmedia&parent=53826"}],"wp:term":[{"taxonomy":"category","embeddable":true,"href":"https:\/\/aconteceunovale.com.br\/portal\/index.php?rest_route=%2Fwp%2Fv2%2Fcategories&post=53826"},{"taxonomy":"post_tag","embeddable":true,"href":"https:\/\/aconteceunovale.com.br\/portal\/index.php?rest_route=%2Fwp%2Fv2%2Ftags&post=53826"}],"curies":[{"name":"wp","href":"https:\/\/api.w.org\/{rel}","templated":true}]}}