{"id":53824,"date":"2015-02-25T15:26:10","date_gmt":"2015-02-25T18:26:10","guid":{"rendered":"http:\/\/aconteceunovale.com.br\/portal\/?p=53824"},"modified":"2015-02-25T15:26:10","modified_gmt":"2015-02-25T18:26:10","slug":"dilma-diz-que-governo-nao-tem-como-baixar-o-preco-do-diesel","status":"publish","type":"post","link":"https:\/\/aconteceunovale.com.br\/portal\/?p=53824","title":{"rendered":"Dilma diz que governo n\u00e3o tem como baixar o pre\u00e7o do diesel"},"content":{"rendered":"<h4><strong><em>Presidente defendeu a pol\u00edtica de pre\u00e7os do governo para os combust\u00edveis, que n\u00e3o \u00e9 diretamente vinculado \u00e0 cota\u00e7\u00e3o internacional do petr\u00f3leo.<\/em><\/strong><\/h4>\n<p>A presidente Dilma Rousseff disse nesta quarta-feira que governo n\u00e3o tem como baixar o pre\u00e7o do diesel. A redu\u00e7\u00e3o \u00e9 uma das reivindica\u00e7\u00f5es dos caminhoneiros que bloqueiam rodovias de pelo menos nove estados do pa\u00eds.<\/p>\n<p>\u201cO governo n\u00e3o tem como baixar o pre\u00e7o do diesel\u201d, disse a presidente em entrevista ap\u00f3s participar de cerim\u00f4nia de entrega de casas do programa Minha Casa, Minha Vida em Feira de Santana (BA).<\/p>\n<p>Dilma defendeu a pol\u00edtica de pre\u00e7os do governo para os combust\u00edveis, que n\u00e3o \u00e9 diretamente vinculado \u00e0 cota\u00e7\u00e3o internacional do petr\u00f3leo, e disse que a estrat\u00e9gia ser\u00e1 mantida.<\/p>\n<p>\u201cPassamos 2013 e 2104 sob um conjunto de cr\u00edticas dizendo que governo e a Petrobras tinham que elevar pre\u00e7o [dos combust\u00edveis]. N\u00e3o elevamos, passamos todo o per\u00edodo de US$ 100 a US$ 120 o barril sem mexer significativamente nos pre\u00e7os. E agora tamb\u00e9m n\u00e3o mexemos, o que fizemos foi recompor a Cide [Contribui\u00e7\u00e3o de Interven\u00e7\u00e3o no Dom\u00ednio Econ\u00f4mico] e n\u00e3o elevamos uma v\u00edrgula o pre\u00e7o nem abaixamos. A pol\u00edtica sempre \u00e9 melhor quando ela \u00e9 est\u00e1vel, o que n\u00e3o \u00e9 poss\u00edvel \u00e9 submeter o pa\u00eds \u00e0 pol\u00edtica dos pre\u00e7os do petr\u00f3leo\u201d, argumentou.<\/p>\n<p>O governo tenta negociar o fim da greve dos caminhoneiros. No come\u00e7o da tarde, uma nova rodada de negocia\u00e7\u00e3o entre ministros e representantes dos caminhoneiros e de transportadoras vai ocorrer no Minist\u00e9rio do Trabalho. (Ag\u00eancia Brasil)<\/p>\n","protected":false},"excerpt":{"rendered":"<p>Presidente defendeu a pol\u00edtica de pre\u00e7os do governo para os combust\u00edveis, que n\u00e3o \u00e9 diretamente vinculado \u00e0 cota\u00e7\u00e3o internacional do petr\u00f3leo. A presidente Dilma Rousseff disse nesta quarta-feira que governo n\u00e3o tem como baixar o pre\u00e7o do diesel. A redu\u00e7\u00e3o \u00e9 uma das reivindica\u00e7\u00f5es dos caminhoneiros que bloqueiam rodovias de pelo menos nove estados do [&hellip;]<\/p>\n","protected":false},"author":1,"featured_media":48651,"comment_status":"open","ping_status":"closed","sticky":false,"template":"","format":"standard","meta":{"amp_status":"","footnotes":""},"categories":[6],"tags":[35019,35018,2162,35020],"class_list":["post-53824","post","type-post","status-publish","format-standard","has-post-thumbnail","hentry","category-br","tag-baixar-o-preco-do-diesel","tag-dilma-diz-que-governo-nao-tem-como-baixar-o-preco-do-diesel","tag-dilma-rousseff","tag-preco-do-diesel"],"_links":{"self":[{"href":"https:\/\/aconteceunovale.com.br\/portal\/index.php?rest_route=\/wp\/v2\/posts\/53824","targetHints":{"allow":["GET"]}}],"collection":[{"href":"https:\/\/aconteceunovale.com.br\/portal\/index.php?rest_route=\/wp\/v2\/posts"}],"about":[{"href":"https:\/\/aconteceunovale.com.br\/portal\/index.php?rest_route=\/wp\/v2\/types\/post"}],"author":[{"embeddable":true,"href":"https:\/\/aconteceunovale.com.br\/portal\/index.php?rest_route=\/wp\/v2\/users\/1"}],"replies":[{"embeddable":true,"href":"https:\/\/aconteceunovale.com.br\/portal\/index.php?rest_route=%2Fwp%2Fv2%2Fcomments&post=53824"}],"version-history":[{"count":0,"href":"https:\/\/aconteceunovale.com.br\/portal\/index.php?rest_route=\/wp\/v2\/posts\/53824\/revisions"}],"wp:featuredmedia":[{"embeddable":true,"href":"https:\/\/aconteceunovale.com.br\/portal\/index.php?rest_route=\/wp\/v2\/media\/48651"}],"wp:attachment":[{"href":"https:\/\/aconteceunovale.com.br\/portal\/index.php?rest_route=%2Fwp%2Fv2%2Fmedia&parent=53824"}],"wp:term":[{"taxonomy":"category","embeddable":true,"href":"https:\/\/aconteceunovale.com.br\/portal\/index.php?rest_route=%2Fwp%2Fv2%2Fcategories&post=53824"},{"taxonomy":"post_tag","embeddable":true,"href":"https:\/\/aconteceunovale.com.br\/portal\/index.php?rest_route=%2Fwp%2Fv2%2Ftags&post=53824"}],"curies":[{"name":"wp","href":"https:\/\/api.w.org\/{rel}","templated":true}]}}