{"id":53815,"date":"2015-02-25T15:03:49","date_gmt":"2015-02-25T18:03:49","guid":{"rendered":"http:\/\/aconteceunovale.com.br\/portal\/?p=53815"},"modified":"2015-02-25T15:03:49","modified_gmt":"2015-02-25T18:03:49","slug":"lei-do-municipio-de-unai-que-concede-pensao-a-dependentes-do-prefeito-e-suspensa-pela-justica","status":"publish","type":"post","link":"https:\/\/aconteceunovale.com.br\/portal\/?p=53815","title":{"rendered":"Lei do munic\u00edpio de Una\u00ed que concede pens\u00e3o a dependentes do prefeito \u00e9 suspensa pela Justi\u00e7a"},"content":{"rendered":"<h4><strong><em>Lei instituiu benef\u00edcios previdenci\u00e1rios sem a correspondente fonte de custeio, o que afronta os princ\u00edpios da seguridade social e do car\u00e1ter contributivo.<\/em><\/strong><\/h4>\n<p>O Minist\u00e9rio P\u00fablico de Minas Gerais (MPMG) obteve liminar que suspende a Lei n.\u00ba 2.288, de 26 de abril de 2005, alterada pela Lei n.\u00ba 2.300, de 17 de junho de 2005, de Una\u00ed, que disp\u00f5e sobre a pens\u00e3o especial por invalidez, estabelece normas para sua concess\u00e3o e d\u00e1 outras provid\u00eancias.<\/p>\n<p>De acordo com a a\u00e7\u00e3o, a lei instituiu benef\u00edcios previdenci\u00e1rios sem a correspondente fonte de custeio, o que afronta os princ\u00edpios da seguridade social e do car\u00e1ter contributivo, previstos nos artigos 40, caput, 149, \u00a7 1\u00ba, 194, 195 e 201 da Constitui\u00e7\u00e3o Federal, e art. 264 da Carta Estadual. Para o MPMG, ao permitir o favorecimento de pessoas determinadas em detrimento do interesse p\u00fablico, a lei municipal ofende aos princ\u00edpios constitucionais da impessoalidade, da finalidade, isonomia, razoabilidade e da moralidade.<\/p>\n<p>A Coordenadoria de Controle da Constitucionalidade da institui\u00e7\u00e3o reiterou o pedido liminar sob o entendimento de que a manuten\u00e7\u00e3o da pens\u00e3o especial por invalidez, prevista na lei municipal, vai contra a ordem constitucional vigente e resulta em les\u00e3o \u00e0 ordem jur\u00eddica, bem como ao patrim\u00f4nio municipal. <\/p>\n<p>O Tribunal de Justi\u00e7a de Minas Gerais (TJMG) concedeu a cautelar pleiteada ao fundamento de que, da an\u00e1lise da lei, n\u00e3o se observa a indica\u00e7\u00e3o de fonte de custeio, mas apenas uma fonte gen\u00e9rica, al\u00e9m de n\u00e3o prever o car\u00e1ter contributivo do benef\u00edcio, e que a manuten\u00e7\u00e3o de sua vig\u00eancia durante o julgamento da A\u00e7\u00e3o Direta de Inconstitucionalidade (Adin) poderia gerar preju\u00edzo ao ente p\u00fablico, conforme ac\u00f3rd\u00e3o publicado em 21 de novembro de 2014.<\/p>\n<p><em>(Fonte: Coordenadoria de Controle da Constitucionalidade \/ MPMG)<\/em><\/p>\n","protected":false},"excerpt":{"rendered":"<p>Lei instituiu benef\u00edcios previdenci\u00e1rios sem a correspondente fonte de custeio, o que afronta os princ\u00edpios da seguridade social e do car\u00e1ter contributivo. O Minist\u00e9rio P\u00fablico de Minas Gerais (MPMG) obteve liminar que suspende a Lei n.\u00ba 2.288, de 26 de abril de 2005, alterada pela Lei n.\u00ba 2.300, de 17 de junho de 2005, de [&hellip;]<\/p>\n","protected":false},"author":1,"featured_media":52509,"comment_status":"open","ping_status":"closed","sticky":false,"template":"","format":"standard","meta":{"amp_status":"","footnotes":""},"categories":[123],"tags":[35004,35003,35005,222],"class_list":["post-53815","post","type-post","status-publish","format-standard","has-post-thumbnail","hentry","category-gerais","tag-lei-do-municipio-de-unai-que-concede-pensao-a-dependentes-do-prefeito","tag-lei-do-municipio-de-unai-que-concede-pensao-a-dependentes-do-prefeito-e-suspensa-pela-justica","tag-pensao-para-dependentes-do-prefeito-em-unai","tag-unai"],"yoast_head":"<!-- This site is optimized with the Yoast SEO plugin v28.3 - https:\/\/yoast.com\/product\/yoast-seo-wordpress\/ -->\n<title>Lei do munic\u00edpio de Una\u00ed que concede pens\u00e3o a dependentes do prefeito \u00e9 suspensa pela Justi\u00e7a - Aconteceu no Vale<\/title>\n<meta name=\"robots\" content=\"index, follow, max-snippet:-1, max-image-preview:large, max-video-preview:-1\" \/>\n<link rel=\"canonical\" href=\"https:\/\/aconteceunovale.com.br\/portal\/?p=53815\" \/>\n<meta property=\"og:locale\" content=\"pt_BR\" \/>\n<meta property=\"og:type\" content=\"article\" \/>\n<meta property=\"og:title\" content=\"Lei do munic\u00edpio de Una\u00ed que concede pens\u00e3o a dependentes do prefeito \u00e9 suspensa pela Justi\u00e7a - Aconteceu no Vale\" \/>\n<meta property=\"og:description\" content=\"Lei instituiu benef\u00edcios previdenci\u00e1rios sem a correspondente fonte de custeio, o que afronta os princ\u00edpios da seguridade social e do car\u00e1ter contributivo. O Minist\u00e9rio P\u00fablico de Minas Gerais (MPMG) obteve liminar que suspende a Lei n.\u00ba 2.288, de 26 de abril de 2005, alterada pela Lei n.\u00ba 2.300, de 17 de junho de 2005, de [&hellip;]\" \/>\n<meta property=\"og:url\" content=\"https:\/\/aconteceunovale.com.br\/portal\/?p=53815\" \/>\n<meta property=\"og:site_name\" content=\"Aconteceu no Vale\" \/>\n<meta property=\"article:publisher\" content=\"https:\/\/www.facebook.com\/aconteceunovale\/\" \/>\n<meta property=\"article:published_time\" content=\"2015-02-25T18:03:49+00:00\" \/>\n<meta property=\"og:image\" content=\"https:\/\/aconteceunovale.com.br\/portal\/wp-content\/uploads\/2015\/02\/unai_mg.jpg\" \/>\n\t<meta property=\"og:image:width\" content=\"600\" \/>\n\t<meta property=\"og:image:height\" content=\"450\" \/>\n\t<meta property=\"og:image:type\" content=\"image\/jpeg\" \/>\n<meta name=\"author\" content=\"Aconteceu no Vale\" \/>\n<meta name=\"twitter:card\" content=\"summary_large_image\" \/>\n<meta name=\"twitter:creator\" content=\"@noticiadosvales\" \/>\n<meta name=\"twitter:site\" content=\"@noticiadosvales\" \/>\n<meta name=\"twitter:label1\" content=\"Escrito por\" \/>\n\t<meta name=\"twitter:data1\" content=\"Aconteceu no Vale\" \/>\n\t<meta name=\"twitter:label2\" content=\"Est. tempo de leitura\" \/>\n\t<meta name=\"twitter:data2\" content=\"2 minutos\" \/>\n<script type=\"application\/ld+json\" class=\"yoast-schema-graph\">{\"@context\":\"https:\\\/\\\/schema.org\",\"@graph\":[{\"@type\":\"Article\",\"@id\":\"https:\\\/\\\/aconteceunovale.com.br\\\/portal\\\/?p=53815#article\",\"isPartOf\":{\"@id\":\"https:\\\/\\\/aconteceunovale.com.br\\\/portal\\\/?p=53815\"},\"author\":{\"name\":\"Aconteceu no Vale\",\"@id\":\"https:\\\/\\\/aconteceunovale.com.br\\\/portal\\\/#\\\/schema\\\/person\\\/633529146f2c94272bef50ac2953d589\"},\"headline\":\"Lei do munic\u00edpio de Una\u00ed que concede pens\u00e3o a dependentes do prefeito \u00e9 suspensa pela Justi\u00e7a\",\"datePublished\":\"2015-02-25T18:03:49+00:00\",\"mainEntityOfPage\":{\"@id\":\"https:\\\/\\\/aconteceunovale.com.br\\\/portal\\\/?p=53815\"},\"wordCount\":321,\"commentCount\":0,\"image\":{\"@id\":\"https:\\\/\\\/aconteceunovale.com.br\\\/portal\\\/?p=53815#primaryimage\"},\"thumbnailUrl\":\"https:\\\/\\\/aconteceunovale.com.br\\\/portal\\\/wp-content\\\/uploads\\\/2015\\\/02\\\/unai_mg.jpg\",\"keywords\":[\"Lei do munic\u00edpio de Una\u00ed que concede pens\u00e3o a dependentes do prefeito\",\"Lei do munic\u00edpio de Una\u00ed que concede pens\u00e3o a dependentes do prefeito \u00e9 suspensa pela Justi\u00e7a\",\"pens\u00e3o para dependentes do prefeito em Una\u00ed\",\"Una\u00ed\"],\"articleSection\":[\"Minas Gerais\"],\"inLanguage\":\"pt-BR\",\"potentialAction\":[{\"@type\":\"CommentAction\",\"name\":\"Comment\",\"target\":[\"https:\\\/\\\/aconteceunovale.com.br\\\/portal\\\/?p=53815#respond\"]}]},{\"@type\":\"WebPage\",\"@id\":\"https:\\\/\\\/aconteceunovale.com.br\\\/portal\\\/?p=53815\",\"url\":\"https:\\\/\\\/aconteceunovale.com.br\\\/portal\\\/?p=53815\",\"name\":\"Lei do munic\u00edpio de Una\u00ed que concede pens\u00e3o a dependentes do prefeito \u00e9 suspensa pela Justi\u00e7a - Aconteceu no Vale\",\"isPartOf\":{\"@id\":\"https:\\\/\\\/aconteceunovale.com.br\\\/portal\\\/#website\"},\"primaryImageOfPage\":{\"@id\":\"https:\\\/\\\/aconteceunovale.com.br\\\/portal\\\/?p=53815#primaryimage\"},\"image\":{\"@id\":\"https:\\\/\\\/aconteceunovale.com.br\\\/portal\\\/?p=53815#primaryimage\"},\"thumbnailUrl\":\"https:\\\/\\\/aconteceunovale.com.br\\\/portal\\\/wp-content\\\/uploads\\\/2015\\\/02\\\/unai_mg.jpg\",\"datePublished\":\"2015-02-25T18:03:49+00:00\",\"author\":{\"@id\":\"https:\\\/\\\/aconteceunovale.com.br\\\/portal\\\/#\\\/schema\\\/person\\\/633529146f2c94272bef50ac2953d589\"},\"breadcrumb\":{\"@id\":\"https:\\\/\\\/aconteceunovale.com.br\\\/portal\\\/?p=53815#breadcrumb\"},\"inLanguage\":\"pt-BR\",\"potentialAction\":[{\"@type\":\"ReadAction\",\"target\":[\"https:\\\/\\\/aconteceunovale.com.br\\\/portal\\\/?p=53815\"]}]},{\"@type\":\"ImageObject\",\"inLanguage\":\"pt-BR\",\"@id\":\"https:\\\/\\\/aconteceunovale.com.br\\\/portal\\\/?p=53815#primaryimage\",\"url\":\"https:\\\/\\\/aconteceunovale.com.br\\\/portal\\\/wp-content\\\/uploads\\\/2015\\\/02\\\/unai_mg.jpg\",\"contentUrl\":\"https:\\\/\\\/aconteceunovale.com.br\\\/portal\\\/wp-content\\\/uploads\\\/2015\\\/02\\\/unai_mg.jpg\",\"width\":600,\"height\":450},{\"@type\":\"BreadcrumbList\",\"@id\":\"https:\\\/\\\/aconteceunovale.com.br\\\/portal\\\/?p=53815#breadcrumb\",\"itemListElement\":[{\"@type\":\"ListItem\",\"position\":1,\"name\":\"In\u00edcio\",\"item\":\"https:\\\/\\\/aconteceunovale.com.br\\\/portal\\\/\"},{\"@type\":\"ListItem\",\"position\":2,\"name\":\"Lei do munic\u00edpio de Una\u00ed que concede pens\u00e3o a dependentes do prefeito \u00e9 suspensa pela Justi\u00e7a\"}]},{\"@type\":\"WebSite\",\"@id\":\"https:\\\/\\\/aconteceunovale.com.br\\\/portal\\\/#website\",\"url\":\"https:\\\/\\\/aconteceunovale.com.br\\\/portal\\\/\",\"name\":\"Aconteceu no Vale\",\"description\":\"Portal de Not\u00edcias\",\"potentialAction\":[{\"@type\":\"SearchAction\",\"target\":{\"@type\":\"EntryPoint\",\"urlTemplate\":\"https:\\\/\\\/aconteceunovale.com.br\\\/portal\\\/?s={search_term_string}\"},\"query-input\":{\"@type\":\"PropertyValueSpecification\",\"valueRequired\":true,\"valueName\":\"search_term_string\"}}],\"inLanguage\":\"pt-BR\"},{\"@type\":\"Person\",\"@id\":\"https:\\\/\\\/aconteceunovale.com.br\\\/portal\\\/#\\\/schema\\\/person\\\/633529146f2c94272bef50ac2953d589\",\"name\":\"Aconteceu no Vale\",\"description\":\"Equipe de reportagem do Aconteceu no Vale, portal de not\u00edcias do Vale do Jequitinhonha, em Minas Gerais. Cobrimos as 51 cidades do Vale desde 2013. Sugest\u00f5es de pauta e pedidos de corre\u00e7\u00e3o: contato@aconteceunovale.com.br\",\"sameAs\":[\"http:\\\/\\\/www.aconteceunovale.com.br\"],\"url\":\"https:\\\/\\\/aconteceunovale.com.br\\\/portal\\\/?author=1\"}]}<\/script>\n<!-- \/ Yoast SEO plugin. -->","yoast_head_json":{"title":"Lei do munic\u00edpio de Una\u00ed que concede pens\u00e3o a dependentes do prefeito \u00e9 suspensa pela Justi\u00e7a - Aconteceu no Vale","robots":{"index":"index","follow":"follow","max-snippet":"max-snippet:-1","max-image-preview":"max-image-preview:large","max-video-preview":"max-video-preview:-1"},"canonical":"https:\/\/aconteceunovale.com.br\/portal\/?p=53815","og_locale":"pt_BR","og_type":"article","og_title":"Lei do munic\u00edpio de Una\u00ed que concede pens\u00e3o a dependentes do prefeito \u00e9 suspensa pela Justi\u00e7a - Aconteceu no Vale","og_description":"Lei instituiu benef\u00edcios previdenci\u00e1rios sem a correspondente fonte de custeio, o que afronta os princ\u00edpios da seguridade social e do car\u00e1ter contributivo. O Minist\u00e9rio P\u00fablico de Minas Gerais (MPMG) obteve liminar que suspende a Lei n.\u00ba 2.288, de 26 de abril de 2005, alterada pela Lei n.\u00ba 2.300, de 17 de junho de 2005, de [&hellip;]","og_url":"https:\/\/aconteceunovale.com.br\/portal\/?p=53815","og_site_name":"Aconteceu no Vale","article_publisher":"https:\/\/www.facebook.com\/aconteceunovale\/","article_published_time":"2015-02-25T18:03:49+00:00","og_image":[{"width":600,"height":450,"url":"https:\/\/aconteceunovale.com.br\/portal\/wp-content\/uploads\/2015\/02\/unai_mg.jpg","type":"image\/jpeg"}],"author":"Aconteceu no Vale","twitter_card":"summary_large_image","twitter_creator":"@noticiadosvales","twitter_site":"@noticiadosvales","twitter_misc":{"Escrito por":"Aconteceu no Vale","Est. tempo de leitura":"2 minutos"},"schema":{"@context":"https:\/\/schema.org","@graph":[{"@type":"Article","@id":"https:\/\/aconteceunovale.com.br\/portal\/?p=53815#article","isPartOf":{"@id":"https:\/\/aconteceunovale.com.br\/portal\/?p=53815"},"author":{"name":"Aconteceu no Vale","@id":"https:\/\/aconteceunovale.com.br\/portal\/#\/schema\/person\/633529146f2c94272bef50ac2953d589"},"headline":"Lei do munic\u00edpio de Una\u00ed que concede pens\u00e3o a dependentes do prefeito \u00e9 suspensa pela Justi\u00e7a","datePublished":"2015-02-25T18:03:49+00:00","mainEntityOfPage":{"@id":"https:\/\/aconteceunovale.com.br\/portal\/?p=53815"},"wordCount":321,"commentCount":0,"image":{"@id":"https:\/\/aconteceunovale.com.br\/portal\/?p=53815#primaryimage"},"thumbnailUrl":"https:\/\/aconteceunovale.com.br\/portal\/wp-content\/uploads\/2015\/02\/unai_mg.jpg","keywords":["Lei do munic\u00edpio de Una\u00ed que concede pens\u00e3o a dependentes do prefeito","Lei do munic\u00edpio de Una\u00ed que concede pens\u00e3o a dependentes do prefeito \u00e9 suspensa pela Justi\u00e7a","pens\u00e3o para dependentes do prefeito em Una\u00ed","Una\u00ed"],"articleSection":["Minas Gerais"],"inLanguage":"pt-BR","potentialAction":[{"@type":"CommentAction","name":"Comment","target":["https:\/\/aconteceunovale.com.br\/portal\/?p=53815#respond"]}]},{"@type":"WebPage","@id":"https:\/\/aconteceunovale.com.br\/portal\/?p=53815","url":"https:\/\/aconteceunovale.com.br\/portal\/?p=53815","name":"Lei do munic\u00edpio de Una\u00ed que concede pens\u00e3o a dependentes do prefeito \u00e9 suspensa pela Justi\u00e7a - Aconteceu no Vale","isPartOf":{"@id":"https:\/\/aconteceunovale.com.br\/portal\/#website"},"primaryImageOfPage":{"@id":"https:\/\/aconteceunovale.com.br\/portal\/?p=53815#primaryimage"},"image":{"@id":"https:\/\/aconteceunovale.com.br\/portal\/?p=53815#primaryimage"},"thumbnailUrl":"https:\/\/aconteceunovale.com.br\/portal\/wp-content\/uploads\/2015\/02\/unai_mg.jpg","datePublished":"2015-02-25T18:03:49+00:00","author":{"@id":"https:\/\/aconteceunovale.com.br\/portal\/#\/schema\/person\/633529146f2c94272bef50ac2953d589"},"breadcrumb":{"@id":"https:\/\/aconteceunovale.com.br\/portal\/?p=53815#breadcrumb"},"inLanguage":"pt-BR","potentialAction":[{"@type":"ReadAction","target":["https:\/\/aconteceunovale.com.br\/portal\/?p=53815"]}]},{"@type":"ImageObject","inLanguage":"pt-BR","@id":"https:\/\/aconteceunovale.com.br\/portal\/?p=53815#primaryimage","url":"https:\/\/aconteceunovale.com.br\/portal\/wp-content\/uploads\/2015\/02\/unai_mg.jpg","contentUrl":"https:\/\/aconteceunovale.com.br\/portal\/wp-content\/uploads\/2015\/02\/unai_mg.jpg","width":600,"height":450},{"@type":"BreadcrumbList","@id":"https:\/\/aconteceunovale.com.br\/portal\/?p=53815#breadcrumb","itemListElement":[{"@type":"ListItem","position":1,"name":"In\u00edcio","item":"https:\/\/aconteceunovale.com.br\/portal\/"},{"@type":"ListItem","position":2,"name":"Lei do munic\u00edpio de Una\u00ed que concede pens\u00e3o a dependentes do prefeito \u00e9 suspensa pela Justi\u00e7a"}]},{"@type":"WebSite","@id":"https:\/\/aconteceunovale.com.br\/portal\/#website","url":"https:\/\/aconteceunovale.com.br\/portal\/","name":"Aconteceu no Vale","description":"Portal de Not\u00edcias","potentialAction":[{"@type":"SearchAction","target":{"@type":"EntryPoint","urlTemplate":"https:\/\/aconteceunovale.com.br\/portal\/?s={search_term_string}"},"query-input":{"@type":"PropertyValueSpecification","valueRequired":true,"valueName":"search_term_string"}}],"inLanguage":"pt-BR"},{"@type":"Person","@id":"https:\/\/aconteceunovale.com.br\/portal\/#\/schema\/person\/633529146f2c94272bef50ac2953d589","name":"Aconteceu no Vale","description":"Equipe de reportagem do Aconteceu no Vale, portal de not\u00edcias do Vale do Jequitinhonha, em Minas Gerais. Cobrimos as 51 cidades do Vale desde 2013. Sugest\u00f5es de pauta e pedidos de corre\u00e7\u00e3o: contato@aconteceunovale.com.br","sameAs":["http:\/\/www.aconteceunovale.com.br"],"url":"https:\/\/aconteceunovale.com.br\/portal\/?author=1"}]}},"_links":{"self":[{"href":"https:\/\/aconteceunovale.com.br\/portal\/index.php?rest_route=\/wp\/v2\/posts\/53815","targetHints":{"allow":["GET"]}}],"collection":[{"href":"https:\/\/aconteceunovale.com.br\/portal\/index.php?rest_route=\/wp\/v2\/posts"}],"about":[{"href":"https:\/\/aconteceunovale.com.br\/portal\/index.php?rest_route=\/wp\/v2\/types\/post"}],"author":[{"embeddable":true,"href":"https:\/\/aconteceunovale.com.br\/portal\/index.php?rest_route=\/wp\/v2\/users\/1"}],"replies":[{"embeddable":true,"href":"https:\/\/aconteceunovale.com.br\/portal\/index.php?rest_route=%2Fwp%2Fv2%2Fcomments&post=53815"}],"version-history":[{"count":0,"href":"https:\/\/aconteceunovale.com.br\/portal\/index.php?rest_route=\/wp\/v2\/posts\/53815\/revisions"}],"wp:featuredmedia":[{"embeddable":true,"href":"https:\/\/aconteceunovale.com.br\/portal\/index.php?rest_route=\/wp\/v2\/media\/52509"}],"wp:attachment":[{"href":"https:\/\/aconteceunovale.com.br\/portal\/index.php?rest_route=%2Fwp%2Fv2%2Fmedia&parent=53815"}],"wp:term":[{"taxonomy":"category","embeddable":true,"href":"https:\/\/aconteceunovale.com.br\/portal\/index.php?rest_route=%2Fwp%2Fv2%2Fcategories&post=53815"},{"taxonomy":"post_tag","embeddable":true,"href":"https:\/\/aconteceunovale.com.br\/portal\/index.php?rest_route=%2Fwp%2Fv2%2Ftags&post=53815"}],"curies":[{"name":"wp","href":"https:\/\/api.w.org\/{rel}","templated":true}]}}