{"id":53807,"date":"2015-02-25T14:30:04","date_gmt":"2015-02-25T17:30:04","guid":{"rendered":"http:\/\/aconteceunovale.com.br\/portal\/?p=53807"},"modified":"2026-09-02T12:54:12","modified_gmt":"2026-09-02T15:54:12","slug":"alunos-de-diamantina-aprendem-a-conservar-escultura-do-seculo-18-com-quebra-cabeca","status":"publish","type":"post","link":"https:\/\/aconteceunovale.com.br\/portal\/?p=53807","title":{"rendered":"Alunos de Diamantina aprendem a conservar escultura do s\u00e9culo 18 com quebra-cabe\u00e7a"},"content":{"rendered":"<h4><strong><em>Quebra-cabe\u00e7a mostra a imagem de Santana Mestra, escultura do s\u00e9culo 18 em madeira policromada, que foi restaurada no ano passado e ganhou um programa de educa\u00e7\u00e3o patrimonial para conscientizar a comunidade sobre a import\u00e2ncia da preserva\u00e7\u00e3o<\/em><\/strong><\/h4>\n<p>O distrito de Mendanha, em Diamantina, banhado pelo Rio Jequitinhonha, guarda joias art\u00edsticas t\u00e3o preciosas quanto os diamantes que fizeram a fama da regi\u00e3o e a fortuna de mineradores desde os tempos coloniais. Entre os tesouros est\u00e1 a imagem de Santana Mestra, escultura do s\u00e9culo 18 em madeira policromada, que foi restaurada no ano passado e ganhou um programa de educa\u00e7\u00e3o patrimonial para conscientizar a comunidade sobre a import\u00e2ncia da preserva\u00e7\u00e3o. A partir da pr\u00f3xima semana, alunos da escola local v\u00e3o aprender, de forma l\u00fadica e criativa, um jeito novo de zelar pelo bem: um quebra-cabe\u00e7a da pe\u00e7a acompanhado de orienta\u00e7\u00f5es sobre o que \u00e9 permitido e n\u00e3o permitido para manter a integridade da imagem. \u201cTrata-se de um plano de salvaguarda, seguindo as diretrizes do Instituto Estadual do Patrim\u00f4nio Hist\u00f3rico e Art\u00edstico de Minas Gerais (Iepha-MG)\u201d, informa o secret\u00e1rio de Cultura, Turismo e Patrim\u00f4nio de Diamantina, Walter Cardoso Fran\u00e7a J\u00fanior.<\/p>\n<p>Idealizado pela Diretoria de Patrim\u00f4nio da secretaria, o trabalho faz parte do projeto Educar, dirigido aos estudantes da rede municipal. A proposta \u00e9 estender o formato de quebra-cabe\u00e7a aos demais monumentos de Diamantina, que comemorou, em dezembro, 15 anos de reconhecimento como Patrim\u00f4nio da Humanidade, t\u00edtulo concedido pela Organiza\u00e7\u00e3o das Na\u00e7\u00f5es Unidas para a Educa\u00e7\u00e3o, Ci\u00eancia e Cultura (Unesco).<\/p>\n<p>\u201cDesde o ano passado, quando a imagem foi entregue \u00e0 comunidade de Mendanha, os estudantes participam de palestras, oficinas e outras atividades. Agora, ter\u00e3o mais esta ferramenta\u201d, diz a diretora de Patrim\u00f4nio, M\u00e1rcia Dayrell Fran\u00e7a Botelho. A pe\u00e7a tem 75cm de altura e 35cm de largura, \u00e9 tombada pelo munic\u00edpio e pertence \u00e0 Igreja de Nossa Senhora das Merc\u00eas.<\/p>\n<p>As informa\u00e7\u00f5es sobre a conserva\u00e7\u00e3o e as pe\u00e7as do quebra-cabe\u00e7a est\u00e3o em um disco de papel, que lembra um desses de vinil, e tem tiragem de 2 mil exemplares \u2013 os recursos para a confec\u00e7\u00e3o prov\u00eam do Fundo Municipal de Preserva\u00e7\u00e3o do Patrim\u00f4nio Cultural. Em cada disco h\u00e1 duas partes coloridas da imagem, o que obrigar\u00e1 o estudante a verificar v\u00e1rios outros para concluir sua tarefa. Satisfeito com o resultado, o secret\u00e1rio Walter lembra: \u201cTodos somos respons\u00e1veis pela preserva\u00e7\u00e3o do patrim\u00f4nio cultural de nossa comunidade e devemos ser seus guardi\u00f5es para entreg\u00e1-lo \u00e0s futuras gera\u00e7\u00f5es\u201d.<\/p>\n<p><img decoding=\"async\" src=\"http:\/\/aconteceunovale.com.br\/portal\/wp-content\/uploads\/2015\/02\/escultura_dtna.jpg\" alt=\"\" \/><em>Quebra-cabe\u00e7a mostra a imagem de Santana Mestra, escultura do s\u00e9culo 18 em madeira policromada, que foi restaurada no ano passado e ganhou um programa de educa\u00e7\u00e3o patrimonial para conscientizar a comunidade sobre a import\u00e2ncia da preserva\u00e7\u00e3o &#8211; Foto: Divulga\u00e7\u00e3o<\/em><br \/>\n<\/br><\/p>\n<h4><strong>Etapas<\/strong><\/h4>\n<p>Nesta sexta-feira, a equipe de patrim\u00f4nio se reunir\u00e1 com a dire\u00e7\u00e3o da Escola Municipal Professora Ana C\u00e9lia de Oliveira Souza, em Mendanha, localizada a 30 quil\u00f4metros da sede, para falar sobre as pr\u00f3ximas etapas do programa de educa\u00e7\u00e3o patrimonial e apresentar a novidade. A professora de hist\u00f3ria da institui\u00e7\u00e3o, Sheila Fernandes, est\u00e1 entusiasmada com as a\u00e7\u00f5es desenvolvidas pelos alunos (entre 12 e 13 anos de idade) do oitavo e nono anos.<\/p>\n<p>\u201c\u00c9 preciso conhecimento e consci\u00eancia para preservar os bens culturais. O melhor \u00e9 que, com estas diretrizes, a turma vai aprender brincando\u201d, analisa a professora. Sheila lembra ainda que muitas crian\u00e7as e adolescentes pouco sabem da realidade em que vivem. \u201c\u00c0s vezes, est\u00e3o num lugar cheio de hist\u00f3rias, mas n\u00e3o valorizam o conjunto, da\u00ed a import\u00e2ncia dos programas de educa\u00e7\u00e3o patrimonial \u201d, afirma.<\/p>\n<p>No carnaval, quem esteve em Diamantina p\u00f4de ver outra faceta do projeto Educar, fruto do interesse dos estudantes. Para evitar estragos, a Catedral Metropolitana, as igrejas do Bonfim e do Amparo e o Museu dos Diamantes fora protegidos por tapumes com desenhos e pinturas feitos a partir de tarefas em sala de aula. As turmas visitaram a \u00e1rea tombada e depois recriaram casar\u00f5es, igrejas e outros locais de destaque em quadros. Na sequ\u00eancia, os trabalhos foram ampliados e apresentados aos foli\u00f5es.<\/p>\n<p><strong>Como conservar a imagem<\/strong><br \/>\n&#8211; Orienta\u00e7\u00f5es para manuten\u00e7\u00e3o dE pe\u00e7as sacras<\/p>\n<p><strong>\u00c9 permitido<\/strong><br \/>\n&#8211; Orientar a comunidade e interessados a zelarem pela conserva\u00e7\u00e3o do patrim\u00f4nio hist\u00f3rico e cultural<br \/>\n&#8211; Usar luvas todas as vezes em que manusear a imagem<br \/>\n&#8211; Usar trinchas e pinc\u00e9is com cerdas macias para higieniza\u00e7\u00e3o da pe\u00e7a<br \/>\n&#8211; Evitar contato f\u00edsico e toque<br \/>\n&#8211; Evitar fotografias e filmagens com flash \u2013 a exposi\u00e7\u00e3o frequente da luz danifica o douramento e a pintura. As fotos, nesse caso, devem ser feitas apenas a t\u00edtulo de registro do servi\u00e7o de conserva\u00e7\u00e3o e restaura\u00e7\u00e3o<br \/>\n&#8211; Abrir diariamente portas e janelas para ventila\u00e7\u00e3o do ambiente<br \/>\n&#8211; Observar constantemente se h\u00e1 sinal de excrementos de insetos, principalmente, cupins, no local de guarda da imagem (nicho do ret\u00e1bulo ou orat\u00f3rio)<br \/>\n&#8211; Observar tamb\u00e9m se a imagem apresenta descolamento da policromia (cores e tinta). Se for constatado, procurar o Conselho Municipal de Preserva\u00e7\u00e3o do Patrim\u00f4nio Cultural<br \/>\n&#8211; Se poss\u00edvel, evitar usar a imagem em prociss\u00f5es, protegendo-a dos desgastes na policromia, danos ao suporte e at\u00e9 queda do andor<\/p>\n<p><strong>N\u00e3o \u00e9 permitido<\/strong><br \/>\n&#8211; Usar pano \u00famido e produtos de limpeza na imagem<br \/>\n&#8211; Limpar a imagem usando \u00e1gua<br \/>\n&#8211; Acender velas sobre o ret\u00e1bulo e perto da imagem \u2013 h\u00e1 risco de inc\u00eandio e os respingos de cera danificam o douramento e a pintura<br \/>\n&#8211; Fazer interven\u00e7\u00f5es sem autoriza\u00e7\u00e3o do Conselho Municipal de Preserva\u00e7\u00e3o do Patrim\u00f4nio Cultural<br \/>\n&#8211; Deslocamento da imagem do acervo \u2013 isso pode ocorrer somente com aprova\u00e7\u00e3o do comunidade, da Mitra Arquidiocesana e do Conselho Municipal<br \/>\n&#8211; Trocar a imagem de lugar com frequ\u00eancia<\/p>\n<p><em>(Fonte: Diretoria de Patrim\u00f4nio\/Secretaria de Cultura, Turismo e Patrim\u00f4nio de Diamantina \/ Jornal Estado de Minas)<\/em><\/p>\n","protected":false},"excerpt":{"rendered":"<p>Quebra-cabe\u00e7a mostra a imagem de Santana Mestra, escultura do s\u00e9culo 18 em madeira policromada, que foi restaurada no ano passado e ganhou um programa de educa\u00e7\u00e3o patrimonial para conscientizar a comunidade sobre a import\u00e2ncia da preserva\u00e7\u00e3o O distrito de Mendanha, em Diamantina, banhado pelo Rio Jequitinhonha, guarda joias art\u00edsticas t\u00e3o preciosas quanto os diamantes que [&hellip;]<\/p>\n","protected":false},"author":1,"featured_media":53808,"comment_status":"open","ping_status":"closed","sticky":false,"template":"","format":"standard","meta":{"amp_status":"","footnotes":""},"categories":[272543,120],"tags":[34991,198,34988,34990,34989,28801],"class_list":["post-53807","post","type-post","status-publish","format-standard","has-post-thumbnail","hentry","category-diamantina","category-jequi","tag-alunos-de-diamantina-aprendem-a-conservar-escultura-do-seculo-18-com-quebra-cabeca","tag-diamantina","tag-distrito-de-mendanha","tag-marcia-dayrell-franca-botelho","tag-mendanha","tag-walter-cardoso-franca-junior"],"yoast_head":"<!-- This site is optimized with the Yoast SEO plugin v28.3 - https:\/\/yoast.com\/product\/yoast-seo-wordpress\/ -->\n<title>Alunos de Diamantina aprendem a conservar escultura do s\u00e9culo 18 com quebra-cabe\u00e7a - Aconteceu no Vale<\/title>\n<meta name=\"robots\" content=\"index, follow, max-snippet:-1, max-image-preview:large, max-video-preview:-1\" \/>\n<link rel=\"canonical\" href=\"https:\/\/aconteceunovale.com.br\/portal\/?p=53807\" \/>\n<meta property=\"og:locale\" content=\"pt_BR\" \/>\n<meta property=\"og:type\" content=\"article\" \/>\n<meta property=\"og:title\" content=\"Alunos de Diamantina aprendem a conservar escultura do s\u00e9culo 18 com quebra-cabe\u00e7a - Aconteceu no Vale\" \/>\n<meta property=\"og:description\" content=\"Quebra-cabe\u00e7a mostra a imagem de Santana Mestra, escultura do s\u00e9culo 18 em madeira policromada, que foi restaurada no ano passado e ganhou um programa de educa\u00e7\u00e3o patrimonial para conscientizar a comunidade sobre a import\u00e2ncia da preserva\u00e7\u00e3o O distrito de Mendanha, em Diamantina, banhado pelo Rio Jequitinhonha, guarda joias art\u00edsticas t\u00e3o preciosas quanto os diamantes que [&hellip;]\" \/>\n<meta property=\"og:url\" content=\"https:\/\/aconteceunovale.com.br\/portal\/?p=53807\" \/>\n<meta property=\"og:site_name\" content=\"Aconteceu no Vale\" \/>\n<meta property=\"article:publisher\" content=\"https:\/\/www.facebook.com\/aconteceunovale\/\" \/>\n<meta property=\"article:published_time\" content=\"2015-02-25T17:30:04+00:00\" \/>\n<meta property=\"article:modified_time\" content=\"2026-09-02T15:54:12+00:00\" \/>\n<meta property=\"og:image\" content=\"https:\/\/aconteceunovale.com.br\/portal\/wp-content\/uploads\/2015\/02\/escultura_dtna.jpg\" \/>\n\t<meta property=\"og:image:width\" content=\"678\" \/>\n\t<meta property=\"og:image:height\" content=\"440\" \/>\n\t<meta property=\"og:image:type\" content=\"image\/jpeg\" \/>\n<meta name=\"author\" content=\"Aconteceu no Vale\" \/>\n<meta name=\"twitter:card\" content=\"summary_large_image\" \/>\n<meta name=\"twitter:creator\" content=\"@noticiadosvales\" \/>\n<meta name=\"twitter:site\" content=\"@noticiadosvales\" \/>\n<meta name=\"twitter:label1\" content=\"Escrito por\" \/>\n\t<meta name=\"twitter:data1\" content=\"Aconteceu no Vale\" \/>\n\t<meta name=\"twitter:label2\" content=\"Est. tempo de leitura\" \/>\n\t<meta name=\"twitter:data2\" content=\"5 minutos\" \/>\n<script type=\"application\/ld+json\" class=\"yoast-schema-graph\">{\"@context\":\"https:\\\/\\\/schema.org\",\"@graph\":[{\"@type\":\"Article\",\"@id\":\"https:\\\/\\\/aconteceunovale.com.br\\\/portal\\\/?p=53807#article\",\"isPartOf\":{\"@id\":\"https:\\\/\\\/aconteceunovale.com.br\\\/portal\\\/?p=53807\"},\"author\":{\"name\":\"Aconteceu no Vale\",\"@id\":\"https:\\\/\\\/aconteceunovale.com.br\\\/portal\\\/#\\\/schema\\\/person\\\/633529146f2c94272bef50ac2953d589\"},\"headline\":\"Alunos de Diamantina aprendem a conservar escultura do s\u00e9culo 18 com quebra-cabe\u00e7a\",\"datePublished\":\"2015-02-25T17:30:04+00:00\",\"dateModified\":\"2026-09-02T15:54:12+00:00\",\"mainEntityOfPage\":{\"@id\":\"https:\\\/\\\/aconteceunovale.com.br\\\/portal\\\/?p=53807\"},\"wordCount\":1041,\"commentCount\":0,\"image\":{\"@id\":\"https:\\\/\\\/aconteceunovale.com.br\\\/portal\\\/?p=53807#primaryimage\"},\"thumbnailUrl\":\"https:\\\/\\\/aconteceunovale.com.br\\\/portal\\\/wp-content\\\/uploads\\\/2015\\\/02\\\/escultura_dtna.jpg\",\"keywords\":[\"Alunos de Diamantina aprendem a conservar escultura do s\u00e9culo 18 com quebra-cabe\u00e7a\",\"Diamantina\",\"distrito de Mendanha\",\"M\u00e1rcia Dayrell Fran\u00e7a Botelho\",\"Mendanha\",\"Walter Cardoso Fran\u00e7a J\u00fanior\"],\"articleSection\":[\"Diamantina\",\"Vale do Jequitinhonha\"],\"inLanguage\":\"pt-BR\",\"potentialAction\":[{\"@type\":\"CommentAction\",\"name\":\"Comment\",\"target\":[\"https:\\\/\\\/aconteceunovale.com.br\\\/portal\\\/?p=53807#respond\"]}]},{\"@type\":\"WebPage\",\"@id\":\"https:\\\/\\\/aconteceunovale.com.br\\\/portal\\\/?p=53807\",\"url\":\"https:\\\/\\\/aconteceunovale.com.br\\\/portal\\\/?p=53807\",\"name\":\"Alunos de Diamantina aprendem a conservar escultura do s\u00e9culo 18 com quebra-cabe\u00e7a - Aconteceu no Vale\",\"isPartOf\":{\"@id\":\"https:\\\/\\\/aconteceunovale.com.br\\\/portal\\\/#website\"},\"primaryImageOfPage\":{\"@id\":\"https:\\\/\\\/aconteceunovale.com.br\\\/portal\\\/?p=53807#primaryimage\"},\"image\":{\"@id\":\"https:\\\/\\\/aconteceunovale.com.br\\\/portal\\\/?p=53807#primaryimage\"},\"thumbnailUrl\":\"https:\\\/\\\/aconteceunovale.com.br\\\/portal\\\/wp-content\\\/uploads\\\/2015\\\/02\\\/escultura_dtna.jpg\",\"datePublished\":\"2015-02-25T17:30:04+00:00\",\"dateModified\":\"2026-09-02T15:54:12+00:00\",\"author\":{\"@id\":\"https:\\\/\\\/aconteceunovale.com.br\\\/portal\\\/#\\\/schema\\\/person\\\/633529146f2c94272bef50ac2953d589\"},\"breadcrumb\":{\"@id\":\"https:\\\/\\\/aconteceunovale.com.br\\\/portal\\\/?p=53807#breadcrumb\"},\"inLanguage\":\"pt-BR\",\"potentialAction\":[{\"@type\":\"ReadAction\",\"target\":[\"https:\\\/\\\/aconteceunovale.com.br\\\/portal\\\/?p=53807\"]}]},{\"@type\":\"ImageObject\",\"inLanguage\":\"pt-BR\",\"@id\":\"https:\\\/\\\/aconteceunovale.com.br\\\/portal\\\/?p=53807#primaryimage\",\"url\":\"https:\\\/\\\/aconteceunovale.com.br\\\/portal\\\/wp-content\\\/uploads\\\/2015\\\/02\\\/escultura_dtna.jpg\",\"contentUrl\":\"https:\\\/\\\/aconteceunovale.com.br\\\/portal\\\/wp-content\\\/uploads\\\/2015\\\/02\\\/escultura_dtna.jpg\",\"width\":678,\"height\":440},{\"@type\":\"BreadcrumbList\",\"@id\":\"https:\\\/\\\/aconteceunovale.com.br\\\/portal\\\/?p=53807#breadcrumb\",\"itemListElement\":[{\"@type\":\"ListItem\",\"position\":1,\"name\":\"In\u00edcio\",\"item\":\"https:\\\/\\\/aconteceunovale.com.br\\\/portal\\\/\"},{\"@type\":\"ListItem\",\"position\":2,\"name\":\"Alunos de Diamantina aprendem a conservar escultura do s\u00e9culo 18 com quebra-cabe\u00e7a\"}]},{\"@type\":\"WebSite\",\"@id\":\"https:\\\/\\\/aconteceunovale.com.br\\\/portal\\\/#website\",\"url\":\"https:\\\/\\\/aconteceunovale.com.br\\\/portal\\\/\",\"name\":\"Aconteceu no Vale\",\"description\":\"Portal de Not\u00edcias\",\"potentialAction\":[{\"@type\":\"SearchAction\",\"target\":{\"@type\":\"EntryPoint\",\"urlTemplate\":\"https:\\\/\\\/aconteceunovale.com.br\\\/portal\\\/?s={search_term_string}\"},\"query-input\":{\"@type\":\"PropertyValueSpecification\",\"valueRequired\":true,\"valueName\":\"search_term_string\"}}],\"inLanguage\":\"pt-BR\"},{\"@type\":\"Person\",\"@id\":\"https:\\\/\\\/aconteceunovale.com.br\\\/portal\\\/#\\\/schema\\\/person\\\/633529146f2c94272bef50ac2953d589\",\"name\":\"Aconteceu no Vale\",\"description\":\"Equipe de reportagem do Aconteceu no Vale, portal de not\u00edcias do Vale do Jequitinhonha, em Minas Gerais. Cobrimos as 51 cidades do Vale desde 2013. Sugest\u00f5es de pauta e pedidos de corre\u00e7\u00e3o: contato@aconteceunovale.com.br\",\"sameAs\":[\"http:\\\/\\\/www.aconteceunovale.com.br\"],\"url\":\"https:\\\/\\\/aconteceunovale.com.br\\\/portal\\\/?author=1\"}]}<\/script>\n<!-- \/ Yoast SEO plugin. -->","yoast_head_json":{"title":"Alunos de Diamantina aprendem a conservar escultura do s\u00e9culo 18 com quebra-cabe\u00e7a - Aconteceu no Vale","robots":{"index":"index","follow":"follow","max-snippet":"max-snippet:-1","max-image-preview":"max-image-preview:large","max-video-preview":"max-video-preview:-1"},"canonical":"https:\/\/aconteceunovale.com.br\/portal\/?p=53807","og_locale":"pt_BR","og_type":"article","og_title":"Alunos de Diamantina aprendem a conservar escultura do s\u00e9culo 18 com quebra-cabe\u00e7a - Aconteceu no Vale","og_description":"Quebra-cabe\u00e7a mostra a imagem de Santana Mestra, escultura do s\u00e9culo 18 em madeira policromada, que foi restaurada no ano passado e ganhou um programa de educa\u00e7\u00e3o patrimonial para conscientizar a comunidade sobre a import\u00e2ncia da preserva\u00e7\u00e3o O distrito de Mendanha, em Diamantina, banhado pelo Rio Jequitinhonha, guarda joias art\u00edsticas t\u00e3o preciosas quanto os diamantes que [&hellip;]","og_url":"https:\/\/aconteceunovale.com.br\/portal\/?p=53807","og_site_name":"Aconteceu no Vale","article_publisher":"https:\/\/www.facebook.com\/aconteceunovale\/","article_published_time":"2015-02-25T17:30:04+00:00","article_modified_time":"2026-09-02T15:54:12+00:00","og_image":[{"width":678,"height":440,"url":"https:\/\/aconteceunovale.com.br\/portal\/wp-content\/uploads\/2015\/02\/escultura_dtna.jpg","type":"image\/jpeg"}],"author":"Aconteceu no Vale","twitter_card":"summary_large_image","twitter_creator":"@noticiadosvales","twitter_site":"@noticiadosvales","twitter_misc":{"Escrito por":"Aconteceu no Vale","Est. tempo de leitura":"5 minutos"},"schema":{"@context":"https:\/\/schema.org","@graph":[{"@type":"Article","@id":"https:\/\/aconteceunovale.com.br\/portal\/?p=53807#article","isPartOf":{"@id":"https:\/\/aconteceunovale.com.br\/portal\/?p=53807"},"author":{"name":"Aconteceu no Vale","@id":"https:\/\/aconteceunovale.com.br\/portal\/#\/schema\/person\/633529146f2c94272bef50ac2953d589"},"headline":"Alunos de Diamantina aprendem a conservar escultura do s\u00e9culo 18 com quebra-cabe\u00e7a","datePublished":"2015-02-25T17:30:04+00:00","dateModified":"2026-09-02T15:54:12+00:00","mainEntityOfPage":{"@id":"https:\/\/aconteceunovale.com.br\/portal\/?p=53807"},"wordCount":1041,"commentCount":0,"image":{"@id":"https:\/\/aconteceunovale.com.br\/portal\/?p=53807#primaryimage"},"thumbnailUrl":"https:\/\/aconteceunovale.com.br\/portal\/wp-content\/uploads\/2015\/02\/escultura_dtna.jpg","keywords":["Alunos de Diamantina aprendem a conservar escultura do s\u00e9culo 18 com quebra-cabe\u00e7a","Diamantina","distrito de Mendanha","M\u00e1rcia Dayrell Fran\u00e7a Botelho","Mendanha","Walter Cardoso Fran\u00e7a J\u00fanior"],"articleSection":["Diamantina","Vale do Jequitinhonha"],"inLanguage":"pt-BR","potentialAction":[{"@type":"CommentAction","name":"Comment","target":["https:\/\/aconteceunovale.com.br\/portal\/?p=53807#respond"]}]},{"@type":"WebPage","@id":"https:\/\/aconteceunovale.com.br\/portal\/?p=53807","url":"https:\/\/aconteceunovale.com.br\/portal\/?p=53807","name":"Alunos de Diamantina aprendem a conservar escultura do s\u00e9culo 18 com quebra-cabe\u00e7a - Aconteceu no Vale","isPartOf":{"@id":"https:\/\/aconteceunovale.com.br\/portal\/#website"},"primaryImageOfPage":{"@id":"https:\/\/aconteceunovale.com.br\/portal\/?p=53807#primaryimage"},"image":{"@id":"https:\/\/aconteceunovale.com.br\/portal\/?p=53807#primaryimage"},"thumbnailUrl":"https:\/\/aconteceunovale.com.br\/portal\/wp-content\/uploads\/2015\/02\/escultura_dtna.jpg","datePublished":"2015-02-25T17:30:04+00:00","dateModified":"2026-09-02T15:54:12+00:00","author":{"@id":"https:\/\/aconteceunovale.com.br\/portal\/#\/schema\/person\/633529146f2c94272bef50ac2953d589"},"breadcrumb":{"@id":"https:\/\/aconteceunovale.com.br\/portal\/?p=53807#breadcrumb"},"inLanguage":"pt-BR","potentialAction":[{"@type":"ReadAction","target":["https:\/\/aconteceunovale.com.br\/portal\/?p=53807"]}]},{"@type":"ImageObject","inLanguage":"pt-BR","@id":"https:\/\/aconteceunovale.com.br\/portal\/?p=53807#primaryimage","url":"https:\/\/aconteceunovale.com.br\/portal\/wp-content\/uploads\/2015\/02\/escultura_dtna.jpg","contentUrl":"https:\/\/aconteceunovale.com.br\/portal\/wp-content\/uploads\/2015\/02\/escultura_dtna.jpg","width":678,"height":440},{"@type":"BreadcrumbList","@id":"https:\/\/aconteceunovale.com.br\/portal\/?p=53807#breadcrumb","itemListElement":[{"@type":"ListItem","position":1,"name":"In\u00edcio","item":"https:\/\/aconteceunovale.com.br\/portal\/"},{"@type":"ListItem","position":2,"name":"Alunos de Diamantina aprendem a conservar escultura do s\u00e9culo 18 com quebra-cabe\u00e7a"}]},{"@type":"WebSite","@id":"https:\/\/aconteceunovale.com.br\/portal\/#website","url":"https:\/\/aconteceunovale.com.br\/portal\/","name":"Aconteceu no Vale","description":"Portal de Not\u00edcias","potentialAction":[{"@type":"SearchAction","target":{"@type":"EntryPoint","urlTemplate":"https:\/\/aconteceunovale.com.br\/portal\/?s={search_term_string}"},"query-input":{"@type":"PropertyValueSpecification","valueRequired":true,"valueName":"search_term_string"}}],"inLanguage":"pt-BR"},{"@type":"Person","@id":"https:\/\/aconteceunovale.com.br\/portal\/#\/schema\/person\/633529146f2c94272bef50ac2953d589","name":"Aconteceu no Vale","description":"Equipe de reportagem do Aconteceu no Vale, portal de not\u00edcias do Vale do Jequitinhonha, em Minas Gerais. Cobrimos as 51 cidades do Vale desde 2013. Sugest\u00f5es de pauta e pedidos de corre\u00e7\u00e3o: contato@aconteceunovale.com.br","sameAs":["http:\/\/www.aconteceunovale.com.br"],"url":"https:\/\/aconteceunovale.com.br\/portal\/?author=1"}]}},"_links":{"self":[{"href":"https:\/\/aconteceunovale.com.br\/portal\/index.php?rest_route=\/wp\/v2\/posts\/53807","targetHints":{"allow":["GET"]}}],"collection":[{"href":"https:\/\/aconteceunovale.com.br\/portal\/index.php?rest_route=\/wp\/v2\/posts"}],"about":[{"href":"https:\/\/aconteceunovale.com.br\/portal\/index.php?rest_route=\/wp\/v2\/types\/post"}],"author":[{"embeddable":true,"href":"https:\/\/aconteceunovale.com.br\/portal\/index.php?rest_route=\/wp\/v2\/users\/1"}],"replies":[{"embeddable":true,"href":"https:\/\/aconteceunovale.com.br\/portal\/index.php?rest_route=%2Fwp%2Fv2%2Fcomments&post=53807"}],"version-history":[{"count":1,"href":"https:\/\/aconteceunovale.com.br\/portal\/index.php?rest_route=\/wp\/v2\/posts\/53807\/revisions"}],"predecessor-version":[{"id":200526,"href":"https:\/\/aconteceunovale.com.br\/portal\/index.php?rest_route=\/wp\/v2\/posts\/53807\/revisions\/200526"}],"wp:featuredmedia":[{"embeddable":true,"href":"https:\/\/aconteceunovale.com.br\/portal\/index.php?rest_route=\/wp\/v2\/media\/53808"}],"wp:attachment":[{"href":"https:\/\/aconteceunovale.com.br\/portal\/index.php?rest_route=%2Fwp%2Fv2%2Fmedia&parent=53807"}],"wp:term":[{"taxonomy":"category","embeddable":true,"href":"https:\/\/aconteceunovale.com.br\/portal\/index.php?rest_route=%2Fwp%2Fv2%2Fcategories&post=53807"},{"taxonomy":"post_tag","embeddable":true,"href":"https:\/\/aconteceunovale.com.br\/portal\/index.php?rest_route=%2Fwp%2Fv2%2Ftags&post=53807"}],"curies":[{"name":"wp","href":"https:\/\/api.w.org\/{rel}","templated":true}]}}