{"id":53802,"date":"2015-02-25T14:09:55","date_gmt":"2015-02-25T17:09:55","guid":{"rendered":"http:\/\/aconteceunovale.com.br\/portal\/?p=53802"},"modified":"2015-02-25T14:09:55","modified_gmt":"2015-02-25T17:09:55","slug":"presos-colocam-fogo-em-colchoes-e-seis-ficam-feridos-em-governador-valadares","status":"publish","type":"post","link":"https:\/\/aconteceunovale.com.br\/portal\/?p=53802","title":{"rendered":"Presos colocam fogo em colch\u00f5es e seis ficam feridos em Governador Valadares"},"content":{"rendered":"<h4><strong><em>Os presos s\u00e3o da cela 8, bloco B, e foram socorridos por agentes penitenci\u00e1rios.<\/em><\/strong><\/h4>\n<p>Pelo menos seis presos da cadeia p\u00fablica de Governador Valadares, no Leste do Estado, sofreram queimaduras depois que um colega de cela ateou fogo no pr\u00f3prio colch\u00e3o, na manh\u00e3 desta quarta-feira (25). As chamas se alastraram no compartimento, ferindo outros detentos.<\/p>\n<p>Os presos s\u00e3o da cela 8, bloco B, e foram socorridos por agentes penitenci\u00e1rios. O Corpo de Bombeiros e o Servi\u00e7o de Atendimento M\u00f3vel de Urg\u00eancia (Samu) tamb\u00e9m foram acionados e chegaram junto com v\u00e1rios parentes dos presidi\u00e1rios, que se aglomeraram na portaria na unidade prisional em busca de not\u00edcias.<\/p>\n<p>Segundo uma dona de casa, que h\u00e1 oito meses acompanha o marido na pris\u00e3o, as celas est\u00e3o superlotadas, falta ventila\u00e7\u00e3o, a \u00e1gua \u00e9 quente e a comida servida \u00e9 de m\u00e1 qualidade e quase sempre estragada.<\/p>\n<p>Os presos, segundo uma outra mulher que buscava informa\u00e7\u00f5es do irm\u00e3o, tamb\u00e9m pedem revis\u00e3o dos processos e de transfer\u00eancia. &#8220;S\u00e3o tratados como bichos e fizeram isso para chamar aten\u00e7\u00e3o das autoridades&#8221;, diz. Ela acredita que o n\u00famero de feridos \u00e9 maior que o anunciado pelos agentes.<\/p>\n<p>Por meio de nota, a Subsecretaria de Administra\u00e7\u00e3o Prisional (Suapi) informou que a confus\u00e3o come\u00e7ou por volta das 9 horas ap\u00f3s alguns detentos colocarem fogo nos colch\u00f5es. Seis presos tiveram queimaduras e, destes, dois foram encaminhados para o Pronto-Socorro da cidade para atendimento.<\/p>\n<p>&#8220;A dire\u00e7\u00e3o-geral do Pres\u00eddio acionou a Policia Militar para lavrar o Boletim de Ocorr\u00eancia e as investiga\u00e7\u00f5es ficar\u00e3o a cargo da Pol\u00edcia Civil. A unidade tamb\u00e9m instaurou um Procedimento Interno para apurar as circunst\u00e2ncias do ocorrido e avaliar poss\u00edveis danos ao patrim\u00f4nio&#8221;, informou a Suapi.  <\/p>\n<p><img decoding=\"async\" src=\"http:\/\/aconteceunovale.com.br\/portal\/wp-content\/uploads\/2015\/02\/fogo_na_cadeia_gv.jpg\" alt=\"\" \/><em>Os presos s\u00e3o da cela 8 e foram socorridos por agentes penitenci\u00e1rios &#8211; Foto: Internauta\/WhatsApp<\/em><br \/>\n<\/br><\/p>\n<p><strong><em>(Fonte: Hoje em Dia)<\/em><\/strong><\/p>\n","protected":false},"excerpt":{"rendered":"<p>Os presos s\u00e3o da cela 8, bloco B, e foram socorridos por agentes penitenci\u00e1rios. Pelo menos seis presos da cadeia p\u00fablica de Governador Valadares, no Leste do Estado, sofreram queimaduras depois que um colega de cela ateou fogo no pr\u00f3prio colch\u00e3o, na manh\u00e3 desta quarta-feira (25). As chamas se alastraram no compartimento, ferindo outros detentos. [&hellip;]<\/p>\n","protected":false},"author":1,"featured_media":53803,"comment_status":"open","ping_status":"closed","sticky":false,"template":"","format":"standard","meta":{"amp_status":"","footnotes":""},"categories":[121],"tags":[34983,34981,247,34980,34979,34982],"class_list":["post-53802","post","type-post","status-publish","format-standard","has-post-thumbnail","hentry","category-leste","tag-cadeia-publica-de-governador-valadares","tag-fogo-na-cadeia-de-governador-valadares","tag-governador-valadares","tag-incendio-na-cadeia-de-governador-valadares","tag-presos-colocam-fogo-em-colchoes-e-seis-ficam-feridos-em-governador-valadares","tag-rebeliao-na-cadeia-de-governador-valadares"],"_links":{"self":[{"href":"https:\/\/aconteceunovale.com.br\/portal\/index.php?rest_route=\/wp\/v2\/posts\/53802","targetHints":{"allow":["GET"]}}],"collection":[{"href":"https:\/\/aconteceunovale.com.br\/portal\/index.php?rest_route=\/wp\/v2\/posts"}],"about":[{"href":"https:\/\/aconteceunovale.com.br\/portal\/index.php?rest_route=\/wp\/v2\/types\/post"}],"author":[{"embeddable":true,"href":"https:\/\/aconteceunovale.com.br\/portal\/index.php?rest_route=\/wp\/v2\/users\/1"}],"replies":[{"embeddable":true,"href":"https:\/\/aconteceunovale.com.br\/portal\/index.php?rest_route=%2Fwp%2Fv2%2Fcomments&post=53802"}],"version-history":[{"count":0,"href":"https:\/\/aconteceunovale.com.br\/portal\/index.php?rest_route=\/wp\/v2\/posts\/53802\/revisions"}],"wp:featuredmedia":[{"embeddable":true,"href":"https:\/\/aconteceunovale.com.br\/portal\/index.php?rest_route=\/wp\/v2\/media\/53803"}],"wp:attachment":[{"href":"https:\/\/aconteceunovale.com.br\/portal\/index.php?rest_route=%2Fwp%2Fv2%2Fmedia&parent=53802"}],"wp:term":[{"taxonomy":"category","embeddable":true,"href":"https:\/\/aconteceunovale.com.br\/portal\/index.php?rest_route=%2Fwp%2Fv2%2Fcategories&post=53802"},{"taxonomy":"post_tag","embeddable":true,"href":"https:\/\/aconteceunovale.com.br\/portal\/index.php?rest_route=%2Fwp%2Fv2%2Ftags&post=53802"}],"curies":[{"name":"wp","href":"https:\/\/api.w.org\/{rel}","templated":true}]}}