{"id":53799,"date":"2015-02-25T14:04:11","date_gmt":"2015-02-25T17:04:11","guid":{"rendered":"http:\/\/aconteceunovale.com.br\/portal\/?p=53799"},"modified":"2015-02-25T14:18:43","modified_gmt":"2015-02-25T17:18:43","slug":"tres-pessoas-morrem-e-varias-ficam-feridas-apos-onibus-cair-em-ribanceira-na-br-381","status":"publish","type":"post","link":"https:\/\/aconteceunovale.com.br\/portal\/?p=53799","title":{"rendered":"Tr\u00eas pessoas morrem e v\u00e1rias ficam feridas ap\u00f3s \u00f4nibus cair em ribanceira na BR-381"},"content":{"rendered":"<h4><strong><em>Acidente aconteceu no munic\u00edpio de S\u00e3o Sebasti\u00e3o da Bela Vista, no Sul de Minas Gerais.<\/em><\/strong><\/h4>\n<p>Um grave acidente na madrugada desta quarta-feira (25) deixou tr\u00eas pessoas mortas e 31 feridas na BR-381, na altura de S\u00e3o Sebasti\u00e3o da Bela Vista, no Sul de Minas. A trag\u00e9dia aconteceu depois do tombamento de um \u00f4nibus de viagem. Entre os feridos, tr\u00eas est\u00e3o em estado grave.<\/p>\n<p>De acordo com informa\u00e7\u00f5es da Pol\u00edcia Rodovi\u00e1ria Federal de Pouso Alegre, que atende o trecho, o acidente aconteceu na altura do KM 838, por volta das 4h. O ve\u00edculo, que \u00e9 da empresa Cometa, fazia a linha Belo Horizonte \/ S\u00e3o Paulo.<\/p>\n<p>&#8220;Por algum motivo, que ainda n\u00e3o foi esclarecido, o motorista perdeu o controle da dire\u00e7\u00e3o, saiu da pista e caiu em uma ribanceira de quatro metros de altura. N\u00e3o chovia na rodovia no momento do acidente&#8221;, explicou o inspetor \u00c9der Junior, que esteve no local. <\/p>\n<p><img decoding=\"async\" src=\"http:\/\/aconteceunovale.com.br\/portal\/wp-content\/uploads\/2015\/02\/acidente_onibus_381_25_2_1.jpg\" alt=\"\" \/><em>Ve\u00edculo saiu da pista na altura do km 838, tombou e caiu em uma ribanceira &#8211; Foto: PRF\/Divulga\u00e7\u00e3o<\/em><br \/>\n<\/br><\/p>\n<p>As v\u00edtimas, que ainda n\u00e3o tiveram os nomes e idades revelados, foram socorridas e encaminhadas ao Hospital Samuel Lib\u00e2nio, em Pouso Alegre, e para o pronto-socorro de Varginha, na mesma regi\u00e3o. Segundo a institui\u00e7\u00e3o, entre as v\u00edtimas est\u00e3o v\u00e1rias crian\u00e7as. No entanto, o estado de sa\u00fade dos passageiros ainda n\u00e3o foram divulgados.<\/p>\n<p>&#8220;O motorista Paulo S\u00e9rgio Peixote de Oliveira, e os passageiros, Jos\u00e9 Geraldo Tomaz, de 51 anos, e Ant\u00f4nia Maria da Costa, de 63, morreram na hora. Ap\u00f3s os trabalhos da per\u00edcia, os corpos devem ser encaminhados ao Instituto M\u00e9dico Legal (IML) de Pouso Alegre&#8221;, explicou o policial.<\/p>\n<p>Os feridos foram socorridos pelo Grupamento dos Bombeiros do Pelot\u00e3o de Pouso Alegre e do 9\u00ba Batalh\u00e3o, de Varginha. Ao todo, seis viaturas e 17 militares foram empenhados na ocorr\u00eancia.<\/p>\n<p>Segundo a Autopista, concession\u00e1ria que administra a via, a faixa da esquerda e o acostamento no sentido S\u00e3o Paulo est\u00e3o interditados. O congestionamento j\u00e1 passa de um quil\u00f4metro.<\/p>\n<p><strong>Estado de sa\u00fade das v\u00edtimas<\/strong><\/p>\n<p>De acordo com a assessoria de imprensa do Hospital Samuel Lib\u00e2nia, 15 feridos deram entrada na institui\u00e7\u00e3o, sendo tr\u00eas com ferimentos graves. Ainda n\u00e3o h\u00e1 informa\u00e7\u00f5es das v\u00edtimas que foram para o hospital de Varginha.<\/p>\n<p><strong><em>(O Tempo)<\/em><\/strong><\/p>\n","protected":false},"excerpt":{"rendered":"<p>Acidente aconteceu no munic\u00edpio de S\u00e3o Sebasti\u00e3o da Bela Vista, no Sul de Minas Gerais. Um grave acidente na madrugada desta quarta-feira (25) deixou tr\u00eas pessoas mortas e 31 feridas na BR-381, na altura de S\u00e3o Sebasti\u00e3o da Bela Vista, no Sul de Minas. A trag\u00e9dia aconteceu depois do tombamento de um \u00f4nibus de viagem. [&hellip;]<\/p>\n","protected":false},"author":1,"featured_media":53800,"comment_status":"open","ping_status":"closed","sticky":false,"template":"","format":"standard","meta":{"amp_status":"","footnotes":""},"categories":[123],"tags":[34984,34975,34987,395,34986,34977,34985,34974,34978,34976],"class_list":["post-53799","post","type-post","status-publish","format-standard","has-post-thumbnail","hentry","category-gerais","tag-acidente-com-onibus-da-cometa-que-seguia-de-belo-horizonte-para-sao-paulo","tag-acidente-com-onibus-da-viacao-cometa","tag-antonia-maria-da-costa","tag-cometa","tag-jose-geraldo-tomaz","tag-onibus-da-viacao-cometa","tag-paulo-sergio-peixote-de-oliveira","tag-sao-sebastiao-da-bela-vista","tag-tres-pessoas-morrem-e-varias-ficam-feridas-apos-onibus-cair-em-ribanceira-na-br-381","tag-viacao-cometa"],"_links":{"self":[{"href":"https:\/\/aconteceunovale.com.br\/portal\/index.php?rest_route=\/wp\/v2\/posts\/53799","targetHints":{"allow":["GET"]}}],"collection":[{"href":"https:\/\/aconteceunovale.com.br\/portal\/index.php?rest_route=\/wp\/v2\/posts"}],"about":[{"href":"https:\/\/aconteceunovale.com.br\/portal\/index.php?rest_route=\/wp\/v2\/types\/post"}],"author":[{"embeddable":true,"href":"https:\/\/aconteceunovale.com.br\/portal\/index.php?rest_route=\/wp\/v2\/users\/1"}],"replies":[{"embeddable":true,"href":"https:\/\/aconteceunovale.com.br\/portal\/index.php?rest_route=%2Fwp%2Fv2%2Fcomments&post=53799"}],"version-history":[{"count":0,"href":"https:\/\/aconteceunovale.com.br\/portal\/index.php?rest_route=\/wp\/v2\/posts\/53799\/revisions"}],"wp:featuredmedia":[{"embeddable":true,"href":"https:\/\/aconteceunovale.com.br\/portal\/index.php?rest_route=\/wp\/v2\/media\/53800"}],"wp:attachment":[{"href":"https:\/\/aconteceunovale.com.br\/portal\/index.php?rest_route=%2Fwp%2Fv2%2Fmedia&parent=53799"}],"wp:term":[{"taxonomy":"category","embeddable":true,"href":"https:\/\/aconteceunovale.com.br\/portal\/index.php?rest_route=%2Fwp%2Fv2%2Fcategories&post=53799"},{"taxonomy":"post_tag","embeddable":true,"href":"https:\/\/aconteceunovale.com.br\/portal\/index.php?rest_route=%2Fwp%2Fv2%2Ftags&post=53799"}],"curies":[{"name":"wp","href":"https:\/\/api.w.org\/{rel}","templated":true}]}}