{"id":53785,"date":"2015-02-25T13:29:19","date_gmt":"2015-02-25T16:29:19","guid":{"rendered":"http:\/\/aconteceunovale.com.br\/portal\/?p=53785"},"modified":"2015-02-25T13:29:19","modified_gmt":"2015-02-25T16:29:19","slug":"acoes-preparam-minas-para-enfrentar-os-efeitos-das-mudancas-climaticas-previstos-para-2030","status":"publish","type":"post","link":"https:\/\/aconteceunovale.com.br\/portal\/?p=53785","title":{"rendered":"A\u00e7\u00f5es preparam Minas para enfrentar os efeitos das mudan\u00e7as clim\u00e1ticas previstos para 2030"},"content":{"rendered":"<h4><strong><em>Medidas foram definidas ap\u00f3s a realiza\u00e7\u00e3o de encontros que envolveram setores do Governo e a sociedade mineira. Iniciativas foram divididas em seis grandes grupos<\/em><\/strong><\/h4>\n<p>O Plano de Energia e Mudan\u00e7as Clim\u00e1ticas (PEMC) de Minas Gerais, elaborado pela Secretaria de Estado de Meio Ambiente, por meio da Funda\u00e7\u00e3o Estadual de Meio Ambiente (Feam), prev\u00ea a execu\u00e7\u00e3o de 64 a\u00e7\u00f5es para enfrentar os efeitos agressivos do clima. As medidas, muitas delas j\u00e1 em andamento, foram subdivididas em seis grandes grupos (Energia, Agricultura, Florestas e outros Usos do Solo, Transportes, Ind\u00fastria e Res\u00edduos). Se aplicadas, elas v\u00e3o garantir uma redu\u00e7\u00e3o de 17% a 20% das emiss\u00f5es dos gases de efeito estufa at\u00e9 2030.<\/p>\n<p>Caso as a\u00e7\u00f5es propostas n\u00e3o sejam executadas, estimativas do PEMC indicam um crescimento de cerca de 60% nas emiss\u00f5es e que os impactos decorrentes das mudan\u00e7as clim\u00e1ticas para a economia estadual podem alcan\u00e7ar preju\u00edzo de cerca de R$ 450 bilh\u00f5es. As a\u00e7\u00f5es tornam-se ainda mais relevantes se considerar que a temperatura no territ\u00f3rio mineiro deve crescer entre 2\u00b0C e 4\u00b0C no per\u00edodo at\u00e9 2030, variando conforme a regi\u00e3o e a esta\u00e7\u00e3o do ano.<\/p>\n<p>\u201cAs a\u00e7\u00f5es visam reduzir as emiss\u00f5es que causam o aquecimento global, adaptar o Estado aos efeitos da mudan\u00e7a do clima, como, por exemplo, as secas prolongadas e as enchentes frequentes em diferentes regi\u00f5es\u201d, esclarece a analista de Energia e Mudan\u00e7as Clim\u00e1ticas da Feam, Cibele Mally de Souza.<\/p>\n<p><center><img decoding=\"async\" src=\"http:\/\/aconteceunovale.com.br\/portal\/wp-content\/uploads\/2015\/02\/minas_se_prepara_2030_1.jpg\" alt=\"\" \/><\/center><br \/>\n<\/br><\/p>\n<p>Ainda de acordo com a analista, as a\u00e7\u00f5es buscam incentivar o desenvolvimento econ\u00f4mico com menor uso de recursos naturais e com maior efici\u00eancia, al\u00e9m de sensibilizar e articular setores do Governo e da sociedade em geral. \u201cOs objetivos s\u00e3o promover o desenvolvimento sustent\u00e1vel, garantir a qualidade e quantidade de recursos naturais e a sa\u00fade humana\u201d, frisa Cibele.<\/p>\n<p>Para definir quais as a\u00e7\u00f5es seriam executadas, primeiro foi feito um diagn\u00f3stico da situa\u00e7\u00e3o clim\u00e1tica em Minas, com base na vulnerabilidade \u00e0s mudan\u00e7as clim\u00e1ticas, invent\u00e1rio de emiss\u00f5es de gases de efeito estufa, potencial de energias renov\u00e1veis e de efici\u00eancia energ\u00e9tica. Numa segunda etapa, foram feitas as proje\u00e7\u00f5es de poss\u00edveis cen\u00e1rios para o ano de 2030 caso nenhuma medida fosse tomada.<\/p>\n<p>Em seguida, foram discutidas as a\u00e7\u00f5es dentro de processos participativos, que envolveram v\u00e1rios \u00f3rg\u00e3os do Governo de Minas e a participa\u00e7\u00e3o de toda a sociedade mineira. \u201cAgora, vamos execut\u00e1-las&#8221;, salienta Cibele.<\/p>\n<p>Conhe\u00e7a, abaixo, algumas das principais a\u00e7\u00f5es propostas pelo PEMC para Minas mitigar e se adaptar \u00e0s mudan\u00e7as clim\u00e1ticas. Para conhecer mais detalhes do PEMC, bem como todas as medidas propostas, <a href=\"http:\/\/www.agenciaminas.mg.gov.br\/media\/uploads\/2015\/02\/13\/pemc_sumario-executivo_11-02-15.pdf\" target=\"_blank\">clique aqui<\/a>.<\/p>\n<p><strong>Agropecu\u00e1ria<\/strong><\/p>\n<p>Destaca-se o Programa Estadual de Recupera\u00e7\u00e3o de Pastagens Degradadas, que visa revigorar campos a partir da agricultura e da pecu\u00e1ria bovina. Tamb\u00e9m tem o objetivo de melhorar a produ\u00e7\u00e3o agr\u00edcola e da pecu\u00e1ria de corte e leite, al\u00e9m de usar os dejetos da pecu\u00e1ria no solo como fonte de nutrientes ao inv\u00e9s de armazenar como res\u00edduos. Ser\u00e3o priorizadas as tecnologias propostas pelo Plano Agricultura de Baixo Carbono (ABC). Entre outras a\u00e7\u00f5es, tamb\u00e9m est\u00e3o o melhoramento gen\u00e9tico e redu\u00e7\u00e3o da emiss\u00e3o de metano dos ruminantes e o uso sustent\u00e1vel de florestas plantadas.<\/p>\n<p><img decoding=\"async\" src=\"http:\/\/aconteceunovale.com.br\/portal\/wp-content\/uploads\/2015\/02\/minas_se_prepara_2030_3.jpg\" alt=\"\" \/><em>O Programa de Recupera\u00e7\u00e3o de Pastagens Degradadas vai revigorar os campos e melhorar a produ\u00e7\u00e3o &#8211; Foto: Divulga\u00e7\u00e3o \/ Emater do Estado de Minas Gerais<\/em><br \/>\n<\/br><\/p>\n<p><strong>Florestas e Uso do Solo<\/strong><\/p>\n<p>Um dos principais focos \u00e9 a revis\u00e3o e a amplia\u00e7\u00e3o do Plano Estadual de Fomento Florestal. Trata-se de uma estrat\u00e9gia integrada de preven\u00e7\u00e3o e combate ao desmatamento no territ\u00f3rio mineiro, abordando todos os biomas presentes no Estado. A amplia\u00e7\u00e3o do programa de Preven\u00e7\u00e3o e Combate a Inc\u00eandios Florestais (Previnc\u00eandio) \u00e9 outra a\u00e7\u00e3o de destaque.<\/p>\n<p><img decoding=\"async\" src=\"http:\/\/aconteceunovale.com.br\/portal\/wp-content\/uploads\/2015\/02\/minas_se_prepara_2030_2.jpg\" alt=\"\" \/><em>O Plano Estadual de Fomento Florestal vai combater o desmatamento em todo o territ\u00f3rio mineiro &#8211; Foto: Evandro Rodney \/ Divulga\u00e7\u00e3o Ag\u00eancia Minas<\/em><br \/>\n<\/br><\/p>\n<p><strong>Ind\u00fastria<\/strong><\/p>\n<p>O Programa Estadual de Efici\u00eancia Energ\u00e9tica (PEEE) \u00e9 o carro-chefe. A iniciativa vai promover projetos de efici\u00eancia energ\u00e9tica dentro das ind\u00fastrias e articular medidas com poss\u00edveis linhas de financiamento. A promo\u00e7\u00e3o do programa se dar\u00e1 por meio de incentivos fiscais, tribut\u00e1rios, credit\u00edcios ou outros benef\u00edcios governamentais adicionais a serem definidos. Entre outras a\u00e7\u00f5es, destaca-se a proposta de diferencia\u00e7\u00e3o tribut\u00e1ria para tecnologias de baixo carbono e a substitui\u00e7\u00e3o gradual de fontes energ\u00e9ticas com alto fator de emiss\u00e3o de gases de efeito estufa.<\/p>\n<p><img decoding=\"async\" src=\"http:\/\/aconteceunovale.com.br\/portal\/wp-content\/uploads\/2015\/02\/minas_se_prepara_2030_4.jpg\" alt=\"\" \/><em>O Programa Estadual de Efici\u00eancia Energ\u00e9tica vai promover projetos sustent\u00e1veis nas ind\u00fastrias &#8211; Foto: Divulga\u00e7\u00e3o \/ Sisema do Estado de Minas Gerais<\/em><br \/>\n<\/br><\/p>\n<p><strong>Energia<\/strong><\/p>\n<p>Ampliar o uso de tecnologias de aquecimento solar e a gera\u00e7\u00e3o de energia fotovoltaica, bem como de produtos eficientes e de baixo carbono, \u00e9 uma das principais iniciativas. A inten\u00e7\u00e3o \u00e9 intensificar o uso de aquecedores solares e sistemas de gera\u00e7\u00e3o de energia fotovoltaica a fim de diversificar a matriz energ\u00e9tica e aumentar a efici\u00eancia na utiliza\u00e7\u00e3o dos recursos dispon\u00edveis. Outras a\u00e7\u00f5es relevantes s\u00e3o o fortalecimento do programa Energias de Minas, com o incentivo da produ\u00e7\u00e3o de energia el\u00e9trica a partir das fontes solar, e\u00f3lica, biog\u00e1s e biomassa, e a cria\u00e7\u00e3o de um projeto de incentivos para a produ\u00e7\u00e3o de bioquerosene de avia\u00e7\u00e3o e etanol.<\/p>\n<p><img decoding=\"async\" src=\"http:\/\/aconteceunovale.com.br\/portal\/wp-content\/uploads\/2015\/02\/minas_se_prepara_2030_5.jpg\" alt=\"\" \/><em>Um dos objetivos do plano e suas a\u00e7\u00f5es \u00e9 diversificar a matriz energ\u00e9tica de Minas &#8211; Foto: Omar Freire \/ Divulga\u00e7\u00e3o Ag\u00eancia Minas<\/em><br \/>\n<\/br><\/p>\n<p><strong>Res\u00edduos e Efluentes<\/strong><\/p>\n<p>Destaca-se a cria\u00e7\u00e3o do Fundo Estadual de Res\u00edduos S\u00f3lidos. A ideia \u00e9 regular a gera\u00e7\u00e3o, redu\u00e7\u00e3o, reutiliza\u00e7\u00e3o, reaproveitamento, reciclagem, tratamento e destina\u00e7\u00e3o final adequada dos res\u00edduos s\u00f3lidos. A\u00e7\u00f5es complementares merecem destaque, como o fomento ao aproveitamento, inclusive energ\u00e9tico, da mat\u00e9ria org\u00e2nica, e o incentivo \u00e0 ind\u00fastria de reciclagem.<\/p>\n<p><img decoding=\"async\" src=\"http:\/\/aconteceunovale.com.br\/portal\/wp-content\/uploads\/2015\/02\/minas_se_prepara_2030_7.jpg\" alt=\"\" \/><em>A reciclagem de res\u00edduos \u00e9 uma a\u00e7\u00e3o ben\u00e9fica e que pode gerar renda para fam\u00edlias &#8211; Foto: CMRR<\/em><br \/>\n<\/br><\/p>\n<p><strong>Transportes<\/strong><\/p>\n<p>O estudo de viabilidade para implanta\u00e7\u00e3o de ciclovias nas marginais das rodovias estaduais \u00e9 uma das principais a\u00e7\u00f5es. O estudo vai ser composto por uma an\u00e1lise de viabilidade econ\u00f4mica e ambiental. \u00c1reas priorit\u00e1rias ser\u00e3o identificadas para a implanta\u00e7\u00e3o, levando-se em considera\u00e7\u00e3o os locais onde h\u00e1 relevante n\u00famero de acidentes envolvendo ciclistas. Outras medidas s\u00e3o a amplia\u00e7\u00e3o e potencializa\u00e7\u00e3o do programa de incentivo \u00e0 renova\u00e7\u00e3o da frota de caminh\u00f5es e o desenvolvimento de est\u00edmulos econ\u00f4micos para aquisi\u00e7\u00e3o de ve\u00edculos h\u00edbridos e el\u00e9tricos. <\/p>\n<p><img decoding=\"async\" src=\"http:\/\/aconteceunovale.com.br\/portal\/wp-content\/uploads\/2015\/02\/minas_se_prepara_2030_6.jpg\" alt=\"\" \/><em>Estudo vai avaliar a viabilidade de construir ciclovias nas rodovias estaduais &#8211; Foto: DER<\/em><br \/>\n<\/br><\/p>\n<p><em><strong>(Ag\u00eancia Minas)<\/strong><\/em><\/p>\n","protected":false},"excerpt":{"rendered":"<p>Medidas foram definidas ap\u00f3s a realiza\u00e7\u00e3o de encontros que envolveram setores do Governo e a sociedade mineira. Iniciativas foram divididas em seis grandes grupos O Plano de Energia e Mudan\u00e7as Clim\u00e1ticas (PEMC) de Minas Gerais, elaborado pela Secretaria de Estado de Meio Ambiente, por meio da Funda\u00e7\u00e3o Estadual de Meio Ambiente (Feam), prev\u00ea a execu\u00e7\u00e3o [&hellip;]<\/p>\n","protected":false},"author":1,"featured_media":53789,"comment_status":"open","ping_status":"closed","sticky":false,"template":"","format":"standard","meta":{"amp_status":"","footnotes":""},"categories":[123],"tags":[34958,34964,34965,1018,34960,32279,34963,6128,34959,34962,34961],"class_list":["post-53785","post","type-post","status-publish","format-standard","has-post-thumbnail","hentry","category-gerais","tag-acoes-preparam-minas-para-enfrentar-os-efeitos-das-mudancas-climaticas-previstos-para-2030","tag-analista-de-energia-e-mudancas-climaticas-da-feam","tag-cibele-mally-de-souza","tag-destaque","tag-efeitos-das-mudancas-climaticas","tag-feam","tag-fundacao-estadual-de-meio-ambiente","tag-mudancas-climaticas","tag-mudancas-climaticas-previstos-para-2030","tag-pemc","tag-plano-de-energia-e-mudancas-climaticas"],"_links":{"self":[{"href":"https:\/\/aconteceunovale.com.br\/portal\/index.php?rest_route=\/wp\/v2\/posts\/53785","targetHints":{"allow":["GET"]}}],"collection":[{"href":"https:\/\/aconteceunovale.com.br\/portal\/index.php?rest_route=\/wp\/v2\/posts"}],"about":[{"href":"https:\/\/aconteceunovale.com.br\/portal\/index.php?rest_route=\/wp\/v2\/types\/post"}],"author":[{"embeddable":true,"href":"https:\/\/aconteceunovale.com.br\/portal\/index.php?rest_route=\/wp\/v2\/users\/1"}],"replies":[{"embeddable":true,"href":"https:\/\/aconteceunovale.com.br\/portal\/index.php?rest_route=%2Fwp%2Fv2%2Fcomments&post=53785"}],"version-history":[{"count":0,"href":"https:\/\/aconteceunovale.com.br\/portal\/index.php?rest_route=\/wp\/v2\/posts\/53785\/revisions"}],"wp:featuredmedia":[{"embeddable":true,"href":"https:\/\/aconteceunovale.com.br\/portal\/index.php?rest_route=\/wp\/v2\/media\/53789"}],"wp:attachment":[{"href":"https:\/\/aconteceunovale.com.br\/portal\/index.php?rest_route=%2Fwp%2Fv2%2Fmedia&parent=53785"}],"wp:term":[{"taxonomy":"category","embeddable":true,"href":"https:\/\/aconteceunovale.com.br\/portal\/index.php?rest_route=%2Fwp%2Fv2%2Fcategories&post=53785"},{"taxonomy":"post_tag","embeddable":true,"href":"https:\/\/aconteceunovale.com.br\/portal\/index.php?rest_route=%2Fwp%2Fv2%2Ftags&post=53785"}],"curies":[{"name":"wp","href":"https:\/\/api.w.org\/{rel}","templated":true}]}}