{"id":53779,"date":"2015-02-25T13:11:40","date_gmt":"2015-02-25T16:11:40","guid":{"rendered":"http:\/\/aconteceunovale.com.br\/portal\/?p=53779"},"modified":"2015-02-25T13:11:40","modified_gmt":"2015-02-25T16:11:40","slug":"iniciativa-do-sine-inova-com-atendimento-ao-publico-empreendedor","status":"publish","type":"post","link":"https:\/\/aconteceunovale.com.br\/portal\/?p=53779","title":{"rendered":"Iniciativa do Sine inova com atendimento ao p\u00fablico empreendedor"},"content":{"rendered":"<h4><strong><em>De acordo com a Superintend\u00eancia de Pol\u00edtica de Trabalho e Emprego da Sedese, em janeiro de 2015 Minas Gerais tinha quase 513 mil empreendedores. Integra\u00e7\u00e3o de servi\u00e7os \u00e9 o diferencial na unidade-piloto na Gameleira<\/em><\/strong><\/h4>\n<p>A Unidade de Atendimento ao Trabalhador (UAT) Gameleira, ligada \u00e0 Secretaria de Estado de Trabalho e Desenvolvimento Social (Sedese), j\u00e1 re\u00fane as credenciais do novo modelo de operacionaliza\u00e7\u00e3o do Sistema Nacional de Emprego (Sine) em Minas Gerais. Al\u00e9m de integrar diversas pol\u00edticas de trabalho, emprego e renda, sua l\u00f3gica de atua\u00e7\u00e3o integrada tamb\u00e9m chama a aten\u00e7\u00e3o pela oferta de um novo tipo de assessoramento, focado nos empreendedores mineiros.<\/p>\n<p>De acordo com o superintendente de Pol\u00edtica de Trabalho e Emprego da Sedese, Bruno Dias Magalh\u00e3es, o diferencial do N\u00facleo Empreendedor na undade-piloto \u00e9 a promo\u00e7\u00e3o de servi\u00e7os gratuitos para este p\u00fablico num \u00fanico espa\u00e7o. \u201cO N\u00facleo foi pensado para atender aos cidad\u00e3os que buscam gerar sua renda por conta pr\u00f3pria, ou que t\u00eam tal interesse. Nesse contexto, oferece um amplo atendimento ao empreendedor, identificando o perfil e a necessidade do interessado, e realizando o encaminhamento mais adequado\u201d, afirma Magalh\u00e3es.<\/p>\n<p>Uma das grandes inova\u00e7\u00f5es dentro do modelo UAT \u00e9, segundo o superintendente, a identifica\u00e7\u00e3o do perfil do usu\u00e1rio.  \u201cEssa identifica\u00e7\u00e3o \u00e9 fundamental, pois, al\u00e9m de permitir a intera\u00e7\u00e3o direta do atendente com o cidad\u00e3o, humanizando o atendimento, garante maior ader\u00eancia dos servi\u00e7os oferecidos \u00e0 necessidade e potencialidade de quem busca por tais servi\u00e7os\u201d, explica.<\/p>\n<p>Com essa avalia\u00e7\u00e3o tra\u00e7ada, a unidade \u00e9 capaz de oferecer servi\u00e7os personalizados, tais como cursos para o desenvolvimento de compet\u00eancias profissionais para o empreendedor, qualifica\u00e7\u00e3o profissional por meio de cursos do Pronatec, assessoramento via Sebrae-MG (consultorias b\u00e1sicas, palestras tem\u00e1ticas, workshops, apoio para a confec\u00e7\u00e3o de planos de neg\u00f3cios), acesso a microcr\u00e9dito, entre outras a\u00e7\u00f5es.<\/p>\n<h4><strong>Atendimento ao empreendedor<\/strong><\/h4>\n<p>A superintend\u00eancia de Pol\u00edtica de Trabalho e Emprego da Sedese observou, em dados do \u00faltimo Censo (2010), que a taxa de assalariados informais compreendia 30,9% no Estado e 18% em Belo Horizonte. Merece destaque tamb\u00e9m o aumento no n\u00famero de empreendedores formais, na modalidade de microempreendedores individuais, que soma quase 513 mil em Minas Gerais, segundo informa\u00e7\u00f5es da Sedese referentes a janeiro de 2015.<\/p>\n<p>\u201cConsiderando essa realidade, ficou claro que havia a necessidade de atendimento \u00e0 parcela informal, aut\u00f4noma e empreendedora da popula\u00e7\u00e3o pela pol\u00edtica de trabalho, emprego e renda. Al\u00e9m disso, tal atendimento n\u00e3o deve ser pontual, mas sim estruturado em unidades que permitam amplo e democr\u00e1tico acesso ao cidad\u00e3o\u201d, refor\u00e7a Bruno Magalh\u00e3es.<\/p>\n<p>Desde a implanta\u00e7\u00e3o do N\u00facleo Empreendedor, em setembro de 2014, j\u00e1 foi realizada m\u00e9dia de 100 atendimentos mensais ao empreendedor, 80 encaminhamentos  para o Sebrae-MG, 33 certifica\u00e7\u00f5es no Compet\u00eancias Profissionais e 75 intermedia\u00e7\u00f5es de trabalhadores aut\u00f4nomos. Nos \u00faltimos meses, indica o superintendente, cerca de 10 mil empreendedores se formalizaram em cada m\u00eas.  \u201c\u00c9 importante lembrar que o N\u00facleo atende n\u00e3o s\u00f3 aos microempreendedores individuais ou a quem pensa em se registrar como um, mas a todas as pessoas que queiram empreender\u201d, finaliza.<\/p>\n<h4><strong>Servi\u00e7os oferecidos conforme o perfil do empreendedor<\/strong><\/h4>\n<p><strong>1. Compet\u00eancias Profissionais para o Empreendedor<\/strong> \u2013 Curso b\u00e1sico, oferecido pela pr\u00f3pria unidade, com carga hor\u00e1ria de 2 horas. Tem objetivo de despertar o interesse empreendedor e trazer algumas informa\u00e7\u00f5es acerca do perfil e das caracter\u00edsticas inerentes \u00e0 atividade, assim como potencialidades e obst\u00e1culos comuns;<\/p>\n<p><strong>2. Assessoramento via Sebrae:<\/strong> parceria elaborada com o Sebrae que permite alguns servi\u00e7os gratuitos, como uma consultoria b\u00e1sica, palestras tem\u00e1ticas, apoio na confec\u00e7\u00e3o de planos de neg\u00f3cio, workshops, entre outros. Os empreendedores s\u00e3o encaminhados ao Sebrae localizado no shopping UAI, pr\u00f3ximo \u00e0 Rodovi\u00e1ria, onde ser\u00e3o atendidos;<\/p>\n<p><strong>3. Qualifica\u00e7\u00e3o Profissional:<\/strong> Realizado por meio da inscri\u00e7\u00e3o de cursos do Pronatec nas atividades relacionadas ao tipo de empreendimento identificado;<\/p>\n<p><strong>4. Acesso ao Microcr\u00e9dito:<\/strong> Parceria estabelecida com a Caixa Econ\u00f4mica Federal,  fruto de um chamamento p\u00fablico, em fase final de implanta\u00e7\u00e3o. A partir do m\u00eas de abril, haver\u00e1 uma equipe de agentes de cr\u00e9dito na unidade capazes de avaliar e conceder cr\u00e9dito aos empreendedores, na modalidade do Microcr\u00e9dito Produtivo Orientado. Vale ressaltar que h\u00e1 um acompanhamento social e econ\u00f4mico do empreendedor que receber o cr\u00e9dito;<\/p>\n<p><strong>5. Central de Presta\u00e7\u00e3o de Servi\u00e7os:<\/strong> Trabalha com a intermedia\u00e7\u00e3o de aut\u00f4nomos a demandas do mercado. Atualmente, trabalha com os servi\u00e7os de diaristas dom\u00e9sticos e de cozinheiros. Os trabalhadores aut\u00f4nomos cadastrados atendem aos chamados solicitados para servi\u00e7os di\u00e1rios, a partir de pre\u00e7o estipulado entre solicitante e trabalhador. Todos os trabalhadores s\u00e3o qualificados e os servi\u00e7os avaliados. (Ag\u00eancia Minas)<\/p>\n","protected":false},"excerpt":{"rendered":"<p>De acordo com a Superintend\u00eancia de Pol\u00edtica de Trabalho e Emprego da Sedese, em janeiro de 2015 Minas Gerais tinha quase 513 mil empreendedores. Integra\u00e7\u00e3o de servi\u00e7os \u00e9 o diferencial na unidade-piloto na Gameleira A Unidade de Atendimento ao Trabalhador (UAT) Gameleira, ligada \u00e0 Secretaria de Estado de Trabalho e Desenvolvimento Social (Sedese), j\u00e1 re\u00fane [&hellip;]<\/p>\n","protected":false},"author":1,"featured_media":53780,"comment_status":"open","ping_status":"closed","sticky":false,"template":"","format":"standard","meta":{"amp_status":"","footnotes":""},"categories":[123],"tags":[34948,34945,28391,27579,34946,34949,34947,1404],"class_list":["post-53779","post","type-post","status-publish","format-standard","has-post-thumbnail","hentry","category-gerais","tag-bruno-dias-magalhaes","tag-iniciativa-do-sine-inova-com-atendimento-ao-publico-empreendedor","tag-secretaria-de-estado-de-trabalho-e-desenvolvimento-social","tag-sedese","tag-servicos-oferecidos-conforme-o-perfil-do-empreendedor","tag-sistema-nacional-de-emprego","tag-superintendente-de-politica-de-trabalho-e-emprego-da-sedese","tag-unidade-de-atendimento-ao-trabalhador"],"_links":{"self":[{"href":"https:\/\/aconteceunovale.com.br\/portal\/index.php?rest_route=\/wp\/v2\/posts\/53779","targetHints":{"allow":["GET"]}}],"collection":[{"href":"https:\/\/aconteceunovale.com.br\/portal\/index.php?rest_route=\/wp\/v2\/posts"}],"about":[{"href":"https:\/\/aconteceunovale.com.br\/portal\/index.php?rest_route=\/wp\/v2\/types\/post"}],"author":[{"embeddable":true,"href":"https:\/\/aconteceunovale.com.br\/portal\/index.php?rest_route=\/wp\/v2\/users\/1"}],"replies":[{"embeddable":true,"href":"https:\/\/aconteceunovale.com.br\/portal\/index.php?rest_route=%2Fwp%2Fv2%2Fcomments&post=53779"}],"version-history":[{"count":0,"href":"https:\/\/aconteceunovale.com.br\/portal\/index.php?rest_route=\/wp\/v2\/posts\/53779\/revisions"}],"wp:featuredmedia":[{"embeddable":true,"href":"https:\/\/aconteceunovale.com.br\/portal\/index.php?rest_route=\/wp\/v2\/media\/53780"}],"wp:attachment":[{"href":"https:\/\/aconteceunovale.com.br\/portal\/index.php?rest_route=%2Fwp%2Fv2%2Fmedia&parent=53779"}],"wp:term":[{"taxonomy":"category","embeddable":true,"href":"https:\/\/aconteceunovale.com.br\/portal\/index.php?rest_route=%2Fwp%2Fv2%2Fcategories&post=53779"},{"taxonomy":"post_tag","embeddable":true,"href":"https:\/\/aconteceunovale.com.br\/portal\/index.php?rest_route=%2Fwp%2Fv2%2Ftags&post=53779"}],"curies":[{"name":"wp","href":"https:\/\/api.w.org\/{rel}","templated":true}]}}