{"id":53768,"date":"2015-02-25T13:03:07","date_gmt":"2015-02-25T16:03:07","guid":{"rendered":"http:\/\/aconteceunovale.com.br\/portal\/?p=53768"},"modified":"2015-02-25T13:03:07","modified_gmt":"2015-02-25T16:03:07","slug":"carnaporto-2015-mais-de-27-horas-de-alegria-na-arena-axe-moi","status":"publish","type":"post","link":"https:\/\/aconteceunovale.com.br\/portal\/?p=53768","title":{"rendered":"Carnaporto 2015: Mais de 27 horas de alegria na Arena Ax\u00e9 Moi"},"content":{"rendered":"<h4><strong><em>Foram 3 noites, mais de 27 horas, 9 atra\u00e7\u00f5es e muita, muita alegria.<\/em><\/strong><\/h4>\n<p>Com p\u00fablico recorde em 2015, a 18\u00aa edi\u00e7\u00e3o do Carnaporto Ax\u00e9 Moi j\u00e1 entrou para a hist\u00f3ria, reafirmando o nome do grupo Ax\u00e9 Moi como um dos maiores do Brasil em produ\u00e7\u00e3o, estrutura, organiza\u00e7\u00e3o, seguran\u00e7a e qualidade das atra\u00e7\u00f5es. Ao todo foram 3 noites, mais de 27 horas, 9 atra\u00e7\u00f5es e muita, muita alegria.<\/p>\n<p>Na quarta-feira, 18, a primeira atra\u00e7\u00e3o a se apresentar na Arena Ax\u00e9 Moi foi o grupo carioca Monobloco. Em seu repert\u00f3rio, novos e antigos sambas que s\u00e3o a cara do carnaval. Em seguida, Avi\u00f5es do Forr\u00f3 trouxe uma mistura de ritmos que contagiou o p\u00fablico do evento com muita energia. Para fechar o primeiro dia, Levi Lima, cantor da banda Jammil, amanheceu fazendo o povo dan\u00e7ar.<\/p>\n<p>Na segunda noite do Carnaporto 2015, Felipe Pezzoni, cantor da Banda Eva, ficou t\u00e3o contagiado pela alegria do p\u00fablico que desceu e foi para o meio da galera. Em seguida, a cantora Cl\u00e1udia Leitte brindou, sambou, e foi not\u00edcia no Brasil inteiro com um show que, com certeza, ficou na mem\u00f3ria de todo o p\u00fablico. Bell Marques amanheceu o dia relembrando m\u00fasicas em homenagem aos 30 anos do Ax\u00e9 e tocando seus novos sucessos da carreira solo.<\/p>\n<p>No ultimo dia do evento, o clima j\u00e1 era de saudade. O p\u00fablico queria aproveitar cada segundo e chegou bem cedo para isso. Vina Calmon, que ganhou o pr\u00eamio de cantora revela\u00e7\u00e3o do carnaval de Salvador, abriu a noite no comando da Banda Cheiro de Amor e foi muito elogiada pelos foli\u00f5es. Em seguida, Saulo Fernandes se apresentou no trio el\u00e9trico super empolgado. O p\u00fablico cantou e dan\u00e7ou todas as m\u00fasicas junto com o artista, que se emocionou. <\/p>\n<p>Mas o Carnaporto 2015 n\u00e3o acabou por a\u00ed. Como j\u00e1 era de se esperar, nem a chuva parou o cantor Tomate. A entrada dele dobrou a anima\u00e7\u00e3o do p\u00fablico. Por volta das 6h30 da manh\u00e3, a galera foi ao del\u00edrio quando o Tomate come\u00e7ou a chama-los para a rua, uma nova tradi\u00e7\u00e3o do Carnaporto. E ele foi.<\/p>\n<p>O trio foi at\u00e9 a Cabana Ax\u00e9 Moi, pela BR, seguido pelas milhares de pessoas que participaram do evento. A curti\u00e7\u00e3o durou at\u00e9 as 8h30 da manh\u00e3, reafirmando o nome do Carnaporto como um dos maiores eventos do pa\u00eds. <\/p>\n<p>\u201cGanhamos muitos momentos que n\u00e3o v\u00e3o sair da mem\u00f3ria. E que venham outros carnavais\u201d, afirma a foli\u00e3 Maria Clara Caldas. Para Gilc\u00e9ia Bastos, o Carnaporto 2015 foi \u201cdemais, emocionante e contagiante\u201d. \u201cNota 10! A cada ano voc\u00eas est\u00e3o melhores. Parab\u00e9ns!\u201d, Geraldo Nugoli. \u201cParab\u00e9ns pelo maravilhoso evento que \u00e9 o Carnaporto. Vou voltar em 2016 com certeza\u201d, conclui a foli\u00e3 Lilia Maria. <\/p>\n<p>O Carnaporto contou com o patroc\u00ednio da Petrobras e Skol. A produ\u00e7\u00e3o do Grupo Ax\u00e9 Moi promete grandes novidades para os pr\u00f3ximos eventos de 2015\/2016. Aguardem! <\/p>\n<p><img decoding=\"async\" src=\"http:\/\/aconteceunovale.com.br\/portal\/wp-content\/uploads\/2015\/02\/IMG_5698-Small.jpg\" alt=\"\" \/><img decoding=\"async\" src=\"http:\/\/aconteceunovale.com.br\/portal\/wp-content\/uploads\/2015\/02\/IMG_6243-Large.jpg\" alt=\"\" \/><img decoding=\"async\" src=\"http:\/\/aconteceunovale.com.br\/portal\/wp-content\/uploads\/2015\/02\/IMG_6383-Large.jpg\" alt=\"\" \/><img decoding=\"async\" src=\"http:\/\/aconteceunovale.com.br\/portal\/wp-content\/uploads\/2015\/02\/IMG_6611-Large.jpg\" alt=\"\" \/><img decoding=\"async\" src=\"http:\/\/aconteceunovale.com.br\/portal\/wp-content\/uploads\/2015\/02\/IMG_5938-Small.jpg\" alt=\"\" \/><img decoding=\"async\" src=\"http:\/\/aconteceunovale.com.br\/portal\/wp-content\/uploads\/2015\/02\/IMG_6029-Small.jpg\" alt=\"\" \/><img decoding=\"async\" src=\"http:\/\/aconteceunovale.com.br\/portal\/wp-content\/uploads\/2015\/02\/IMG_6100-Large.jpg\" alt=\"\" \/><img decoding=\"async\" src=\"http:\/\/aconteceunovale.com.br\/portal\/wp-content\/uploads\/2015\/02\/IMG_6114-Large.jpg\" alt=\"\" \/><\/p>\n","protected":false},"excerpt":{"rendered":"<p>Foram 3 noites, mais de 27 horas, 9 atra\u00e7\u00f5es e muita, muita alegria. Com p\u00fablico recorde em 2015, a 18\u00aa edi\u00e7\u00e3o do Carnaporto Ax\u00e9 Moi j\u00e1 entrou para a hist\u00f3ria, reafirmando o nome do grupo Ax\u00e9 Moi como um dos maiores do Brasil em produ\u00e7\u00e3o, estrutura, organiza\u00e7\u00e3o, seguran\u00e7a e qualidade das atra\u00e7\u00f5es. Ao todo foram [&hellip;]<\/p>\n","protected":false},"author":1,"featured_media":53769,"comment_status":"open","ping_status":"closed","sticky":false,"template":"","format":"standard","meta":{"amp_status":"","footnotes":""},"categories":[125],"tags":[34941,19281,29638,30904,34938,34937,34940,34939,34944,34943,34936,34942],"class_list":["post-53768","post","type-post","status-publish","format-standard","has-post-thumbnail","hentry","category-noticias","tag-18a-edicao-do-carnaporto-axe-moi","tag-arena-axe-moi","tag-carnaporto-2015","tag-carnaporto-axe-moi","tag-cobertura-carnaporto-2015","tag-fotos-carnaporto-2015","tag-fotos-carnaporto-2015-fotografos-de-minas-gerais","tag-fotos-carnaporto-2015-uai-eventos","tag-geraldo-nugoli","tag-gilceia-bastos","tag-mais-de-27-horas-de-alegria-na-arena-axe-moi","tag-maria-clara-caldas"],"_links":{"self":[{"href":"https:\/\/aconteceunovale.com.br\/portal\/index.php?rest_route=\/wp\/v2\/posts\/53768","targetHints":{"allow":["GET"]}}],"collection":[{"href":"https:\/\/aconteceunovale.com.br\/portal\/index.php?rest_route=\/wp\/v2\/posts"}],"about":[{"href":"https:\/\/aconteceunovale.com.br\/portal\/index.php?rest_route=\/wp\/v2\/types\/post"}],"author":[{"embeddable":true,"href":"https:\/\/aconteceunovale.com.br\/portal\/index.php?rest_route=\/wp\/v2\/users\/1"}],"replies":[{"embeddable":true,"href":"https:\/\/aconteceunovale.com.br\/portal\/index.php?rest_route=%2Fwp%2Fv2%2Fcomments&post=53768"}],"version-history":[{"count":0,"href":"https:\/\/aconteceunovale.com.br\/portal\/index.php?rest_route=\/wp\/v2\/posts\/53768\/revisions"}],"wp:featuredmedia":[{"embeddable":true,"href":"https:\/\/aconteceunovale.com.br\/portal\/index.php?rest_route=\/wp\/v2\/media\/53769"}],"wp:attachment":[{"href":"https:\/\/aconteceunovale.com.br\/portal\/index.php?rest_route=%2Fwp%2Fv2%2Fmedia&parent=53768"}],"wp:term":[{"taxonomy":"category","embeddable":true,"href":"https:\/\/aconteceunovale.com.br\/portal\/index.php?rest_route=%2Fwp%2Fv2%2Fcategories&post=53768"},{"taxonomy":"post_tag","embeddable":true,"href":"https:\/\/aconteceunovale.com.br\/portal\/index.php?rest_route=%2Fwp%2Fv2%2Ftags&post=53768"}],"curies":[{"name":"wp","href":"https:\/\/api.w.org\/{rel}","templated":true}]}}