{"id":53765,"date":"2015-02-25T12:39:38","date_gmt":"2015-02-25T15:39:38","guid":{"rendered":"http:\/\/aconteceunovale.com.br\/portal\/?p=53765"},"modified":"2015-02-25T12:39:38","modified_gmt":"2015-02-25T15:39:38","slug":"garoto-de-capelinha-e-adotado-por-casal-gay-apos-ser-rejeitado-por-ser-muito-feio-e-negro-demais","status":"publish","type":"post","link":"https:\/\/aconteceunovale.com.br\/portal\/?p=53765","title":{"rendered":"Garoto de Capelinha \u00e9 adotado por casal gay ap\u00f3s ser rejeitado por &#8220;ser muito feio e negro demais&#8221;"},"content":{"rendered":"<h4><strong><em>Casal gay conta hist\u00f3ria de ado\u00e7\u00e3o do filho, rejeitado por tr\u00eas casais heterossexuais: \u201cAcharam ele muito feio e negro demais\u201d.<\/em><\/strong><\/h4>\n<p>No fim de outubro, terminado o segundo turno das elei\u00e7\u00f5es, um telefonema de um dos grupos de ado\u00e7\u00e3o empenhados na busca ativa de pais para crian\u00e7as em abrigos nos avisou. Hav\u00edamos sido habilitados pela Vara de Fam\u00edlia do Rio em julho e, tr\u00eas meses depois, uma crian\u00e7a que se encaixava em nosso perfil estava num abrigo numa pequena cidade no Vale do Jequitinhonha, Minas Gerais. Partimos, com os cora\u00e7\u00f5es aos pulos, eu e meu companheiro de 12 anos, numa viagem que nos pareceu intermin\u00e1vel at\u00e9 Capelinha, cidade no Norte de Minas onde fica o Abrigo Lar Mam\u00e3e Dolores. Trata-se de uma jornada de avi\u00e3o at\u00e9 Belo Horizonte, outro voo at\u00e9 Montes Claros e quatro horas de carro alugado at\u00e9 Capelinha.<\/p>\n<p><img decoding=\"async\" src=\"http:\/\/aconteceunovale.com.br\/portal\/wp-content\/uploads\/2015\/02\/menino_cap.jpg\" alt=\"\" \/><em>Gilberto Scofield Jr, PH e Rodrigo Barbosa: \u201cSomos uma fam\u00edlia como qualquer outra fam\u00edlia do pa\u00eds\u201d &#8211; Foto: Reprodu\u00e7\u00e3o \/ Blog Ser m\u00e3e \u00e9 padecer na internet do Estad\u00e3o<\/em><br \/>\n<\/br><\/p>\n<p>Durante a jornada, dentro do carro \u2013 e s\u00e3o 252 quil\u00f4metros entre Montes Claros e Capelinha \u2013 nossas cabe\u00e7as do\u00edam na expectativa do que poderia acontecer: ser\u00e1 que ele vai com a cara da gente? E se ele n\u00e3o gostar de dois pais? Entre as intermin\u00e1veis planta\u00e7\u00f5es de eucalipto que margeiam a rodovia estadual MG-308, a ansiedade s\u00f3 fazia crescer. Depois da ida \u00e0 Justi\u00e7a local, da visita ao advogado que daria entrada no pedido de guarda provis\u00f3ria, chegou a hora de conhecer o moleque.<\/p>\n<p>O Lar M\u00e3e Dolores \u00e9 um abrigo simp\u00e1tico e simples para uma cidade paup\u00e9rrima como Capelinha. PH estava l\u00e1: um menino de quatro anos que foi se aproximando desconfiado, mas que depois de 15 minutos, j\u00e1 estava brincando alegremente de carrinho com a gente. Nossos cora\u00e7\u00f5es se encheram de esperan\u00e7as, era emo\u00e7\u00e3o demais, car\u00eancia demais de um lado e do outro, vontades s\u00fabitas de cair em prantos a troco de nada.<\/p>\n<p>Negligenciado pelos pais alco\u00f3latras, PH foi parar no abrigo aos dois anos de idade quando a m\u00e3e morreu (aos 28 anos) de complica\u00e7\u00f5es do v\u00edcio. O pai decidiu que n\u00e3o queria mais criar o filho. Seis meses depois, uma mulher solteira em S\u00e3o Paulo o pegou para ado\u00e7\u00e3o, mas acabou denunciada pelo pr\u00f3prio irm\u00e3o e por uma vizinha por maus tratos, obrigando a Justi\u00e7a intervir, devolvendo-o de novo ao abrigo. Mais uma rejei\u00e7\u00e3o.<\/p>\n<p>Antes de n\u00f3s, tr\u00eas casais heterossexuais j\u00e1 haviam visitado PH no abrigo e tamb\u00e9m o rejeitaram: dois porque o acharam \u201cmuito feio\u201d. O terceiro porque, para eles, PH era \u201cnegro demais\u201d. Hoje, n\u00f3s completamos quatro meses com ele no Rio, em nossas vidas. Ele est\u00e1 num pr\u00e9-escolar, frequenta aulas de nata\u00e7\u00e3o e gin\u00e1stica e n\u00e3o poderia estar mais feliz com as novidades da nova vida. \u00c9 um exerc\u00edcio especial de paternidade, aquela busca delicada entre dar a ele a sensa\u00e7\u00e3o de pertencimento e acolhimento que ele precisa numa fam\u00edlia que nunca teve e os limites que um menino de (agora) cinco anos precisa num momento em que testa tudo em rela\u00e7\u00e3o \u00e0 autoridade dos pais. Precisamos dar amor e ensinar o que \u00e9 amor. Mas precisamos educar. N\u00e3o faz parte de nosso planos criar um pequeno tirano. Como diz uma amiga: ser pai \u00e9 a arte de dizer n\u00e3o. Mas n\u00e3o \u00e9 assim em todas as fam\u00edlias?<\/p>\n<p>Toda essa hist\u00f3ria que aconteceu nos \u00faltimos meses e virou a minha vida \u2013 e a de meu companheiro \u2013 de cabe\u00e7a para baixo, com um final mais do que feliz e que pode ser conferido por todos os amigos que nos cercam, \u00e9 apenas para deixar claro o seguinte: n\u00f3s \u2013 eu, meu companheiro, nosso filho PH, nossos dois gatos e nosso cachorrinho \u2013 somos uma fam\u00edlia como qualquer outra fam\u00edlia do pa\u00eds.<\/p>\n<p>Esta coloca\u00e7\u00e3o tem uma raz\u00e3o: a tentativa do inomin\u00e1vel deputado Eduardo Cunha (PMDB-RJ), presidente da C\u00e2mara e membro da bancada evang\u00e9lica que se esmera como pode pela medievaliza\u00e7\u00e3o do pa\u00eds, decidiu ressuscitar o Estatuto da Fam\u00edlia, que restringe a casais heterossexuais a ado\u00e7\u00e3o de crian\u00e7as, entre outras medidas, como a proibi\u00e7\u00e3o irrestrita do aborto. Isso num momento em que h\u00e1 farta literatura cient\u00edfica provando que crian\u00e7as criadas por casais homossexuais n\u00e3o diferem em nada de crian\u00e7as criadas por casais heterossexuais.<\/p>\n<p>Portanto, os fundamentos de Cunha \u2013 o mesmo que come\u00e7ou sua carreira pol\u00edtica de conchavos ao ser nomeado presidente da finada Telerj, ainda no governo de Fernando Collor de Melo (o que d\u00e1 bem a ideia da trajet\u00f3ria pol\u00edtica do deputado) \u2013 s\u00e3o meramente religiosos. E a\u00ed voltamos \u00e0s intermin\u00e1veis tentativas da bancada evang\u00e9lica de acabar com a laicidade do Estado, transformando-o numa interpreta\u00e7\u00e3o tosca e manipulada da B\u00edblia protestante.<\/p>\n<p>N\u00e3o, deputado Eduardo Cunha. O senhor n\u00e3o tem o direito de determinar o que \u00e9 fam\u00edlia num mundo em transforma\u00e7\u00e3o e num pa\u00eds onde o percentual de fam\u00edlias chefiadas por mulheres passou de 22,2% para 37,3%, entre 2000 e 2010, segundo dados mais recentes do Censo Demogr\u00e1fico de 2010. Isso n\u00e3o torna as ado\u00e7\u00f5es lideradas por casais homossexuais mais perfeitas ou melhores que as ado\u00e7\u00f5es feitas por casais heterossexuais. Simplesmente n\u00e3o h\u00e1 diferen\u00e7a constatada por qualquer estudo cient\u00edfico s\u00e9rio.<\/p>\n<p>O que o Estatuto da Fam\u00edlia faz \u00e9 dar aos casais heterossexuais o monop\u00f3lio da cria\u00e7\u00e3o \u201cperfeita\u201d de filhos, quando todos n\u00f3s conhecemos casais heterossexuais cujos filhos s\u00e3o desajustados ou simplesmente maus. O notici\u00e1rio est\u00e1 a\u00ed cheio de exemplos de rapazes e mo\u00e7as que atropelam e matam pessoas sem prestar socorro. Ou bandos de jovens de classe m\u00e9dia bem criados cuja maior divers\u00e3o \u00e9 tacar fogo em mendigos ou bater e espancar prostitutas, gays e nordestinos.<\/p>\n<p>N\u00e3o, deputado Eduardo Cunha. A paternidade virtuosa n\u00e3o \u00e9 um monop\u00f3lio da heterossexualidade. E caso a sua religi\u00e3o n\u00e3o pregue a toler\u00e2ncia, preste aten\u00e7\u00e3o num fato muito simples: toda a crian\u00e7a adotada por um casal de gays ou de l\u00e9sbicas foi abandonada\/espancada\/negligenciada por um casal heterossexual, esse mesmo que o senhor julga serem os \u00fanicos capazes de criar filhos \u201cnormais\u201d.<\/p>\n<p><strong><em>(Fonte: Blog Ser m\u00e3e \u00e9 padecer na internet do Estad\u00e3o)<\/em><\/strong><\/p>\n","protected":false},"excerpt":{"rendered":"<p>Casal gay conta hist\u00f3ria de ado\u00e7\u00e3o do filho, rejeitado por tr\u00eas casais heterossexuais: \u201cAcharam ele muito feio e negro demais\u201d. No fim de outubro, terminado o segundo turno das elei\u00e7\u00f5es, um telefonema de um dos grupos de ado\u00e7\u00e3o empenhados na busca ativa de pais para crian\u00e7as em abrigos nos avisou. Hav\u00edamos sido habilitados pela Vara [&hellip;]<\/p>\n","protected":false},"author":1,"featured_media":53766,"comment_status":"open","ping_status":"closed","sticky":false,"template":"","format":"standard","meta":{"amp_status":"","footnotes":""},"categories":[6],"tags":[132,1018,34926,34930,34927,34933,34925,34928,34929,34931,34932,34934,34935],"class_list":["post-53765","post","type-post","status-publish","format-standard","has-post-thumbnail","hentry","category-br","tag-capelinha","tag-destaque","tag-garoto-capelinhense-rejeitado-por-ser-negro-e-feio-demais-e-adotado-por-casal-gay-do-rio-de-janeiro","tag-garoto-de-capelinha-e-adotado-por-casal-gay-apos-ser-rejeitado-por-ser-muito-feio-e-negro-demais","tag-garoto-de-capelinha-e-adotado-por-casal-gay-apos-ser-rejeitado-por-ser-negro-e-feio-demais","tag-gilberto-scofield-jr","tag-lar-mae-dolores","tag-menino-de-capelinha-adotado-por-casal-gay","tag-menino-de-capelinha-rejeitado","tag-menino-rejeitado-por-ser-muito-feio","tag-menino-rejeitado-por-ser-negro-demais","tag-ph","tag-rodrigo-barbosa"],"_links":{"self":[{"href":"https:\/\/aconteceunovale.com.br\/portal\/index.php?rest_route=\/wp\/v2\/posts\/53765","targetHints":{"allow":["GET"]}}],"collection":[{"href":"https:\/\/aconteceunovale.com.br\/portal\/index.php?rest_route=\/wp\/v2\/posts"}],"about":[{"href":"https:\/\/aconteceunovale.com.br\/portal\/index.php?rest_route=\/wp\/v2\/types\/post"}],"author":[{"embeddable":true,"href":"https:\/\/aconteceunovale.com.br\/portal\/index.php?rest_route=\/wp\/v2\/users\/1"}],"replies":[{"embeddable":true,"href":"https:\/\/aconteceunovale.com.br\/portal\/index.php?rest_route=%2Fwp%2Fv2%2Fcomments&post=53765"}],"version-history":[{"count":0,"href":"https:\/\/aconteceunovale.com.br\/portal\/index.php?rest_route=\/wp\/v2\/posts\/53765\/revisions"}],"wp:featuredmedia":[{"embeddable":true,"href":"https:\/\/aconteceunovale.com.br\/portal\/index.php?rest_route=\/wp\/v2\/media\/53766"}],"wp:attachment":[{"href":"https:\/\/aconteceunovale.com.br\/portal\/index.php?rest_route=%2Fwp%2Fv2%2Fmedia&parent=53765"}],"wp:term":[{"taxonomy":"category","embeddable":true,"href":"https:\/\/aconteceunovale.com.br\/portal\/index.php?rest_route=%2Fwp%2Fv2%2Fcategories&post=53765"},{"taxonomy":"post_tag","embeddable":true,"href":"https:\/\/aconteceunovale.com.br\/portal\/index.php?rest_route=%2Fwp%2Fv2%2Ftags&post=53765"}],"curies":[{"name":"wp","href":"https:\/\/api.w.org\/{rel}","templated":true}]}}