{"id":53751,"date":"2015-02-25T11:43:07","date_gmt":"2015-02-25T14:43:07","guid":{"rendered":"http:\/\/aconteceunovale.com.br\/portal\/?p=53751"},"modified":"2015-02-25T11:43:07","modified_gmt":"2015-02-25T14:43:07","slug":"conselho-regional-de-arquitetura-e-urbanismo-realiza-palestra-em-governador-valadares","status":"publish","type":"post","link":"https:\/\/aconteceunovale.com.br\/portal\/?p=53751","title":{"rendered":"Conselho Regional de Arquitetura e Urbanismo realiza palestra em Governador Valadares"},"content":{"rendered":"<h4><strong><em>Conselheiro do CAU\/MG ministrar\u00e1 a palestra \u201cArquitetura e Urbanismo para todos, um novo tempo\u201d<\/em><\/strong><\/h4>\n<p>Nesta quarta-feira, 25 de fevereiro, e amanh\u00e3 (26), a Univale receber\u00e1 uma equipe do Conselho Regional de Arquitetura e Urbanismo de Minas Gerais (CAU\/MG) para realiza\u00e7\u00e3o de palestras e cadastro de profissionais.<\/p>\n<p>O Conselheiro e Coordenador da Comiss\u00e3o de Ensino e Forma\u00e7\u00e3o do CAU\/MG, Arq. e Urb.\/Prof. M. Sc. Mauro Santoro Campello, ministrar\u00e1 a palestra \u201cArquitetura e Urbanismo para todos, um novo tempo\u201d, que abordar\u00e1 assuntos t\u00e9cnicos importantes, como a legisla\u00e7\u00e3o do Conselho e a \u00e9tica profissional.<\/p>\n<p>Uma equipe t\u00e9cnica far\u00e1 a coleta de dados dos profissionais que ainda n\u00e3o possuem a carteira do CAU e tamb\u00e9m dos alunos do 10\u00ba per\u00edodo do curso de Arquitetura e Urbanismo. A coleta de dados biom\u00e9tricos ser\u00e1 realizada no Escrit\u00f3rio Modelo de Arquitetura, tamb\u00e9m no Campus II da Univale. As atividades s\u00e3o abertas para todos os profissionais arquitetos e urbanistas da regi\u00e3o.<\/p>\n<p><strong>Servi\u00e7o:<\/strong><br \/>\nCadastro de profissionais e Palestra do Conselho Regional de Arquitetura e Urbanismo<br \/>\nData\/Hor\u00e1rio: 25\/02 \u00e0s 19h00 e 26\/02 \u00e0s 10h00<br \/>\nLocal: Centro Cultural Herm\u00edrio Gomes da Silva &#8211; Campus II da UNIVALE<br \/>\nEndere\u00e7o: Rua Israel Pinheiro, 2000, bairro Universit\u00e1rio \u2013 Governador Valadares\/MG<br \/>\nTelefone: (33) 3279-5929<\/p>\n","protected":false},"excerpt":{"rendered":"<p>Conselheiro do CAU\/MG ministrar\u00e1 a palestra \u201cArquitetura e Urbanismo para todos, um novo tempo\u201d Nesta quarta-feira, 25 de fevereiro, e amanh\u00e3 (26), a Univale receber\u00e1 uma equipe do Conselho Regional de Arquitetura e Urbanismo de Minas Gerais (CAU\/MG) para realiza\u00e7\u00e3o de palestras e cadastro de profissionais. O Conselheiro e Coordenador da Comiss\u00e3o de Ensino e [&hellip;]<\/p>\n","protected":false},"author":1,"featured_media":51181,"comment_status":"open","ping_status":"closed","sticky":false,"template":"","format":"standard","meta":{"amp_status":"","footnotes":""},"categories":[125],"tags":[34918,34916,34914,34915,34913,247,34917,24146],"class_list":["post-53751","post","type-post","status-publish","format-standard","has-post-thumbnail","hentry","category-noticias","tag-cadastro-de-profissionais-e-palestra-do-conselho-regional-de-arquitetura-e-urbanismo","tag-caumg","tag-conselho-regional-de-arquitetura-e-urbanismo","tag-conselho-regional-de-arquitetura-e-urbanismo-de-minas-gerais","tag-conselho-regional-de-arquitetura-e-urbanismo-realiza-palestra-em-governador-valadares","tag-governador-valadares","tag-mauro-santoro-campello","tag-univale"],"_links":{"self":[{"href":"https:\/\/aconteceunovale.com.br\/portal\/index.php?rest_route=\/wp\/v2\/posts\/53751","targetHints":{"allow":["GET"]}}],"collection":[{"href":"https:\/\/aconteceunovale.com.br\/portal\/index.php?rest_route=\/wp\/v2\/posts"}],"about":[{"href":"https:\/\/aconteceunovale.com.br\/portal\/index.php?rest_route=\/wp\/v2\/types\/post"}],"author":[{"embeddable":true,"href":"https:\/\/aconteceunovale.com.br\/portal\/index.php?rest_route=\/wp\/v2\/users\/1"}],"replies":[{"embeddable":true,"href":"https:\/\/aconteceunovale.com.br\/portal\/index.php?rest_route=%2Fwp%2Fv2%2Fcomments&post=53751"}],"version-history":[{"count":0,"href":"https:\/\/aconteceunovale.com.br\/portal\/index.php?rest_route=\/wp\/v2\/posts\/53751\/revisions"}],"wp:featuredmedia":[{"embeddable":true,"href":"https:\/\/aconteceunovale.com.br\/portal\/index.php?rest_route=\/wp\/v2\/media\/51181"}],"wp:attachment":[{"href":"https:\/\/aconteceunovale.com.br\/portal\/index.php?rest_route=%2Fwp%2Fv2%2Fmedia&parent=53751"}],"wp:term":[{"taxonomy":"category","embeddable":true,"href":"https:\/\/aconteceunovale.com.br\/portal\/index.php?rest_route=%2Fwp%2Fv2%2Fcategories&post=53751"},{"taxonomy":"post_tag","embeddable":true,"href":"https:\/\/aconteceunovale.com.br\/portal\/index.php?rest_route=%2Fwp%2Fv2%2Ftags&post=53751"}],"curies":[{"name":"wp","href":"https:\/\/api.w.org\/{rel}","templated":true}]}}