{"id":53738,"date":"2015-02-25T11:35:47","date_gmt":"2015-02-25T14:35:47","guid":{"rendered":"http:\/\/aconteceunovale.com.br\/portal\/?p=53738"},"modified":"2015-02-25T11:37:29","modified_gmt":"2015-02-25T14:37:29","slug":"primeiro-festival-internacional-de-musica-antiga-de-diamantina-segue-ate-1o-de-marco","status":"publish","type":"post","link":"https:\/\/aconteceunovale.com.br\/portal\/?p=53738","title":{"rendered":"Primeiro Festival Internacional de M\u00fasica Antiga de Diamantina segue at\u00e9 1\u00ba de mar\u00e7o"},"content":{"rendered":"<h4><strong><em>Patrim\u00f4nio Material e Imaterial: Um di\u00e1logo necess\u00e1rio<\/em><\/strong><\/h4>\n<p>A cidade de Diamantina, Patrim\u00f4nio da Humanidade pela Unesco, recebe at\u00e9 o dia 1\u00ba de mar\u00e7o, a primeira edi\u00e7\u00e3o do Festival Internacional de M\u00fasica Antiga de Diamantina. Com uma programa\u00e7\u00e3o inteiramente gratuita, o festival registrou apresenta\u00e7\u00f5es lotadas durante o primeiro final de semana de programa\u00e7\u00e3o, em locais como Igreja de Nossa Senhora do Carmo,  Casa de Chica da Silva &#8211; IPHAN, Teatro Santa Izabel e no Museu do Diamante \u2013 IBRAM. <\/p>\n<p>Nos pr\u00f3ximos dias, o festival ir\u00e1 receber apresenta\u00e7\u00f5es, oficinas e debates. Destaque para o encontro que vai discutir &#8220;O legado organ\u00e1rio brasileiro\u201d com as presen\u00e7as de Marco Brescia, Fr\u00e9d\u00e9ric Desmottes, Elisa Freixo e Marcela Bertelli; para a apresenta\u00e7\u00e3o do teatro de marionetes com a montagem de \u201cO Organista: cen\u00e1rios hist\u00f3ricos de Minas\u201d; e os concertos dos grupos Ministriles de Marsias e Flos Carmeli e dos artistas Elisa Freixo e Jo\u00e3o Vaz.<\/p>\n<p><center><img decoding=\"async\" src=\"http:\/\/aconteceunovale.com.br\/portal\/wp-content\/uploads\/2015\/02\/festival_ma_diamantina_2.jpg\" alt=\"\" \/><\/center><br \/>\n<\/br><\/p>\n<h4><strong>:: Festival<\/strong><\/h4>\n<p>Focado no desenvolvimento cultural, na forma\u00e7\u00e3o de plateias e no di\u00e1logo sobre as rela\u00e7\u00f5es entre patrim\u00f4nio material e patrim\u00f4nio imaterial, o festival apresenta uma programa\u00e7\u00e3o inteiramente voltada para a m\u00fasica antiga. Estreitando os la\u00e7os com a comunidade de Diamantina, o evento ir\u00e1 abrir espa\u00e7o para manifesta\u00e7\u00f5es musicais que est\u00e3o inseridas dentro do contexto hist\u00f3rico e social local. Com isso, a sonoridade dos berimbaus e o toque dos sinos tamb\u00e9m ganham destaque na programa\u00e7\u00e3o do 1\u00b0Festival Internacional de M\u00fasica Antiga de Diamantina.<\/p>\n<p>Com o objetivo de preservar um bem material com fun\u00e7\u00e3o imaterial e divulgar um importante patrim\u00f4nio brasileiro, o \u00f3rg\u00e3o Almeida e Silva\/Lobo de Mesquita, localizado no interior da Igreja de Nossa Senhora do Carmo, o festival se volta para a valoriza\u00e7\u00e3o musical e hist\u00f3rica e tamb\u00e9m para a rela\u00e7\u00e3o com a popula\u00e7\u00e3o da cidade. <\/p>\n<p>Muito mais do que palco ou cen\u00e1rio para o evento, Diamantina \u00e9 fonte de inspira\u00e7\u00e3o e v\u00e9rtice de uma not\u00e1vel produ\u00e7\u00e3o musical. Com um precioso acervo de partituras, toques de sinos, bandas musicais, toques de tambores, tradi\u00e7\u00e3o das serestas, instrumentos musicais, conservat\u00f3rio e artistas, a cidade, tamb\u00e9m abriga o \u00f3rg\u00e3o Almeida e Silva\/Lobo de Mesquita, instrumento montado integralmente no Brasil no s\u00e9culo XVIII, e que teve sua restaura\u00e7\u00e3o conclu\u00edda em 2014.<\/p>\n<p>Realizado pela Lira Cultura e pelo Minist\u00e9rio da Cultura, e com o patroc\u00ednio master do BNDES, o 1\u00b0Festival Internacional de M\u00fasica Antiga de Diamantina \u00e9 um evento inteiramente gratuito.<\/p>\n<p><center><img decoding=\"async\" src=\"http:\/\/aconteceunovale.com.br\/portal\/wp-content\/uploads\/2015\/02\/festival_ma_diamantina_3.jpg\" alt=\"\" \/><\/center><br \/>\n<\/br><\/p>\n<h4><strong>:: \u00d3rg\u00e3o<\/strong><\/h4>\n<p>O \u00f3rg\u00e3o hist\u00f3rico Almeida e Silva \/ Lobo de Mesquita da Vener\u00e1vel Ordem Terceira de Nossa Senhora do Carmo de Diamantina foi inteiro constru\u00eddo no antigo Arraial do Tejuco entre 1782 e 1787 pelo padre Manoel de Almeida e Silva.<\/p>\n<p>O processo de restaura\u00e7\u00e3o do \u00f3rg\u00e3o levou 8 anos e foi realizado em tr\u00eas etapas. A equipe de restauro contou com a dire\u00e7\u00e3o do mestre organeiro Fr\u00e9d\u00e9ric Desmottes, que desmontou o instrumento e inventariou cada parte. O organista Marco Brescia e o mestre organeiro Fr\u00e9d\u00e9ric Desmottes identificou todas as inscri\u00e7\u00f5es originais de Almeida e Silva para reconstituir o plano sonoro original do instrumento.<\/p>\n<p>O \u00f3rg\u00e3o Almeida e Silva \/ Lobo de Mesquita tem \u00e9 um bem cultural de valor inestim\u00e1vel no contexto do patrim\u00f4nio organ\u00e1rio brasileiro e internacional e foi devolvido para a comunidade de Diamantina, ap\u00f3s um hiato de 70 anos sem atividades.<\/p>\n<p><center><img decoding=\"async\" src=\"http:\/\/aconteceunovale.com.br\/portal\/wp-content\/uploads\/2015\/02\/festival_ma_diamantina_4.jpg\" alt=\"\" \/><\/center><br \/>\n<\/br><\/p>\n<h4><strong>:: Programa\u00e7\u00e3o &#8211; 2\u00b0 Semana<\/strong><\/h4>\n<p><strong>24\/02 \u2013 Ter\u00e7a-feira <\/strong><br \/>\n::Oficina<br \/>\nCurso de interpreta\u00e7\u00e3o hist\u00f3rica do repert\u00f3rio organ\u00edstico ib\u00e9rico e italiano<br \/>\nLocal: Igreja de N. S. do Carmo<br \/>\nEndere\u00e7o: Rua do Carmo, s\/n, Diamantina<br \/>\nHor\u00e1rio: 10h00 -12h00 e 15h00 &#8211; 19h00<br \/>\nMarco Brescia (repert\u00f3rio italiano) e Bruno Forst (repert\u00f3rio ib\u00e9rico)<\/p>\n<p>::Debate III<br \/>\nPatrim\u00f4nio Imaterial | Patrim\u00f4nio Material: o legado organ\u00e1rio brasileiro<br \/>\nLocal: Casa de Chica da Silva &#8211; IPHAN<br \/>\nEndere\u00e7o: Pra\u00e7a Lobo de Mesquita, 266, Diamantina<br \/>\nHor\u00e1rio: 15h00<br \/>\nPalestrantes:<br \/>\nMarco Brescia &#8211; Coordenador do restauro e organista titular do \u00f3rg\u00e3o hist\u00f3rico de Diamantina<br \/>\nFr\u00e9d\u00e9ric Desmottes &#8211; Mestre organeiro respons\u00e1vel pelo restauro do \u00f3rg\u00e3o hist\u00f3rico de Diamantina &#8211; Taller de Organer\u00eda Hermanos Desmottes<br \/>\nElisa Freixo &#8211; Coordenadora do restauro e organista titular dos \u00f3rg\u00e3os hist\u00f3ricos de Mariana e Tiradentes<br \/>\nMarcela Bertelli &#8211; Gestora do projeto de restauro do \u00f3rg\u00e3o hist\u00f3rico Almeida e Silva | Lobo de Mesquita de Diamantina &#8211; Lira Cultura<\/p>\n<p><strong>25\/02 \u2013 Quarta-feira <\/strong><br \/>\n::Teatro de Marionetes<br \/>\nO Organista: cen\u00e1rios hist\u00f3ricos de Minas<br \/>\nLocal: Teatro Santa Izabel<br \/>\nEndere\u00e7o: Pra\u00e7a Dom Joaquim, 166, Diamantina<br \/>\nHor\u00e1rio: 10h00<br \/>\nCIA Navegante (BRA)<br \/>\nSinopse: Uma fam\u00edlia e o amor pela m\u00fasica, passado de gera\u00e7\u00e3o em gera\u00e7\u00e3o. Cen\u00e1rios e personagens hist\u00f3ricos de Minas promovem encontros pr\u00e1 l\u00e1 de inusitados numa hist\u00f3ria fict\u00edcia: Dona Beja em Arax\u00e1, Xica da Silva em Diamantina, Alphonsus de Guimaraens e Manoel da Costa Ata\u00edde em Mariana e Aleijadinho em Ouro Preto.<br \/>\nDire\u00e7\u00e3o, cria\u00e7\u00e3o, projetos de bonecos, cen\u00e1rios e roteiro: Catin Nardi<br \/>\nTexto: Catin Nardi em processo colaborativo com a Escola de Teatro de Bonecos da Cia<br \/>\nNavegante.<br \/>\nConstru\u00e7\u00e3o de bonecos: Catin Nardi e Escola de Teatro de Bonecos da Cia<br \/>\nNavegante.<br \/>\nCen\u00e1rios e Figurinos: Catin Nardi e Escola de Teatro de Bonecos da Cia Navegante<br \/>\nTrilha Sonora: Pedro Mendes<br \/>\nAtores\/Manipuladores: Alexandre Reis, Luiz Augusto Martins, Magnum Alexandre Soares, Tabatta Iori Thiago.<\/p>\n<p>::Oficina<br \/>\nCurso de interpreta\u00e7\u00e3o hist\u00f3rica do repert\u00f3rio organ\u00edstico ib\u00e9rico e italiano<br \/>\nLocal: Igreja de N. S. do Carmo<br \/>\nEndere\u00e7o: Rua do Carmo, s\/n, Diamantina<br \/>\nHor\u00e1rio: 10h00 -12h00<br \/>\nBruno Forst (repert\u00f3rio ib\u00e9rico)<\/p>\n<p>::Encontro com os m\u00fasicos<br \/>\nMinistriles de Marsias (ESP)<br \/>\nLocal: Museu do Diamante<br \/>\nEndere\u00e7o: Rua Direita, 14, Diamantina<br \/>\nHor\u00e1rio: 19h30<\/p>\n<p><strong>26\/02 \u2013 Quinta-feira<\/strong><br \/>\n::Concerto IV<br \/>\nO \u00f3rg\u00e3o ibero-americano<br \/>\nLocal: Igreja de N. S. do Carmo<br \/>\nEndere\u00e7o: Rua do Carmo, s\/n, Diamantina<br \/>\nHor\u00e1rio: 20h30<br \/>\nElisa Freixo (BRA) &#8211; \u00f3rg\u00e3o hist\u00f3rico Almeida e Silva \/ Lobo de Mesquita<\/p>\n<p><strong>27\/02 \u2013 Sexta-feira <\/strong><br \/>\n::Concerto V<br \/>\nM\u00fasica instrumental nas catedrais aragonesas da Ilustra\u00e7\u00e3o<br \/>\nLocal: Igreja de N. S. do Carmo<br \/>\nEndere\u00e7o: Rua do Carmo, s\/n, Diamantina<br \/>\nHor\u00e1rio: 20h30<br \/>\nMinistriles de Marsias<br \/>\nJosep Borr\u00e0s (ESP) &#8211; baix\u00e3o<br \/>\nFernando S\u00e1nchez (ESP) &#8211; baix\u00e3o<br \/>\nJavier Artigas (ESP) &#8211; \u00f3rg\u00e3o<br \/>\nMarco Brescia (BRA\/ITA) &#8211; \u00f3rg\u00e3o<\/p>\n<p><strong>28\/02 \u2013 S\u00e1bado <\/strong><br \/>\n::Cortejo<br \/>\nBerimbarroco<br \/>\nLocal: Pra\u00e7a do Mercado<br \/>\nHor\u00e1rio: sa\u00edda \u00e0s 11h00<br \/>\n(Iuna , Benguela, Angola, S\u00e3o Bento e Batuque)<\/p>\n<p>::Concerto VI<br \/>\nFlos Carmeli<br \/>\nLocal: Igreja de N. S. do Carmo<br \/>\nEndere\u00e7o: Rua do Carmo, s\/n, Diamantina<br \/>\nHor\u00e1rio: 20h30<br \/>\nFavola d&#8217;Argo &#8211; M\u00fasica Antiga<br \/>\nBruno Forst (FRA\/ESP) &#8211; \u00f3rg\u00e3o e dire\u00e7\u00e3o<br \/>\nRosana Orsini (BRA\/PRT) &#8211; soprano<br \/>\nNerea Berraondo (ESP) &#8211; mezzosoprano<br \/>\nLuciano Botelho (BRA\/GBR) &#8211; tenor<br \/>\nPedro Ometto (BRA) &#8211; baixo-bar\u00edtono<br \/>\nDenys Stetsenko (UKR\/PRT) &#8211; violino I<br \/>\nMeritxell Gen\u00eds (ESP) &#8211; violino II<br \/>\nN\u00faria Pujolr\u00e0s (ESP) &#8211; viola<br \/>\nCarlos Montesinos (ESP) &#8211; violoncelo<br \/>\nOriol Casadevall (ESP) &#8211; contrabaixo<\/p>\n<p><strong>01\/03 \u2013 Domingo <\/strong><br \/>\n::Concerto VII<br \/>\nPortugal e a influ\u00eancia italiana<br \/>\nLocal: Igreja de N. S. do Carmo<br \/>\nEndere\u00e7o: Rua do Carmo, s\/n, Diamantina<br \/>\nHor\u00e1rio: 11h00<br \/>\nJo\u00e3o Vaz (PRT) &#8211; \u00f3rg\u00e3o hist\u00f3rico Almeida e Silva \/ Lobo de Mesquita<\/p>\n<h4><strong>::Evento de encerramento<\/strong><\/h4>\n<p>Sinos do Tejuco<br \/>\nLocal: Centro hist\u00f3rico<br \/>\nHor\u00e1rio: 16h00<\/p>\n<p><center><img decoding=\"async\" src=\"http:\/\/aconteceunovale.com.br\/portal\/wp-content\/uploads\/2015\/02\/festival_ma_diamantina_5.jpg\" alt=\"\" \/><\/center><br \/>\n<\/br><\/p>\n<h4><strong>:: Os Artistas<\/strong><\/h4>\n<p><strong>Bruno Forst (FRA\/ESP)<\/strong><br \/>\nDiplomado em \u00d3rg\u00e3o com medalha de ouro no Conservat\u00f3rio de Bordeaux, especializou-se no Centro de M\u00fasica Antiga de Toulouse. Junto ao Madrigal de Bordeaux, gravou a integral dos Motetes de F\u00e9lix Mendelssohn, pelo que recebeu o Choc du Monde de la Musique. Atuou no Festival de M\u00fasica Cl\u00e1sica de Santander, Festival de \u00d3rgano de Burgos, Festival Camino de Santiago, Festival de \u00d3rgano Barroco en Tierra de Campos (ESP), Festival International d&#8217;Arles sur Tec (FRA), Festival de M\u00fasica Antigua del Museo Nacional del Virreinato (MEX), dentre outros. Forst realiza um important\u00edssimo trabalho de pesquisa e interpreta\u00e7\u00e3o a partir da tablatura de tecla ib\u00e9rica, tendo gravado recentemente uma aclamada integral para \u00f3rg\u00e3o de Joseph de Torres (Brilliant Classics \u2013 2014).<\/p>\n<p><strong>Cia. Navegante &#8211; Teatro de Marionetes (BRA)<\/strong><br \/>\nA CIA NAVEGANTE \u2013 TEATRO DE MARIONETES, criada em 1994, realiza pesquisas, cria\u00e7\u00e3o e produ\u00e7\u00e3o de marionetes de fios, oficinas, montagens teatrais, publicidade, interven\u00e7\u00f5es e produ\u00e7\u00f5es televisivas com bonecos. Seu diretor, o marionetista Catin Nardi, dedica-se integralmente a esta arte desde 1981. A CIA NAVEGANTE se apresenta e ministra oficinas em festivais, teatros, circuitos culturais e tv. A abertura da novela \u201cAS FILHAS DA M\u00c3E\u201d e a mini-serie \u201cHOJE \u00c9 DIA DE MARIA 1 e 2\u201d da Rede Globo s\u00e3o algumas de suas importantes produ\u00e7\u00f5es televisivas. Sediada em Mariana \u2013 MG, se apresenta tamb\u00e9m em seu pr\u00f3prio \u201cEspa\u00e7o da Cultura Navegante \u2013 Ateli\u00ea Catin Nardi\u201d. No local, sala de teatro de marionetes, apresenta\u00e7\u00f5es, exposi\u00e7\u00e3o permanente do acervo pr\u00f3prio e a oficina de cria\u00e7\u00e3o e constru\u00e7\u00e3o de bonecos est\u00e3o abertos a visita\u00e7\u00e3o di\u00e1ria. http:\/\/www.cianavegante.com.br\/<\/p>\n<p><strong>Elisa Freixo (BRA)<\/strong><br \/>\nGraduada em \u00d3rg\u00e3o pela Escola Superior de M\u00fasica Santa Marcelina de S\u00e3o Paulo, estudou \u00d3rg\u00e3o e Cravo na Escola Superior de M\u00fasica e Artes C\u00eanicas de Hamburgo, Schola Cantorum de Paris e Conservat\u00f3rio Nacional de Rueil-Malmaison. Seus concertos a levam a viajar regularmente pelo Brasil, Am\u00e9rica Latina e Europa. Realizou 13 grava\u00e7\u00f5es fonogr\u00e1ficas, tendo o seu disco dedicado ao s\u00e9culo XVIII espanhol (Audivis Valois \u2013 1993) recebido o prestigioso Grand Prix du Disque da Nouvelle Academie Fran\u00e7aise. Incans\u00e1vel defensora do patrim\u00f4nio organ\u00e1rio hist\u00f3rico brasileiro, Freixo \u00e9 diretora das concorridas s\u00e9ries de concertos aos \u00f3rg\u00e3os hist\u00f3ricos da S\u00e9 de Mariana e da Matriz de Santo Ant\u00f4nio de Tiradentes, al\u00e9m do ciclo de concertos do Museu do Orat\u00f3rio de Ouro Preto.<\/p>\n<p><strong>Javier Artigas (ESP)<\/strong><br \/>\nDiplomado com premio extraordinario fin de carrera em Cravo e \u00d3rg\u00e3o no Conservatorio Superior de M\u00fasica de Arag\u00f3n. Realiza regularmente concertos pela Europa, \u00c1sia e Am\u00e9rica, tanto como solista como membro de grupos de prest\u00edgio como Ministriles de Marsias, Les Sacqueboutiers de Toulouse, I Turchini di Antonio Florio, Capella de Ministrers, Il trio Galante, Ensemble 415, La Orop\u00e9ndola. Na sua discografia destacam-se o \u00e1lbum de \u00f3rg\u00e3o solo Ta\u00f1er con Arte (Cinco Estrellas da revista Goldberg), Trazos de Ministriles (pr\u00eamio CD Compact ao melhor disco de m\u00fasica renascentista) e Invenciones de glosas \u2013 Antonio de Cabez\u00f3n (pr\u00eamio Festcl\u00e1sica \u00e0 melhor interpreta\u00e7\u00e3o do repert\u00f3rio hist\u00f3rico espanhol e ibero-americano), junto a Ministriles de Marsias.<\/p>\n<p><strong>Jo\u00e3o Vaz (PRT)<\/strong><br \/>\nDiplomado em \u00d3rg\u00e3o pela Escola Superior de M\u00fasica de Lisboa e pelo Conservatorio Superior de M\u00fasica de Arag\u00f3n e vencedor do Concurso da Juventude Musical Portuguesa, Vaz desenvolve uma intensa atividade internacional, quer como concertista, quer como docente. Gravou diversos discos, com especial aten\u00e7\u00e3o ao repert\u00f3rio organ\u00edstico portugu\u00eas. Professor de \u00f3rg\u00e3o da Escola Superior de M\u00fasica de Lisboa, \u00e9 organista titular do \u00f3rg\u00e3o hist\u00f3rico da Igreja de S\u00e3o Vicente de Fora de Lisboa (c. 1765) e consultor permanente para o restauro dos seis \u00f3rg\u00e3os da Bas\u00edlica do Pal\u00e1cio Nacional de Mafra. Doutor em Musicologia Hist\u00f3rica pela Universidade de \u00c9vora \u00e9 co-diretor do Festival Internacional de \u00d3rg\u00e3o de Lisboa e diretor do Festival de \u00d3rg\u00e3o da Madeira.<\/p>\n<p><strong>Josep Borr\u00e0s (ESP)<\/strong><br \/>\nEstudou na Schola Cantorum Basiliensis, colaborando com o Concentus Musicus Wien (Nicolaus Harnoncourt), La Chapelle Royale (Philippe Herreweghe) ou o Clemenic Consort (Ren\u00e9 Clemenic) e incorporando-se posteriormente como fagote solista nos grupos Hesperion XX e Concert des Nations (Jordi Savall) e Orquestra de Cambra Teatre Lliure (Josep Pons). Gravou in\u00fameros discos, com destaque para concertos para Obo\u00e9 e Fagote de Antonio Vivaldi (Audivis\/Astr\u00e9e) junto ao obo\u00edsta Alfredo Bernardini, pr\u00eamio ao melhor disco de m\u00fasica barroca no MIDEM \u2013 Cannes (1995). Borr\u00e0s \u00e9 Doutor pela Universidade Aut\u00f3noma de Barcelona, professor do Festival Internacional de M\u00fasica Antigua de Daroca e diretor da Escola Superior de M\u00fasica de Catalunya.<\/p>\n<p><strong>Luciano Botelho (BRA\/GBR)<\/strong><br \/>\nMestre em Canto L\u00edrico pela Guildhall School of Music and Drama de Londres, interpretou os mais emblem\u00e1ticos pap\u00e9is para tenor lirico-leggero em alguns dos mais prestigiosos teatros e festivais internacionais, como a Royal Opera House \u2013 Convent Garden, English National Opera e Glyndebourne (GBR), Teather an der Wien (AUT), Grand Th\u00e9\u00e2tre de Gen\u00e8ve e Festival de Verbier (CHE), Stuttgart Staatstheatre (DEU), Vars\u00f3via (POL), Nantes e Dijon (FRA), Caramoor Festival \u2013 Nova York (USA), Teatro Amazonas, Theatro Municipal do Rio de Janeiro e Teatro Municipal de S\u00e3o Paulo (BRA), dentre muitos outros. Botelho foi representante do Brasil no renomado concurso internacional de canto BBC Cardiff Singer of the World Competition. http:\/\/www.lucianobotelho.com<\/p>\n<p><strong>Marco Brescia (BRA\/ITA)<\/strong><br \/>\nDoutor em Ci\u00eancias Musicais (Universit\u00e9 Paris IV \u2013 Sorbonne \/ Universidade Nova de Lisboa, tr\u00e8s honorable \u00e0 l&#8217;unanimit\u00e9) e Mestre em Interpreta\u00e7\u00e3o da M\u00fasica Antiga \u2013 especialidade de \u00d3rg\u00e3o Hist\u00f3rico (Escola Superior de M\u00fasica de Catalunya \/ Universitat Aut\u00f2noma de Barcelona, matr\u00edcula de honor), Brescia dedica-se especialmente \u00e0 interpreta\u00e7\u00e3o hist\u00f3rica do repert\u00f3rio organ\u00edstico ib\u00e9rico e italiano, pelo que \u00e9 frequentemente convidado a atuar em renomados festivais e ciclos internacionais de concertos na Europa e no Brasil. Organista titular do \u00f3rg\u00e3o hist\u00f3rico Almeida e Silva\/Lobo de Mesquita de Diamantina (1787), \u00e9 tamb\u00e9m director art\u00edstico do Festival Internacional IN SPIRITUM \u2013 M\u00fasica e Contempla\u00e7\u00e3o na cidade do Porto. http:\/\/www.marcobrescia.com<\/p>\n<p><strong>Ministriles de Marsias (ESP)<\/strong><br \/>\nMinistriles de Marsias \u00e9 um mundialmente aclamado conjunto de instrumentistas de sopro dedicado \u00e0 interpreta\u00e7\u00e3o hist\u00f3rica da m\u00fasica instrumental das catedrais espanholas do Renascimento e Barroco, cujo nome alude \u00e0 disputa do \u00e1ulico tangedor de corsa, Apolo, contra o ministril Marsias, b\u00e1rbaro sileno que tocava o aulos. O grupo atuou em alguns dos mais prestigiosos festivais de M\u00fasica Antiga do mundo: Antu\u00e9rpia, Utrecht, Ghent, Perugia, Linz, San Sebasti\u00e1n, Segovia, Salamanca, Granada, Daroca, Sajazarra, Murcia, Le\u00f3n, Toledo, Aranjuez, dentre muitos outros. Na sua discografia de refer\u00eancia incontest\u00e1vel sobre a mat\u00e9ria, cobram especial relevo os premiados discos Trazos de Ministriles e Invenciones de glosas \u2013 Antonio de Cabez\u00f3n. http:\/\/www.ministrilesdemarsias.com<\/p>\n<p><strong>Nerea Berraondo (ESP)<\/strong><br \/>\nNatural de Pamplona, aos 25 anos Berraondo j\u00e1 atuou em algumas dos mais prestigiosos teatros e salas de concerto do mundo, tendo interpretado Adrasto e Creusa no Demofonte de Gluck (Theatre an der Wien), Lucio em Catone in Utica de Vivaldi (Theatre des Champs Elys\u00e9es), Malika na Lakm\u00e9 de Delibes (Teatro Municipal de Santiago do Chile), Messaggiera no Orfeo de Monteverdi (Teatro Real de Madrid), Arminda em Selva Encantada de Amor de Sebasti\u00e1n Dur\u00f3n (L\u2019Auditori de Barcelona), Fulbio em Tito Manlio de Vivaldi (Auditorio Nacional de Madrid e Centro Cultural de Bel\u00e9m). No mundo da M\u00fasica Antiga, cantou sob as ordens de Eduardo L\u00f3pez Banzo, Rinaldo Alessandrini, Alan Curtis, Marcello di Lisa, Josetxu Obreg\u00f3n, Marian Rosa Montagut, dentre outros. http:\/\/www.nereaberraondo.com<\/p>\n<p><strong>Pedro Ometto (BRA)<\/strong><br \/>\nBacharel em Canto pela Unesp, Pedro Ometto \u00e9 membro do NUO \u2013 N\u00facleo Universit\u00e1rio de \u00d3pera \u2013 desde 2004. Entre os pap\u00e9is oper\u00edsticos que representou constam Angelotti (Tosca), Gasparo (Rita), Papageno (A Flauta M\u00e1gica), Mamma Agata (Viva la Mamma), Schaunard (La Boh\u00e8me), Danilo (A Vi\u00fava Alegre) e Jupiter (Orfeu no Inferno). Estreou no Theatro Municipal de S\u00e3o Paulo como Major Blanco na \u00f3pera Magdalena, de Villa-Lobos. Recentemente, como baixo-bar\u00edtono, interpretou Dulcamara (Elixir do Amor) na Sala S\u00e3o Paulo. Atuou sob a reg\u00eancia de Ernst Mahle, Roberto Minczuk, Roberto Tibiri\u00e7\u00e1, Ulrich Kern, dentre outros. Em 2015 estrear\u00e1 como Bartolo (O Barbeiro de Sevilha) e representar\u00e1 o papel-t\u00edtulo em O Burgu\u00eas Nobre, de Lully. Atualmente, trabalha sob a orienta\u00e7\u00e3o de Isabel Maresca.<br \/>\n<iframe loading=\"lazy\" title=\"NUO - Der Mond - S\u00e3o Pedro (Pedro Ometto)\" width=\"696\" height=\"522\" src=\"https:\/\/www.youtube.com\/embed\/PxxaLmjSzAo?feature=oembed\" frameborder=\"0\" allow=\"accelerometer; autoplay; encrypted-media; gyroscope; picture-in-picture\" allowfullscreen><\/iframe><\/p>\n<p><strong>Rodrigo Teodoro (BRA\/PRT)<\/strong><br \/>\nMaestro graduado pela Escola de M\u00fasica da UFMG e Mestre em Interpreta\u00e7\u00e3o da M\u00fasica Antiga pela Escola Superior de M\u00fasica de Catalunya \/ Universitat Aut\u00f2noma de Barcelona, atualmente Teodoro conclui o seu Doutorado em Ci\u00eancias Musicais junto \u00e0 Universidade Nova de Lisboa. \u00c0 frente do grupo Capella Brasilica, gravou o disco Modinhas, aclamado pelas revistas Bravo, Concerto e Revista de Hist\u00f3ria da Biblioteca Nacional. Fundador do Alemmares Ensemble, dedica-se ao estudo musicol\u00f3gico e \u00e0 interpreta\u00e7\u00e3o historicamente fundamentada da m\u00fasica luso-brasileira. No mundo da M\u00fasica Antiga, colaborou em prestigiosos projetos junto a artistas de renome como Maria Cristina Kiehr e Chiara Banchini.<\/p>\n<h4><strong>:: Ficha T\u00e9cnica do Festival<\/strong><\/h4>\n<p>Realiza\u00e7\u00e3o: Minist\u00e9rio da Cultura  &#8211; Governo Federal &#8211; Lei de Incentivo \u00e0 Cultura e Lira Cultura<br \/>\nPatroc\u00ednio Master: BNDES &#8211; Banco Nacional de Desenvolvimento Econ\u00f4mico e Social<br \/>\nDire\u00e7\u00e3o executiva: Marcela Bertelli<br \/>\nDire\u00e7\u00e3o art\u00edstica: Marco Brescia<br \/>\nAssessoria art\u00edstica: An-Heleen De Greef<br \/>\nCuradoria de repert\u00f3rio: Mary \u00c2ngela Biason &#8211; Rodrigo Teodoro de Paula &#8211; Rosana Orsini<br \/>\nManuten\u00e7\u00e3o do \u00f3rg\u00e3o hist\u00f3rico Almeida e Silva \/ Lobo de Mesquita: Taller de Organer\u00eda Hermanos Desmottes (ESP)<br \/>\nProdu\u00e7\u00e3o: Carluccia Carrazza &#8211; Giulianna Gambogi<br \/>\nDesign Gr\u00e1fico: Bus\u00edlis da Comunica\u00e7\u00e3o<\/p>\n<h4><strong>:: Redes<\/strong><\/h4>\n<p>site &#8211; <a href=\"http:\/\/www.musicaantigadiamantina.com\/\" target=\"_blank\">http:\/\/www.musicaantigadiamantina.com\/<\/a><br \/>\nevento FB &#8211; <a href=\"https:\/\/www.facebook.com\/events\/748990098510497\" target=\"_blank\">https:\/\/www.facebook.com\/events\/748990098510497<\/a><br \/>\nInstagram &#8211; @musicaantigadiamantina<\/p>\n","protected":false},"excerpt":{"rendered":"<p>Patrim\u00f4nio Material e Imaterial: Um di\u00e1logo necess\u00e1rio A cidade de Diamantina, Patrim\u00f4nio da Humanidade pela Unesco, recebe at\u00e9 o dia 1\u00ba de mar\u00e7o, a primeira edi\u00e7\u00e3o do Festival Internacional de M\u00fasica Antiga de Diamantina. Com uma programa\u00e7\u00e3o inteiramente gratuita, o festival registrou apresenta\u00e7\u00f5es lotadas durante o primeiro final de semana de programa\u00e7\u00e3o, em locais como [&hellip;]<\/p>\n","protected":false},"author":1,"featured_media":53739,"comment_status":"open","ping_status":"closed","sticky":false,"template":"","format":"standard","meta":{"amp_status":"","footnotes":""},"categories":[120],"tags":[33208,198,34912,33209,34911],"class_list":["post-53738","post","type-post","status-publish","format-standard","has-post-thumbnail","hentry","category-jequi","tag-1festival-internacional-de-musica-antiga-de-diamantina","tag-diamantina","tag-festival-internacional-de-musica-antiga-de-diamantina","tag-primeiro-festival-internacional-de-musica-antiga-de-diamantina","tag-primeiro-festival-internacional-de-musica-antiga-de-diamantina-segue-ate-1o-de-marco"],"_links":{"self":[{"href":"https:\/\/aconteceunovale.com.br\/portal\/index.php?rest_route=\/wp\/v2\/posts\/53738","targetHints":{"allow":["GET"]}}],"collection":[{"href":"https:\/\/aconteceunovale.com.br\/portal\/index.php?rest_route=\/wp\/v2\/posts"}],"about":[{"href":"https:\/\/aconteceunovale.com.br\/portal\/index.php?rest_route=\/wp\/v2\/types\/post"}],"author":[{"embeddable":true,"href":"https:\/\/aconteceunovale.com.br\/portal\/index.php?rest_route=\/wp\/v2\/users\/1"}],"replies":[{"embeddable":true,"href":"https:\/\/aconteceunovale.com.br\/portal\/index.php?rest_route=%2Fwp%2Fv2%2Fcomments&post=53738"}],"version-history":[{"count":0,"href":"https:\/\/aconteceunovale.com.br\/portal\/index.php?rest_route=\/wp\/v2\/posts\/53738\/revisions"}],"wp:featuredmedia":[{"embeddable":true,"href":"https:\/\/aconteceunovale.com.br\/portal\/index.php?rest_route=\/wp\/v2\/media\/53739"}],"wp:attachment":[{"href":"https:\/\/aconteceunovale.com.br\/portal\/index.php?rest_route=%2Fwp%2Fv2%2Fmedia&parent=53738"}],"wp:term":[{"taxonomy":"category","embeddable":true,"href":"https:\/\/aconteceunovale.com.br\/portal\/index.php?rest_route=%2Fwp%2Fv2%2Fcategories&post=53738"},{"taxonomy":"post_tag","embeddable":true,"href":"https:\/\/aconteceunovale.com.br\/portal\/index.php?rest_route=%2Fwp%2Fv2%2Ftags&post=53738"}],"curies":[{"name":"wp","href":"https:\/\/api.w.org\/{rel}","templated":true}]}}