{"id":53734,"date":"2015-02-25T11:21:03","date_gmt":"2015-02-25T14:21:03","guid":{"rendered":"http:\/\/aconteceunovale.com.br\/portal\/?p=53734"},"modified":"2015-02-25T11:21:03","modified_gmt":"2015-02-25T14:21:03","slug":"serro-prepara-programacao-especial-para-a-semana-santa","status":"publish","type":"post","link":"https:\/\/aconteceunovale.com.br\/portal\/?p=53734","title":{"rendered":"Serro prepara programa\u00e7\u00e3o especial para a Semana Santa"},"content":{"rendered":"<h4><strong><em>Programa\u00e7\u00e3o come\u00e7a no dia 29 de mar\u00e7o e vai at\u00e9 05 de abril<\/em><\/strong><\/h4>\n<p>Passar a Semana Santa no Serro \u00e9 ter a certeza de experimentar religiosidade e tradi\u00e7\u00e3o, com liturgias, prociss\u00f5es e encena\u00e7\u00e3o do Grupo Marte, que se apresenta na cidade desde 1986. As ruas s\u00e3o caracterizadas e o teatro \u00e9 a atra\u00e7\u00e3o dos fi\u00e9is que lotam as pra\u00e7as da Matriz de Nossa Senhora da Concei\u00e7\u00e3o e Pra\u00e7a Dr. Jo\u00e3o Pinheiro. Cinquenta integrantes transformam a cidade hist\u00f3rica em uma pequena cidade santa. A programa\u00e7\u00e3o come\u00e7a no dia 29 de mar\u00e7o e vai at\u00e9 05 de abril.<\/p>\n<p><img decoding=\"async\" src=\"http:\/\/aconteceunovale.com.br\/portal\/wp-content\/uploads\/2015\/02\/semana_santa_serro_1.jpg\" alt=\"\" \/><em>Liturgias, prociss\u00f5es e encena\u00e7\u00e3o do Grupo Marte transformam a cidade hist\u00f3rica em uma pequena cidade santa &#8211; Foto: Divulga\u00e7\u00e3o \/ Ascom da Prefeitura de Serro<\/em><br \/>\n<\/br><\/p>\n<h4><strong>Programa\u00e7\u00e3o<\/strong><\/h4>\n<p><strong>29\/03 &#8211; Domingo de Ramos<\/strong> &#8211; Celebra\u00e7\u00e3o a partir de 8h30 terminando com prociss\u00e3o de ramos \u00e0s 17h00 saindo da igreja Santa Rita para Igreja Matriz.<\/p>\n<p><strong>30\/03 &#8211; Segunda-feira Santa<\/strong> \u2013 18h30 &#8211; Celebra\u00e7\u00e3o Eucar\u00edstica na Matriz Nossa Senhora da Concei\u00e7\u00e3o<\/p>\n<p><strong>31\/03 &#8211; Ter\u00e7a-feira Santa<\/strong> \u2013 20h00 Prociss\u00e3o de Nosso Senhor dos Passos saindo da Matriz at\u00e9 Igreja Santa Rita <\/p>\n<p><strong>01\/04 &#8211; Quarta-feira Santa<\/strong> \u2013 18h30 &#8211; Encena\u00e7\u00e3o do Serm\u00e3o da Montanha e Milagres no Largo do Pelourinho. Logo ap\u00f3s Prociss\u00e3o e Serm\u00e3o do Encontro na Pra\u00e7a Dr. Jo\u00e3o Pinheiro \u00e0s 20h00. <\/p>\n<p><strong>02\/04 &#8211; Quinta-feira Santa<\/strong> \u2013 19h30 Lava-p\u00e9s. Logo ap\u00f3s encena\u00e7\u00e3o da \u00faltima ceia tenta\u00e7\u00e3o e pris\u00e3o de Cristo no Largo do Pelourinho<\/p>\n<p><strong>03\/04 &#8211; Sexta-feira Santa<\/strong> &#8211; 20h00 \u2013 Serm\u00e3o na Pra\u00e7a Dr. Jo\u00e3o Pinheiro e encena\u00e7\u00e3o da Paix\u00e3o e Morte de Jesus pelo Grupo Marte. Logo ap\u00f3s prociss\u00e3o do enterro. <\/p>\n<p><strong>04\/04- S\u00e1bado Santo<\/strong> &#8211; 21h00 &#8211; Celebra\u00e7\u00e3o da Vig\u00edlia Pascal logo ap\u00f3s encena\u00e7\u00e3o do Julgamento e morte de Jesus na Pra\u00e7a Dr. Jo\u00e3o Pinheiro.  Prociss\u00e3o Luminosa do Sant\u00edssimo Sacramento &#8211; Matriz para Igreja do Carmo<\/p>\n<p><strong>05\/04 \u2013 Domingo de P\u00e1scoa<\/strong> &#8211; celebra\u00e7\u00f5es eucar\u00edsticas a partir de 08 da manh\u00e3 e encena\u00e7\u00e3o da ressurei\u00e7\u00e3o de Jesus, na Pra\u00e7a Jo\u00e3o Pinheiro, logo ap\u00f3s a missa das 19h00. <\/p>\n<p><em>OBS: Programa\u00e7\u00e3o sujeita a altera\u00e7\u00e3o. Mais informa\u00e7\u00f5es: (38) 3541-1221 \u2013 Casa Paroquial \u2013 Padre Maur\u00edlio Vaz<\/em><\/p>\n<p><img decoding=\"async\" src=\"http:\/\/aconteceunovale.com.br\/portal\/wp-content\/uploads\/2015\/02\/semana_santa_serro_1.jpg\" alt=\"\" \/><em>Liturgias, prociss\u00f5es e encena\u00e7\u00e3o do Grupo Marte transformam a cidade hist\u00f3rica em uma pequena cidade santa &#8211; Foto: Divulga\u00e7\u00e3o \/ Ascom da Prefeitura de Serro<\/em><br \/>\n<\/br><\/p>\n<p><strong><em>(Fonte: Ascom da Prefeitura de Serro)<\/em><\/strong><\/p>\n","protected":false},"excerpt":{"rendered":"<p>Programa\u00e7\u00e3o come\u00e7a no dia 29 de mar\u00e7o e vai at\u00e9 05 de abril Passar a Semana Santa no Serro \u00e9 ter a certeza de experimentar religiosidade e tradi\u00e7\u00e3o, com liturgias, prociss\u00f5es e encena\u00e7\u00e3o do Grupo Marte, que se apresenta na cidade desde 1986. As ruas s\u00e3o caracterizadas e o teatro \u00e9 a atra\u00e7\u00e3o dos fi\u00e9is [&hellip;]<\/p>\n","protected":false},"author":1,"featured_media":53735,"comment_status":"open","ping_status":"closed","sticky":false,"template":"","format":"standard","meta":{"amp_status":"","footnotes":""},"categories":[120],"tags":[34909,34910,34908,34907,154,34906],"class_list":["post-53734","post","type-post","status-publish","format-standard","has-post-thumbnail","hentry","category-jequi","tag-encenacao-do-grupo-marte","tag-grupo-marte","tag-programacao-da-semana-santa-no-serro","tag-semana-santa-no-serro","tag-serro","tag-serro-prepara-programacao-especial-para-a-semana-santa"],"_links":{"self":[{"href":"https:\/\/aconteceunovale.com.br\/portal\/index.php?rest_route=\/wp\/v2\/posts\/53734","targetHints":{"allow":["GET"]}}],"collection":[{"href":"https:\/\/aconteceunovale.com.br\/portal\/index.php?rest_route=\/wp\/v2\/posts"}],"about":[{"href":"https:\/\/aconteceunovale.com.br\/portal\/index.php?rest_route=\/wp\/v2\/types\/post"}],"author":[{"embeddable":true,"href":"https:\/\/aconteceunovale.com.br\/portal\/index.php?rest_route=\/wp\/v2\/users\/1"}],"replies":[{"embeddable":true,"href":"https:\/\/aconteceunovale.com.br\/portal\/index.php?rest_route=%2Fwp%2Fv2%2Fcomments&post=53734"}],"version-history":[{"count":0,"href":"https:\/\/aconteceunovale.com.br\/portal\/index.php?rest_route=\/wp\/v2\/posts\/53734\/revisions"}],"wp:featuredmedia":[{"embeddable":true,"href":"https:\/\/aconteceunovale.com.br\/portal\/index.php?rest_route=\/wp\/v2\/media\/53735"}],"wp:attachment":[{"href":"https:\/\/aconteceunovale.com.br\/portal\/index.php?rest_route=%2Fwp%2Fv2%2Fmedia&parent=53734"}],"wp:term":[{"taxonomy":"category","embeddable":true,"href":"https:\/\/aconteceunovale.com.br\/portal\/index.php?rest_route=%2Fwp%2Fv2%2Fcategories&post=53734"},{"taxonomy":"post_tag","embeddable":true,"href":"https:\/\/aconteceunovale.com.br\/portal\/index.php?rest_route=%2Fwp%2Fv2%2Ftags&post=53734"}],"curies":[{"name":"wp","href":"https:\/\/api.w.org\/{rel}","templated":true}]}}