{"id":53731,"date":"2015-02-25T11:06:11","date_gmt":"2015-02-25T14:06:11","guid":{"rendered":"http:\/\/aconteceunovale.com.br\/portal\/?p=53731"},"modified":"2015-02-25T11:08:10","modified_gmt":"2015-02-25T14:08:10","slug":"plantao-do-samu-no-norte-de-minas-gerais-24-de-fevereiro-de-2015","status":"publish","type":"post","link":"https:\/\/aconteceunovale.com.br\/portal\/?p=53731","title":{"rendered":"Plant\u00e3o do Samu no Norte de Minas Gerais &#8211; 24 de fevereiro de 2015"},"content":{"rendered":"<h4><em><strong>Ter\u00e7a-feira, 24 de fevereiro de 2015.<\/strong><\/em><\/h4>\n<p>A unidade do SAMU de Montes Claros realizou nesta ter\u00e7a-feira, 24\/02, 57 atendimentos, sendo 42 casos cl\u00ednicos, 12 ocorr\u00eancias de acidente de tr\u00e2nsito, todas envolvendo motocicleta; uma crian\u00e7a de 1 ano e 8 meses intoxicada por ingest\u00e3o de am\u00f4nia, no bairro Alterosa; um ferimento por arma de fogo; e uma crian\u00e7a de seis meses que caiu da pr\u00f3pria altura e sofreu afundamento de cr\u00e2nio.<\/p>\n<p>\u00c0 0h, a unidade do Samu foi acionada para atendimento a um homem de 23 anos que ficou ferido ap\u00f3s cair de moto, no bairro Alto S\u00e3o Jo\u00e3o. Ele se queixava de dor na regi\u00e3o da clav\u00edcula, com poss\u00edvel luxa\u00e7\u00e3o.<\/p>\n<p>\u00c0s 22h10, a unidade do Samu foi acionada para atendimento a um homem de 22 anos, que foi ferido por arma de fogo na Avenida Nossa Senhora de F\u00e1tima, bairro S\u00e3o Judas. Ele foi atingido na coluna dorsal.<\/p>\n<p>Duas pessoas ficaram feridas ao cair de moto, por volta das 19h, na Avenida Geraldo Athayde, bairro Vera Cruz. Unidades do Samu foram acionadas e encontraram a condutora da moto, de 21 anos, deambulando no local, com edema e dor no bra\u00e7o direito, e uma mulher de 21 anos, que estava na garupa da moto, com poss\u00edvel fratura da patela.<\/p>\n<p>\u00c0s 18h32, a unidade do Samu foi acionada para atendimento a um homem de 20 anos, que colidiu de moto contra um carro na Avenida Sidney Chaves, bairro Edgar Pereira. Ele conduzia a moto e se queixava de dor na regi\u00e3o lombar.<\/p>\n<p>\u00c0s 17h21 um homem de 38 caiu de moto na rua Dr. Veloso, regi\u00e3o central de Montes Claros e se queixava de dor em todo o corpo; e \u00e0s 15h52, um homem de 43 anos caiu de moto, no bairro Santa Cec\u00edlia, e apresentava corte contuso no calcanhar.<\/p>\n<p>\u00c0s 12h40, a unidade do Samu foi acionada para atendimento a um rapaz de 18 anos, que foi atropelada por um \u00f4nibus no bairro Jardim Alvorada. Ele transitava de bicicleta e ficou ferido na face e na boca e se queixava de dor intensa no bra\u00e7o direito, na regi\u00e3o da clav\u00edcula.<\/p>\n<p>\u00c0s 11h05, a unidade do Samu foi acionada para atendimento a um rapaz de 18 anos, que colidiu de moto contra um caminh\u00e3o, no bairro Esplanada. Ele conduzia a moto e sofreu fratura na perna direita.<\/p>\n<p>\u00c0s 7h33, a unidade do Samu foi acionada para atendimento a um homem de 21 anos, que colidiu de moto contra um carro na BR-380, km 32, sentido Montes Claros-Juramento. Ela conduzia a moto e se queixava de dor no bra\u00e7o esquerdo.<\/p>\n<p>\u00c0s 7h00, a unidade do Samu foi acionada para atendimento a uma mulher de 28 anos, que colidiu de moto contra uma caminhonete na Avenida Perimetral, bairro Vilage do Lago. Ele conduzia a moto e se queixava de dor no pesco\u00e7o e na cabe\u00e7a.<\/p>\n<p>Em todas as ocorr\u00eancias os feridos receberam os primeiros atendimentos no local e foram encaminhados ao hospital para avalia\u00e7\u00e3o.<\/p>\n","protected":false},"excerpt":{"rendered":"<p>Ter\u00e7a-feira, 24 de fevereiro de 2015. A unidade do SAMU de Montes Claros realizou nesta ter\u00e7a-feira, 24\/02, 57 atendimentos, sendo 42 casos cl\u00ednicos, 12 ocorr\u00eancias de acidente de tr\u00e2nsito, todas envolvendo motocicleta; uma crian\u00e7a de 1 ano e 8 meses intoxicada por ingest\u00e3o de am\u00f4nia, no bairro Alterosa; um ferimento por arma de fogo; e [&hellip;]<\/p>\n","protected":false},"author":1,"featured_media":46383,"comment_status":"open","ping_status":"closed","sticky":false,"template":"","format":"standard","meta":{"amp_status":"","footnotes":""},"categories":[1236],"tags":[210,24659,24089,18898,18108,34905,18629,21139,4040],"class_list":["post-53731","post","type-post","status-publish","format-standard","has-post-thumbnail","hentry","category-norte_de_minas","tag-montes-claros","tag-plantao-do-samu-de-montes-claros","tag-plantao-do-samu-do-norte-de-minas","tag-plantao-do-samu-macro-norte","tag-plantao-do-samu-no-norte-de-minas-gerais","tag-plantao-do-samu-no-norte-de-minas-gerais-24-de-fevereiro-de-2015","tag-samu-de-montes-claros","tag-samu-do-norte-de-minas","tag-samu-macro-norte"],"_links":{"self":[{"href":"https:\/\/aconteceunovale.com.br\/portal\/index.php?rest_route=\/wp\/v2\/posts\/53731","targetHints":{"allow":["GET"]}}],"collection":[{"href":"https:\/\/aconteceunovale.com.br\/portal\/index.php?rest_route=\/wp\/v2\/posts"}],"about":[{"href":"https:\/\/aconteceunovale.com.br\/portal\/index.php?rest_route=\/wp\/v2\/types\/post"}],"author":[{"embeddable":true,"href":"https:\/\/aconteceunovale.com.br\/portal\/index.php?rest_route=\/wp\/v2\/users\/1"}],"replies":[{"embeddable":true,"href":"https:\/\/aconteceunovale.com.br\/portal\/index.php?rest_route=%2Fwp%2Fv2%2Fcomments&post=53731"}],"version-history":[{"count":0,"href":"https:\/\/aconteceunovale.com.br\/portal\/index.php?rest_route=\/wp\/v2\/posts\/53731\/revisions"}],"wp:featuredmedia":[{"embeddable":true,"href":"https:\/\/aconteceunovale.com.br\/portal\/index.php?rest_route=\/wp\/v2\/media\/46383"}],"wp:attachment":[{"href":"https:\/\/aconteceunovale.com.br\/portal\/index.php?rest_route=%2Fwp%2Fv2%2Fmedia&parent=53731"}],"wp:term":[{"taxonomy":"category","embeddable":true,"href":"https:\/\/aconteceunovale.com.br\/portal\/index.php?rest_route=%2Fwp%2Fv2%2Fcategories&post=53731"},{"taxonomy":"post_tag","embeddable":true,"href":"https:\/\/aconteceunovale.com.br\/portal\/index.php?rest_route=%2Fwp%2Fv2%2Ftags&post=53731"}],"curies":[{"name":"wp","href":"https:\/\/api.w.org\/{rel}","templated":true}]}}