{"id":53726,"date":"2015-02-25T10:54:37","date_gmt":"2015-02-25T13:54:37","guid":{"rendered":"http:\/\/aconteceunovale.com.br\/portal\/?p=53726"},"modified":"2015-02-25T10:54:37","modified_gmt":"2015-02-25T13:54:37","slug":"previsao-do-tempo-para-minas-gerais-nesta-quarta-feira-25-de-fevereiro","status":"publish","type":"post","link":"https:\/\/aconteceunovale.com.br\/portal\/?p=53726","title":{"rendered":"Previs\u00e3o do tempo para Minas Gerais nesta quarta-feira, 25 de fevereiro"},"content":{"rendered":"<h4><em><strong>Pancadas de chuvas t\u00edpicas de ver\u00e3o em boa parte do Estado<\/strong><\/em><\/h4>\n<p>Nesta quarta-feira (25\/2), o c\u00e9u segue parcialmente nublado na maior parte de Minas Gerais. No per\u00edodo da tarde, as nuvens aumentam e ocorrem pancadas de chuva acompanhadas de descargadas atmosf\u00e9ricas nas mesorregi\u00f5es Noroeste, Central Mineira, Tri\u00e2ngulo, Oeste, Sul, Campo das Vertentes, Zona da Mata, Metropolitana de Belo Horizonte e parte do Vale do Rio Doce.<\/p>\n<p>As temperaturas ficam est\u00e1veis e os \u00edndices de umidade relativa em torno de 40% \u00e0 tarde, na maior parte do Estado. Na Regi\u00e3o Metropolitana de Belo Horizonte, o dia ser\u00e1 de c\u00e9u parcialmente nublado a nublado com pancadas de chuva e trovoadas a partir da tarde. Na capital mineira, as temperaturas oscilam entre 17 e 30\u00b0C.<\/p>\n","protected":false},"excerpt":{"rendered":"<p>Pancadas de chuvas t\u00edpicas de ver\u00e3o em boa parte do Estado Nesta quarta-feira (25\/2), o c\u00e9u segue parcialmente nublado na maior parte de Minas Gerais. No per\u00edodo da tarde, as nuvens aumentam e ocorrem pancadas de chuva acompanhadas de descargadas atmosf\u00e9ricas nas mesorregi\u00f5es Noroeste, Central Mineira, Tri\u00e2ngulo, Oeste, Sul, Campo das Vertentes, Zona da Mata, [&hellip;]<\/p>\n","protected":false},"author":1,"featured_media":51728,"comment_status":"open","ping_status":"closed","sticky":false,"template":"","format":"standard","meta":{"amp_status":"","footnotes":""},"categories":[123],"tags":[34896,1956,1839,29094,34897],"class_list":["post-53726","post","type-post","status-publish","format-standard","has-post-thumbnail","hentry","category-gerais","tag-25-de-fevereiro","tag-previsao-do-tempo","tag-previsao-do-tempo-para-minas-gerais","tag-previsao-do-tempo-para-minas-gerais-nesta-quarta-feira","tag-previsao-do-tempo-para-minas-gerais-nesta-quarta-feira-25-de-fevereiro"],"_links":{"self":[{"href":"https:\/\/aconteceunovale.com.br\/portal\/index.php?rest_route=\/wp\/v2\/posts\/53726","targetHints":{"allow":["GET"]}}],"collection":[{"href":"https:\/\/aconteceunovale.com.br\/portal\/index.php?rest_route=\/wp\/v2\/posts"}],"about":[{"href":"https:\/\/aconteceunovale.com.br\/portal\/index.php?rest_route=\/wp\/v2\/types\/post"}],"author":[{"embeddable":true,"href":"https:\/\/aconteceunovale.com.br\/portal\/index.php?rest_route=\/wp\/v2\/users\/1"}],"replies":[{"embeddable":true,"href":"https:\/\/aconteceunovale.com.br\/portal\/index.php?rest_route=%2Fwp%2Fv2%2Fcomments&post=53726"}],"version-history":[{"count":0,"href":"https:\/\/aconteceunovale.com.br\/portal\/index.php?rest_route=\/wp\/v2\/posts\/53726\/revisions"}],"wp:featuredmedia":[{"embeddable":true,"href":"https:\/\/aconteceunovale.com.br\/portal\/index.php?rest_route=\/wp\/v2\/media\/51728"}],"wp:attachment":[{"href":"https:\/\/aconteceunovale.com.br\/portal\/index.php?rest_route=%2Fwp%2Fv2%2Fmedia&parent=53726"}],"wp:term":[{"taxonomy":"category","embeddable":true,"href":"https:\/\/aconteceunovale.com.br\/portal\/index.php?rest_route=%2Fwp%2Fv2%2Fcategories&post=53726"},{"taxonomy":"post_tag","embeddable":true,"href":"https:\/\/aconteceunovale.com.br\/portal\/index.php?rest_route=%2Fwp%2Fv2%2Ftags&post=53726"}],"curies":[{"name":"wp","href":"https:\/\/api.w.org\/{rel}","templated":true}]}}