{"id":53722,"date":"2015-02-24T22:49:59","date_gmt":"2015-02-25T01:49:59","guid":{"rendered":"http:\/\/aconteceunovale.com.br\/portal\/?p=53722"},"modified":"2015-02-24T22:49:59","modified_gmt":"2015-02-25T01:49:59","slug":"caminhao-desgovernado-atinge-tres-carros-em-governador-valadares","status":"publish","type":"post","link":"https:\/\/aconteceunovale.com.br\/portal\/?p=53722","title":{"rendered":"Caminh\u00e3o desgovernado atinge tr\u00eas carros em Governador Valadares"},"content":{"rendered":"<h4><strong><em>Motorista pode ter esquecido de acionar o freio de m\u00e3o. Carros estavam na Rua Am\u00e9rico Martins de Melo, no Bairro S\u00e3o Paulo.<\/em><\/strong><\/h4>\n<p>Um caminh\u00e3o desgovernado bateu em tr\u00eas carros na tarde desta ter\u00e7a-feira, 24 de fevereiro, na Rua Am\u00e9rico Martins de Melo, no Bairro S\u00e3o Paulo, em Governador Valadares. De acordo com informa\u00e7\u00f5es da Pol\u00edcia Militar, ningu\u00e9m ficou ferido.<\/p>\n<p>O motorista do caminh\u00e3o pode ter esquecido de acionar o freio de m\u00e3o do ve\u00edculo que estava parado em uma rua inclinada. &#8220;O caminh\u00e3o estava estacionado no topo do morro ao lado direito. O motorista ao sair, provavelmente cometeu alguma falha ao acionar o freio de m\u00e3o. Ent\u00e3o o caminh\u00e3o desceu e atingiu primeiramente um Siena, que s\u00f3 parou porque um ve\u00edculo estava na rua e colidiu com ele. Posteriormente, o caminh\u00e3o acertou uma Saveiro e por \u00faltimo, outra Saveiro que estava estacionado em frente a um bar&#8221;, revelou o cabo Fernando da Pol\u00edcia Militar.<\/p>\n<p><img decoding=\"async\" src=\"http:\/\/aconteceunovale.com.br\/portal\/wp-content\/uploads\/2015\/02\/caminhao_desgovernado_gv.jpg\" alt=\"\" \/><em>Caminh\u00e3o desgovernado atingiu tr\u00eas carros na Rua Am\u00e9rico Martins de Melo (Foto: Aline Berbert\/G1)<\/em><br \/>\n<\/br><\/p>\n<p><strong><em>(Inter TV dos Vales)<\/em><\/strong><\/p>\n","protected":false},"excerpt":{"rendered":"<p>Motorista pode ter esquecido de acionar o freio de m\u00e3o. Carros estavam na Rua Am\u00e9rico Martins de Melo, no Bairro S\u00e3o Paulo. Um caminh\u00e3o desgovernado bateu em tr\u00eas carros na tarde desta ter\u00e7a-feira, 24 de fevereiro, na Rua Am\u00e9rico Martins de Melo, no Bairro S\u00e3o Paulo, em Governador Valadares. De acordo com informa\u00e7\u00f5es da Pol\u00edcia [&hellip;]<\/p>\n","protected":false},"author":1,"featured_media":53724,"comment_status":"open","ping_status":"closed","sticky":false,"template":"","format":"standard","meta":{"amp_status":"","footnotes":""},"categories":[121],"tags":[34895,247],"class_list":["post-53722","post","type-post","status-publish","format-standard","has-post-thumbnail","hentry","category-leste","tag-caminhao-desgovernado-atinge-tres-carros-em-governador-valadares","tag-governador-valadares"],"_links":{"self":[{"href":"https:\/\/aconteceunovale.com.br\/portal\/index.php?rest_route=\/wp\/v2\/posts\/53722","targetHints":{"allow":["GET"]}}],"collection":[{"href":"https:\/\/aconteceunovale.com.br\/portal\/index.php?rest_route=\/wp\/v2\/posts"}],"about":[{"href":"https:\/\/aconteceunovale.com.br\/portal\/index.php?rest_route=\/wp\/v2\/types\/post"}],"author":[{"embeddable":true,"href":"https:\/\/aconteceunovale.com.br\/portal\/index.php?rest_route=\/wp\/v2\/users\/1"}],"replies":[{"embeddable":true,"href":"https:\/\/aconteceunovale.com.br\/portal\/index.php?rest_route=%2Fwp%2Fv2%2Fcomments&post=53722"}],"version-history":[{"count":0,"href":"https:\/\/aconteceunovale.com.br\/portal\/index.php?rest_route=\/wp\/v2\/posts\/53722\/revisions"}],"wp:featuredmedia":[{"embeddable":true,"href":"https:\/\/aconteceunovale.com.br\/portal\/index.php?rest_route=\/wp\/v2\/media\/53724"}],"wp:attachment":[{"href":"https:\/\/aconteceunovale.com.br\/portal\/index.php?rest_route=%2Fwp%2Fv2%2Fmedia&parent=53722"}],"wp:term":[{"taxonomy":"category","embeddable":true,"href":"https:\/\/aconteceunovale.com.br\/portal\/index.php?rest_route=%2Fwp%2Fv2%2Fcategories&post=53722"},{"taxonomy":"post_tag","embeddable":true,"href":"https:\/\/aconteceunovale.com.br\/portal\/index.php?rest_route=%2Fwp%2Fv2%2Ftags&post=53722"}],"curies":[{"name":"wp","href":"https:\/\/api.w.org\/{rel}","templated":true}]}}