{"id":53708,"date":"2015-02-24T21:21:59","date_gmt":"2015-02-25T00:21:59","guid":{"rendered":"http:\/\/aconteceunovale.com.br\/portal\/?p=53708"},"modified":"2015-02-24T21:21:59","modified_gmt":"2015-02-25T00:21:59","slug":"juiz-diz-que-estava-com-porsche-de-eike-batista-para-proteger-o-carro-de-sol-e-chuva","status":"publish","type":"post","link":"https:\/\/aconteceunovale.com.br\/portal\/?p=53708","title":{"rendered":"Juiz diz que estava com Porsche de Eike Batista para proteger o carro de sol e chuva"},"content":{"rendered":"<h4><strong><em>Juiz afirma que levou o ve\u00edculo para a garagem do seu pr\u00e9dio por falta de vagas no p\u00e1tio da Justi\u00e7a Federal e por causa da lota\u00e7\u00e3o do dep\u00f3sito da Pol\u00edcia Federal.<\/em><\/strong><\/h4>\n<p>Flagrado dirigindo o Porsche de Eike Batista, apreendido pela Pol\u00edcia Federal na casa do empres\u00e1rio, o juiz titular da 3\u00aa Vara Federal Criminal do Rio de Janeiro, Fl\u00e1vio Roberto de Souza, afirma que levou o ve\u00edculo para a garagem do seu pr\u00e9dio, na Barra da Tijuca, Zona Oeste da cidade, por falta de vagas no p\u00e1tio da Justi\u00e7a Federal e por causa da lota\u00e7\u00e3o do dep\u00f3sito da Pol\u00edcia Federal.<\/p>\n<p>Na manha desta ter\u00e7a-feira, tanto o Porsche como o Lamborghini de Eike j\u00e1 estavam estacionados no p\u00e1tio da Justi\u00e7a, na zona portu\u00e1ria do Rio. O Lamborghini ir\u00e1 a leil\u00e3o na pr\u00f3xima quinta-feira (26). Mas n\u00e3o h\u00e1 data ainda para o leil\u00e3o do Porsche e de um terceiro carro de Eike, o Toyota Hilux SW4.<\/p>\n<p>Segundo o juiz, o objetivo era evitar que o carro fosse danificado ao ficar exposto aos efeitos do sol e da chuva. Apesar de ter chegado para dar expediente dirigindo o Porsche branco nesta ter\u00e7a-feira, por volta das 10h30, o magistrado negou ter utilizado o ve\u00edculo em proveito pr\u00f3prio.<\/p>\n<p>&#8220;O carro estava em dep\u00f3sito na garagem fechada desde o dia em que foi apreendido at\u00e9 hoje. Ele nunca foi usado e s\u00f3 veio hoje para o p\u00e1tio da Justi\u00e7a porque entrar\u00e1 no pr\u00f3ximo leil\u00e3o e ficar\u00e1 exposto para os interessados&#8221;, afirmou Souza.<\/p>\n<p><img decoding=\"async\" src=\"http:\/\/aconteceunovale.com.br\/portal\/wp-content\/uploads\/2015\/02\/porshe_eike_batista.jpg\" alt=\"\" \/><em>Juiz foi flagrado dirigindo o Porsche de Eike Batista &#8211; Foto: Reprodu\u00e7\u00e3o \/ R\u00e1dio Itatiaia<\/em><br \/>\n<\/br><\/p>\n<p>Al\u00e9m do Porsche, um Toyota tamb\u00e9m levado da casa de Eike estava no pr\u00e9dio de resid\u00eancia do juiz. Ele explicou ao Broadcast, servi\u00e7o de not\u00edcias em tempo real da Ag\u00eancia Estado, no entanto, que enviou um of\u00edcio ao Detran pedindo que os carros blindados do empres\u00e1rio ficassem \u00e0 disposi\u00e7\u00e3o da 3\u00aa Vara enquanto n\u00e3o v\u00e3o a leil\u00e3o. Segundo o juiz, n\u00e3o h\u00e1 irregularidade nisso, j\u00e1 que o Detran foi informado.<\/p>\n<p>Souza justificou um eventual uso do carro blindado pelo fato de sofrer amea\u00e7as por sua atua\u00e7\u00e3o no caso e disse que \u00e9 comum que a Justi\u00e7a pe\u00e7a a utiliza\u00e7\u00e3o de um carro apreendido para o pr\u00f3prio ju\u00edzo ao para a Pol\u00edcia Federal.<\/p>\n<p>&#8220;J\u00e1 recebi v\u00e1rias mensagens de pessoas do meio jur\u00eddico me avisando para tomar cuidado&#8221;, disse, sem citar nomes. Neste m\u00eas, o juiz pediu autoriza\u00e7\u00e3o \u00e0 Pol\u00edcia Federal para comprar uma arma do tipo Glock 40. Desde ent\u00e3o, vem andando armado e diz que est\u00e1 sendo seguido.<\/p>\n<p>Acusado de parcialidade no julgamento do caso pela defesa de Eike, que j\u00e1 pediu o seu afastamento, Souza diz que n\u00e3o teme qualquer medida tomada pelos advogados do empres\u00e1rio. Ele acusa a defesa de Eike de partir para um confronto pessoal diante da falta de argumento jur\u00eddico.<\/p>\n<p>&#8220;N\u00e3o tem como me afastarem da magistratura. S\u00f3 com uma senten\u00e7a transitada em julgado (\u00faltima inst\u00e2ncia). O que v\u00e3o fazer n\u00e3o importa. N\u00e3o tenho interesse em condenar ou absolver (o Eike)&#8221;, afirmou. <strong><em>(Ag\u00eancia Estado)<\/em><\/strong><\/p>\n","protected":false},"excerpt":{"rendered":"<p>Juiz afirma que levou o ve\u00edculo para a garagem do seu pr\u00e9dio por falta de vagas no p\u00e1tio da Justi\u00e7a Federal e por causa da lota\u00e7\u00e3o do dep\u00f3sito da Pol\u00edcia Federal. Flagrado dirigindo o Porsche de Eike Batista, apreendido pela Pol\u00edcia Federal na casa do empres\u00e1rio, o juiz titular da 3\u00aa Vara Federal Criminal do [&hellip;]<\/p>\n","protected":false},"author":1,"featured_media":53709,"comment_status":"open","ping_status":"closed","sticky":false,"template":"","format":"standard","meta":{"amp_status":"","footnotes":""},"categories":[6],"tags":[34866,23444,34864,23446,34868,34867,34865],"class_list":["post-53708","post","type-post","status-publish","format-standard","has-post-thumbnail","hentry","category-br","tag-3a-vara-federal-criminal-do-rio-de-janeiro","tag-eike-batista","tag-flagrado-dirigindo-o-porsche-de-eike-batista","tag-flavio-roberto-de-souza","tag-juiz-flagrado-dirigindo-o-porsche-de-eike-batista","tag-juiz-foi-flagrado-dirigindo-o-porsche-de-eike-batista","tag-porsche-de-eike-batista"],"_links":{"self":[{"href":"https:\/\/aconteceunovale.com.br\/portal\/index.php?rest_route=\/wp\/v2\/posts\/53708","targetHints":{"allow":["GET"]}}],"collection":[{"href":"https:\/\/aconteceunovale.com.br\/portal\/index.php?rest_route=\/wp\/v2\/posts"}],"about":[{"href":"https:\/\/aconteceunovale.com.br\/portal\/index.php?rest_route=\/wp\/v2\/types\/post"}],"author":[{"embeddable":true,"href":"https:\/\/aconteceunovale.com.br\/portal\/index.php?rest_route=\/wp\/v2\/users\/1"}],"replies":[{"embeddable":true,"href":"https:\/\/aconteceunovale.com.br\/portal\/index.php?rest_route=%2Fwp%2Fv2%2Fcomments&post=53708"}],"version-history":[{"count":0,"href":"https:\/\/aconteceunovale.com.br\/portal\/index.php?rest_route=\/wp\/v2\/posts\/53708\/revisions"}],"wp:featuredmedia":[{"embeddable":true,"href":"https:\/\/aconteceunovale.com.br\/portal\/index.php?rest_route=\/wp\/v2\/media\/53709"}],"wp:attachment":[{"href":"https:\/\/aconteceunovale.com.br\/portal\/index.php?rest_route=%2Fwp%2Fv2%2Fmedia&parent=53708"}],"wp:term":[{"taxonomy":"category","embeddable":true,"href":"https:\/\/aconteceunovale.com.br\/portal\/index.php?rest_route=%2Fwp%2Fv2%2Fcategories&post=53708"},{"taxonomy":"post_tag","embeddable":true,"href":"https:\/\/aconteceunovale.com.br\/portal\/index.php?rest_route=%2Fwp%2Fv2%2Ftags&post=53708"}],"curies":[{"name":"wp","href":"https:\/\/api.w.org\/{rel}","templated":true}]}}