{"id":53697,"date":"2015-02-24T20:12:24","date_gmt":"2015-02-24T23:12:24","guid":{"rendered":"http:\/\/aconteceunovale.com.br\/portal\/?p=53697"},"modified":"2015-02-24T20:12:24","modified_gmt":"2015-02-24T23:12:24","slug":"mgs-abre-300-vagas-para-a-atividade-de-servente-de-limpeza","status":"publish","type":"post","link":"https:\/\/aconteceunovale.com.br\/portal\/?p=53697","title":{"rendered":"MGS abre 300 vagas para a atividade de servente de limpeza"},"content":{"rendered":"<h4><strong><em>A remunera\u00e7\u00e3o \u00e9 de R$ 876,66 e s\u00e3o oferecidos benef\u00edcios como vale alimenta\u00e7\u00e3o, vale transporte e seguro de vida em grupo. Os postos de trabalho s\u00e3o para a RMBH<\/em><\/strong><\/h4>\n<p>A\u00a0<a href=\"http:\/\/mgs.srv.br\/\">Minas Gerais Administra\u00e7\u00e3o e Servi\u00e7os (MGS)<\/a>, empresa p\u00fablica vinculada \u00e0<a href=\"http:\/\/planejamento.mg.gov.br\/\" target=\"_blank\">\u00a0Secretaria de Estado de Gest\u00e3o e Planejamento (Seplag)<\/a>, abre sele\u00e7\u00e3o p\u00fablica simplificada para a atividade de Servi\u00e7os de Limpeza e Conserva\u00e7\u00e3o de Ambientes (servente de limpeza). S\u00e3o oferecidas 300 vagas para atender contratos de presta\u00e7\u00e3o de servi\u00e7os celebrados entre a MGS e seus clientes.<\/p>\n<p>A atividade exige realizar servi\u00e7os de limpeza, higieniza\u00e7\u00e3o e conserva\u00e7\u00e3o de piso, paredes, instala\u00e7\u00f5es sanit\u00e1rias, mobili\u00e1rios, vidros, escadas, corrim\u00f5es, lixeiras e demais depend\u00eancias e utens\u00edlios em geral. O servi\u00e7o de limpeza vai ser executado em grandes \u00e1reas externas, tais como p\u00e1tios, garagens, abrigos de res\u00edduos, dentre outros.<\/p>\n<p>A remunera\u00e7\u00e3o \u00e9 de R$ 876,66 e a MGS oferece ainda, como benef\u00edcios, vale alimenta\u00e7\u00e3o, vale transporte e seguro de vida em grupo. As vagas s\u00e3o para Belo Horizonte e Regi\u00e3o Metropolitana, com carga hor\u00e1ria de 44 horas semanais.<\/p>\n<p>As inscri\u00e7\u00f5es, gratuitas, v\u00e3o de 25 de fevereiro a 6 de mar\u00e7o de 2015, e podem ser feitas presencialmente na sede da MGS (Av. \u00c1lvares Cabral, 200, 2\u00ba andar, Centro, Belo Horizonte), ou pelo site\u00a0<a href=\"http:\/\/www.mgs.srv.br\/\">www.mgs.srv.br<\/a>. N\u00e3o h\u00e1 exig\u00eancia de comprova\u00e7\u00e3o de experi\u00eancia na fun\u00e7\u00e3o. \u00c9 exigida escolaridade de n\u00edvel fundamental incompleto, que corresponde \u00e0 antiga quarta s\u00e9rie prim\u00e1ria. A partir do dia 10 de mar\u00e7o, o cart\u00e3o de confirma\u00e7\u00e3o vai ser disponibilizado no mesmo endere\u00e7o eletr\u00f4nico.<\/p>\n<p>A prova est\u00e1 prevista para acontecer no dia 22 de mar\u00e7o deste ano, em Belo Horizonte. A informa\u00e7\u00e3o de convoca\u00e7\u00e3o contendo o local, a sala, a data definitiva e o hor\u00e1rio de realiza\u00e7\u00e3o das provas vai ser disponibilizada, exclusivamente, no site da MGS a partir de 16 de mar\u00e7o.<\/p>\n<p>O exame ser\u00e1 composto de 20 quest\u00f5es de m\u00faltipla escolha de acordo com o conte\u00fado program\u00e1tico disposto no anexo III do edital. Ser\u00e3o aprovados os candidatos que alcan\u00e7arem o m\u00ednimo de 50% do total de pontos distribu\u00eddos. O prazo para interposi\u00e7\u00e3o dos recursos ser\u00e1 de dois dias \u00fateis.<\/p>\n<p><strong>Casos especiais<\/strong><\/p>\n<p>Do total de vagas ofertadas, 10% ser\u00e3o reservadas \u00e0s pessoas com defici\u00eancia. No caso das lactantes, fica assegurado o direito de participarem do processo seletivo. Nos hor\u00e1rios previstos para amamenta\u00e7\u00e3o, a m\u00e3e poder\u00e1 retirar-se, temporariamente, da sala em que estar\u00e1 sendo realizada a prova, para atendimento ao seu beb\u00ea, em local especial.<\/p>\n<p>Edital e informa\u00e7\u00f5es adicionais tamb\u00e9m podem ser obtidos pelo site\u00a0<a href=\"http:\/\/www.mgs.srv.br\/\">www.mgs.srv.br<\/a>\u00a0ou pelo telefone (31) 3239-8700.<\/p>\n","protected":false},"excerpt":{"rendered":"<p>A remunera\u00e7\u00e3o \u00e9 de R$ 876,66 e s\u00e3o oferecidos benef\u00edcios como vale alimenta\u00e7\u00e3o, vale transporte e seguro de vida em grupo. Os postos de trabalho s\u00e3o para a RMBH A\u00a0Minas Gerais Administra\u00e7\u00e3o e Servi\u00e7os (MGS), empresa p\u00fablica vinculada \u00e0\u00a0Secretaria de Estado de Gest\u00e3o e Planejamento (Seplag), abre sele\u00e7\u00e3o p\u00fablica simplificada para a atividade de Servi\u00e7os [&hellip;]<\/p>\n","protected":false},"author":1,"featured_media":53698,"comment_status":"open","ping_status":"closed","sticky":false,"template":"","format":"standard","meta":{"amp_status":"","footnotes":""},"categories":[123],"tags":[34847,34845,34846,34848,3372,34849],"class_list":["post-53697","post","type-post","status-publish","format-standard","has-post-thumbnail","hentry","category-gerais","tag-mgs","tag-mgs-abre-300-vagas-para-a-atividade-de-servente-de-limpeza","tag-minas-gerais-administracao-e-servicos","tag-secretaria-de-estado-de-gestao-e-planejamento","tag-seplag","tag-servicos-de-limpeza-e-conservacao-de-ambientes"],"_links":{"self":[{"href":"https:\/\/aconteceunovale.com.br\/portal\/index.php?rest_route=\/wp\/v2\/posts\/53697","targetHints":{"allow":["GET"]}}],"collection":[{"href":"https:\/\/aconteceunovale.com.br\/portal\/index.php?rest_route=\/wp\/v2\/posts"}],"about":[{"href":"https:\/\/aconteceunovale.com.br\/portal\/index.php?rest_route=\/wp\/v2\/types\/post"}],"author":[{"embeddable":true,"href":"https:\/\/aconteceunovale.com.br\/portal\/index.php?rest_route=\/wp\/v2\/users\/1"}],"replies":[{"embeddable":true,"href":"https:\/\/aconteceunovale.com.br\/portal\/index.php?rest_route=%2Fwp%2Fv2%2Fcomments&post=53697"}],"version-history":[{"count":0,"href":"https:\/\/aconteceunovale.com.br\/portal\/index.php?rest_route=\/wp\/v2\/posts\/53697\/revisions"}],"wp:featuredmedia":[{"embeddable":true,"href":"https:\/\/aconteceunovale.com.br\/portal\/index.php?rest_route=\/wp\/v2\/media\/53698"}],"wp:attachment":[{"href":"https:\/\/aconteceunovale.com.br\/portal\/index.php?rest_route=%2Fwp%2Fv2%2Fmedia&parent=53697"}],"wp:term":[{"taxonomy":"category","embeddable":true,"href":"https:\/\/aconteceunovale.com.br\/portal\/index.php?rest_route=%2Fwp%2Fv2%2Fcategories&post=53697"},{"taxonomy":"post_tag","embeddable":true,"href":"https:\/\/aconteceunovale.com.br\/portal\/index.php?rest_route=%2Fwp%2Fv2%2Ftags&post=53697"}],"curies":[{"name":"wp","href":"https:\/\/api.w.org\/{rel}","templated":true}]}}