{"id":53676,"date":"2015-02-24T12:06:07","date_gmt":"2015-02-24T15:06:07","guid":{"rendered":"http:\/\/aconteceunovale.com.br\/portal\/?p=53676"},"modified":"2015-02-24T12:06:07","modified_gmt":"2015-02-24T15:06:07","slug":"montes-claros-constroi-barraginhas-para-captacao-de-agua-da-chuva","status":"publish","type":"post","link":"https:\/\/aconteceunovale.com.br\/portal\/?p=53676","title":{"rendered":"Montes Claros constr\u00f3i barraginhas para capta\u00e7\u00e3o de \u00e1gua da chuva"},"content":{"rendered":"<h4><strong><em>Medida ajuda pequenos produtores a enfrentar os per\u00edodos de estiagem.<\/em><\/strong><\/h4>\n<p>A constru\u00e7\u00e3o de barraginhas para capta\u00e7\u00e3o de enxurradas tem ajudado os pequenos produtores rurais de Montes Claros, no Norte de Minas, a enfrentar o ver\u00e3o de poucas chuvas e a tem\u00edvel estiagem do inverno na regi\u00e3o. N\u00e3o se trata de uma ideia in\u00e9dita no munic\u00edpio, mas dessa vez ganhou aten\u00e7\u00e3o especial da prefeitura, que pretende fechar o ano com 3 mil pequenos lagos com capacidade entre 50 mil e 400 mil litros de \u00e1gua, segundo previs\u00e3o do secret\u00e1rio municipal de Desenvolvimento Sustent\u00e1vel, Agricultura e Agropecu\u00e1ria, Ildeu Maia. \u201cO primeiro objetivo \u00e9 recuperar o len\u00e7ol fre\u00e1tico com a conten\u00e7\u00e3o dessa \u00e1gua de chuva, que ser\u00e1 absorvida pelo solo. Os reservat\u00f3rios est\u00e3o sendo constru\u00eddos pr\u00f3ximos aos cursos de rios e nascentes, para preserv\u00e1-los e beneficiar outras regi\u00f5es\u201d, explicou Maia.<\/p>\n<p>A mais recente investida da prefeitura foi no Distrito de Riacho Fundo, onde nos \u00faltimos 40 dias foram constru\u00eddas 18 barraginhas. \u201cPara nossa comunidade foi uma conquista, pois 70% da renda econ\u00f4mica do distrito prov\u00e9m da agropecu\u00e1ria. J\u00e1 conseguimos resultados positivos, depois de uma chuva recente, com o armazenamento total de uma barraginha e parcial das demais\u201d, destacou o presidente da Associa\u00e7\u00e3o dos Pequenos Produtores de Riacho Fundo, Adenilson Leite dos Santos. \u201cImagino que este ano vamos enfrentar a estiagem em melhores condi\u00e7\u00f5es, principalmente se tivermos mais chuvas cont\u00ednuas entre mar\u00e7o e abril, sem que o rio sofra com o assoreamento\u201d, prev\u00ea.<\/p>\n<p>De acordo com Ildeu Maia, a implanta\u00e7\u00e3o das barraginhas na \u00e1rea rural do munic\u00edpio j\u00e1 teve bons resultados em outros distritos. \u201cEm S\u00e3o Domingos, onde a agricultura familiar e pequenos produtores abastecem programas sociais alimentares, esses reservat\u00f3rios, constru\u00eddos h\u00e1 cinco anos, conseguiram minimizar os danos das duas \u00faltimas estiagem, principalmente, para a fruticultura. V\u00e1rias nascentes foram recompostas numa \u00e1rea de vales. Al\u00e9m da constru\u00e7\u00e3o de novas barraginhas, vamos recuperar aquelas que foram assoreadas\u201d.<\/p>\n<p>Segundo Maia, a expectativa inicial \u00e9 de conten\u00e7\u00e3o do volume pluvial para recupera\u00e7\u00e3o do len\u00e7ol fre\u00e1tico. \u201cPor\u00e9m, se no per\u00edodo de estiagem esse lagos ainda tiverem volumes de \u00e1gua, poder\u00e3o hidratar os animais, entre outros usos\u201d.<\/p>\n<p><img decoding=\"async\" src=\"http:\/\/aconteceunovale.com.br\/portal\/wp-content\/uploads\/2015\/02\/barraginhas_moc.jpg\" alt=\"\" \/><em>Constru\u00e7\u00e3o de reservat\u00f3rio no Distrito de Riacho Fundo visa recuperar len\u00e7ol fre\u00e1tico e enfrentar estiagens &#8211; Foto: Secretaria Municipal de Agropecu\u00e1ria de Montes Claros<\/em><br \/>\n<\/br><\/p>\n<p><em><strong>(Estado de Minas)<\/strong><\/em><\/p>\n","protected":false},"excerpt":{"rendered":"<p>Medida ajuda pequenos produtores a enfrentar os per\u00edodos de estiagem. A constru\u00e7\u00e3o de barraginhas para capta\u00e7\u00e3o de enxurradas tem ajudado os pequenos produtores rurais de Montes Claros, no Norte de Minas, a enfrentar o ver\u00e3o de poucas chuvas e a tem\u00edvel estiagem do inverno na regi\u00e3o. N\u00e3o se trata de uma ideia in\u00e9dita no munic\u00edpio, [&hellip;]<\/p>\n","protected":false},"author":1,"featured_media":53677,"comment_status":"open","ping_status":"closed","sticky":false,"template":"","format":"standard","meta":{"amp_status":"","footnotes":""},"categories":[1236],"tags":[34814,28196,210,34813],"class_list":["post-53676","post","type-post","status-publish","format-standard","has-post-thumbnail","hentry","category-norte_de_minas","tag-barraginhas-construidas-em-montes-claros","tag-ildeu-maia","tag-montes-claros","tag-montes-claros-constroi-barraginhas-para-captacao-de-agua-da-chuva"],"_links":{"self":[{"href":"https:\/\/aconteceunovale.com.br\/portal\/index.php?rest_route=\/wp\/v2\/posts\/53676","targetHints":{"allow":["GET"]}}],"collection":[{"href":"https:\/\/aconteceunovale.com.br\/portal\/index.php?rest_route=\/wp\/v2\/posts"}],"about":[{"href":"https:\/\/aconteceunovale.com.br\/portal\/index.php?rest_route=\/wp\/v2\/types\/post"}],"author":[{"embeddable":true,"href":"https:\/\/aconteceunovale.com.br\/portal\/index.php?rest_route=\/wp\/v2\/users\/1"}],"replies":[{"embeddable":true,"href":"https:\/\/aconteceunovale.com.br\/portal\/index.php?rest_route=%2Fwp%2Fv2%2Fcomments&post=53676"}],"version-history":[{"count":0,"href":"https:\/\/aconteceunovale.com.br\/portal\/index.php?rest_route=\/wp\/v2\/posts\/53676\/revisions"}],"wp:featuredmedia":[{"embeddable":true,"href":"https:\/\/aconteceunovale.com.br\/portal\/index.php?rest_route=\/wp\/v2\/media\/53677"}],"wp:attachment":[{"href":"https:\/\/aconteceunovale.com.br\/portal\/index.php?rest_route=%2Fwp%2Fv2%2Fmedia&parent=53676"}],"wp:term":[{"taxonomy":"category","embeddable":true,"href":"https:\/\/aconteceunovale.com.br\/portal\/index.php?rest_route=%2Fwp%2Fv2%2Fcategories&post=53676"},{"taxonomy":"post_tag","embeddable":true,"href":"https:\/\/aconteceunovale.com.br\/portal\/index.php?rest_route=%2Fwp%2Fv2%2Ftags&post=53676"}],"curies":[{"name":"wp","href":"https:\/\/api.w.org\/{rel}","templated":true}]}}