{"id":53671,"date":"2015-02-24T11:57:15","date_gmt":"2015-02-24T14:57:15","guid":{"rendered":"http:\/\/aconteceunovale.com.br\/portal\/?p=53671"},"modified":"2015-02-24T12:00:34","modified_gmt":"2015-02-24T15:00:34","slug":"protesto-dos-caminhoneiros-continua-em-pelo-menos-sete-trechos-de-rodovias-mineiras","status":"publish","type":"post","link":"https:\/\/aconteceunovale.com.br\/portal\/?p=53671","title":{"rendered":"Protesto dos caminhoneiros continua em pelo menos sete trechos de rodovias mineiras"},"content":{"rendered":"<h4><strong><em>Protesto bloqueia circula\u00e7\u00e3o de ve\u00edculos de carga em importantes rodovias do estado. N\u00e3o h\u00e1 previs\u00e3o para o fim da manifesta\u00e7\u00e3o.<\/em><\/strong><\/h4>\n<p>Caminhoneiros mant\u00eam o bloqueio parcial em pelo menos sete trechos de rodovias federais mineiras, na manh\u00e3 desta ter\u00e7a-feira O protesto se estende por mais de 48 horas e impede a passagem de ve\u00edculos de carga. Somente carros menores e \u00f4nibus t\u00eam a circula\u00e7\u00e3o liberada. <\/p>\n<p>Segundo a Pol\u00edcia Rodovi\u00e1ria Federal (PRF) os pontos de interdi\u00e7\u00e3o est\u00e3o na BR-381, em Igarap\u00e9, na Regi\u00e3o Metropolitana de Belo Horizonte, Oliveira e Perd\u00f5es, no Centro-Oeste, na BR-262, em Juatuba, na Grande BH, e Realeza, distrito de Manhua\u00e7u, Zona da Mata, al\u00e9m da BR- 040, em Nova Lima e Contagem. H\u00e1 interdi\u00e7\u00e3o ainda na MG-050, em Ita\u00fana e Divin\u00f3polis, no Centro-Oeste.<\/p>\n<p>Os motoristas protestam contra a alta do pre\u00e7o do \u00f3leo diesel e exigem o aumento do valor do frete. Eles reivindicam ainda a revis\u00e3o da Lei 12.619, aprovada no Congresso e que deve ser sancionada pela presidente Dilma Rousseff. Segundo a legisla\u00e7\u00e3o, o motorista deve repousar 11 horas num prazo de 24 horas e parar por uma hora por refei\u00e7\u00e3o. Os caminhoneiros querem 8 horas de descanso.<\/p>\n<p>A situa\u00e7\u00e3o \u00e9 mais cr\u00edtica na BR-381, no trecho entre BH e S\u00e3o Paulo. De acordo com a Autopista Fern\u00e3o Dias, concession\u00e1ria que administra a rodovia, entre os KMs 521 e 513, em Igarap\u00e9, h\u00e1 17 quil\u00f4metros de congestionamento no sentido BH e 8 quil\u00f4metros na dire\u00e7\u00e3o contr\u00e1ria. <\/p>\n<p>Em Oliveira, a fila de caminh\u00f5es e carretas parados \u00e9 de 5 quil\u00f4metros do km 622 a 617, na pista norte que leva a BH. Em dire\u00e7\u00e3o a SP, o tr\u00e2nsito est\u00e1 livre. Em Perd\u00f5es, entre o km 682 e 677, h\u00e1 cinco quil\u00f4metros de congestionamento no sentido Belo Horizonte, enquanto na pista oposta a circula\u00e7\u00e3o de ve\u00edculos est\u00e1 desimpedida. <\/p>\n<p>Na BR-040, sentido Rio de Janeiro, a fila de caminh\u00f5es e carretas se estende por cerca de 12 quil\u00f4metros, segundo a Via 040, empresa respons\u00e1vel pela rodovia. A concession\u00e1ria informou que o protesto na BR-040, na Regi\u00e3o da Ceasa, em Contagem, foi encerrado e a pista se encontra sem bloqueio. A PRF n\u00e3o confirma.<\/p>\n<div id=\"fb-root\"><\/div>\n<p><script>(function(d, s, id) {  var js, fjs = d.getElementsByTagName(s)[0];  if (d.getElementById(id)) return;  js = d.createElement(s); js.id = id;  js.src = \"\/\/connect.facebook.net\/pt_BR\/all.js#xfbml=1\";  fjs.parentNode.insertBefore(js, fjs);}(document, 'script', 'facebook-jssdk'));<\/script><\/p>\n<div class=\"fb-post\" data-href=\"https:\/\/www.facebook.com\/video.php?v=365795853599869\" data-width=\"610\">\n<div class=\"fb-xfbml-parse-ignore\"><a href=\"https:\/\/www.facebook.com\/video.php?v=365795853599869\">Publica\u00e7\u00e3o<\/a> by <a href=\"https:\/\/www.facebook.com\/aconteceunovale\">Aconteceu no VALE<\/a>.<\/div>\n<\/div>\n<p><strong>Preju\u00edzos<\/strong><\/p>\n<p>A greve dos caminhoneiros j\u00e1 afeta as ind\u00fastrias. A Fiat resolveu dispensar funcion\u00e1rios dos turnos da tarde e da noite segunda-feira e dos dois primeiros de ter\u00e7a. Segundo a empresa, caminh\u00f5es carregados com pe\u00e7as ficaram presos no protesto, afetando o estoque de componentes utilizados na montagem dos ve\u00edculos.<\/p>\n<p>Nessa segunda-feira, Advocacia-Geral da Uni\u00e3o (AGU) ingressou com a\u00e7\u00f5es na Justi\u00e7a Federal em sete estados para pedir a suspens\u00e3o imediata dos bloqueios de rodovias promovidos por caminhoneiros. Essa foi a forma escolhida pela categoria para protestar contra o aumento no diesel e pelo reajuste no frete.<\/p>\n<p>A AGU, al\u00e9m de pedir a ado\u00e7\u00e3o de medidas necess\u00e1rias para garantir o direito de ir e vir das pessoas, liberando as pistas para livre circula\u00e7\u00e3o, solicitou ainda a fixa\u00e7\u00e3o de multa de R$ 100 mil para cada hora que os manifestantes se recusarem a liberar o tr\u00e1fego. As a\u00e7\u00f5es foram ajuizadas simultaneamente nos em Minas, Goi\u00e1s, Mato Grosso do Sul, Mato Grosso, Paran\u00e1, Santa Catarina e Rio Grande do Sul.<\/p>\n<p><em><strong>(Estado de Minas)<\/strong><\/em><\/p>\n","protected":false},"excerpt":{"rendered":"<p>Protesto bloqueia circula\u00e7\u00e3o de ve\u00edculos de carga em importantes rodovias do estado. N\u00e3o h\u00e1 previs\u00e3o para o fim da manifesta\u00e7\u00e3o. Caminhoneiros mant\u00eam o bloqueio parcial em pelo menos sete trechos de rodovias federais mineiras, na manh\u00e3 desta ter\u00e7a-feira O protesto se estende por mais de 48 horas e impede a passagem de ve\u00edculos de carga. [&hellip;]<\/p>\n","protected":false},"author":1,"featured_media":53672,"comment_status":"open","ping_status":"closed","sticky":false,"template":"","format":"standard","meta":{"amp_status":"","footnotes":""},"categories":[123],"tags":[34806,34811,34802,34808,34805,34732,34807,34628,34812,34731,34804,34810,34803,34809],"class_list":["post-53671","post","type-post","status-publish","format-standard","has-post-thumbnail","hentry","category-gerais","tag-estradas-bloqueadas-pelos-caminhoneiros","tag-estradas-bloqueadas-pelos-caminhoneiros-em-minas-gerais","tag-locais-bloqueados-pelos-caminhoneiros","tag-locais-bloqueados-pelos-caminhoneiros-em-minas-gerais","tag-manifestacao-dos-caminhoneiros","tag-manifestacao-dos-caminhoneiros-em-minas-gerais","tag-prejuizos-com-o-protesto-dos-caminhoneiros","tag-protesto-dos-caminhoneiros","tag-protesto-dos-caminhoneiros-continua-em-pelo-menos-sete-trechos-de-rodovias-mineiras","tag-protesto-dos-caminhoneiros-em-minas-gerais","tag-rodovias-bloqueadas-pelos-caminhoneiros","tag-rodovias-bloqueadas-pelos-caminhoneiros-em-minas-gerais","tag-trechos-bloqueados-pelos-caminhoneiros","tag-trechos-bloqueados-pelos-caminhoneiros-em-minas-gerais"],"_links":{"self":[{"href":"https:\/\/aconteceunovale.com.br\/portal\/index.php?rest_route=\/wp\/v2\/posts\/53671","targetHints":{"allow":["GET"]}}],"collection":[{"href":"https:\/\/aconteceunovale.com.br\/portal\/index.php?rest_route=\/wp\/v2\/posts"}],"about":[{"href":"https:\/\/aconteceunovale.com.br\/portal\/index.php?rest_route=\/wp\/v2\/types\/post"}],"author":[{"embeddable":true,"href":"https:\/\/aconteceunovale.com.br\/portal\/index.php?rest_route=\/wp\/v2\/users\/1"}],"replies":[{"embeddable":true,"href":"https:\/\/aconteceunovale.com.br\/portal\/index.php?rest_route=%2Fwp%2Fv2%2Fcomments&post=53671"}],"version-history":[{"count":0,"href":"https:\/\/aconteceunovale.com.br\/portal\/index.php?rest_route=\/wp\/v2\/posts\/53671\/revisions"}],"wp:featuredmedia":[{"embeddable":true,"href":"https:\/\/aconteceunovale.com.br\/portal\/index.php?rest_route=\/wp\/v2\/media\/53672"}],"wp:attachment":[{"href":"https:\/\/aconteceunovale.com.br\/portal\/index.php?rest_route=%2Fwp%2Fv2%2Fmedia&parent=53671"}],"wp:term":[{"taxonomy":"category","embeddable":true,"href":"https:\/\/aconteceunovale.com.br\/portal\/index.php?rest_route=%2Fwp%2Fv2%2Fcategories&post=53671"},{"taxonomy":"post_tag","embeddable":true,"href":"https:\/\/aconteceunovale.com.br\/portal\/index.php?rest_route=%2Fwp%2Fv2%2Ftags&post=53671"}],"curies":[{"name":"wp","href":"https:\/\/api.w.org\/{rel}","templated":true}]}}