{"id":53668,"date":"2015-02-24T11:41:30","date_gmt":"2015-02-24T14:41:30","guid":{"rendered":"http:\/\/aconteceunovale.com.br\/portal\/?p=53668"},"modified":"2015-02-24T11:41:30","modified_gmt":"2015-02-24T14:41:30","slug":"caminhao-atropela-e-mata-idosa-em-frente-ao-mercado-municipal-de-salinas","status":"publish","type":"post","link":"https:\/\/aconteceunovale.com.br\/portal\/?p=53668","title":{"rendered":"Caminh\u00e3o atropela e mata idosa em frente ao Mercado Municipal de Salinas"},"content":{"rendered":"<h4><em><strong>Acidente aconteceu em frente ao mercado municipal da cidade. V\u00edtima n\u00e3o portava nenhum documento de identifica\u00e7\u00e3o.<\/strong><\/em><\/h4>\n<p>Uma idosa morreu ap\u00f3s ser atropelada por um caminh\u00e3o de combust\u00edveis na manh\u00e3 desta ter\u00e7a-feira, 24 de fevereiro, em Salinas, no Norte de Minas. O acidente aconteceu em frente ao Mercado Municipal da cidade.<\/p>\n<p>De acordo com a Pol\u00edcia Militar, o caminh\u00e3o passou por cima da idosa, que ficou completamente deformada e ainda n\u00e3o foi poss\u00edvel identific\u00e1-la oficialmente, pois, at\u00e9 o momento, nenhum parente compareceu para reconhecer o corpo. A v\u00edtima n\u00e3o portava nenhum documento pessoal.<\/p>\n<p>Uma equipe do Servi\u00e7o de Atendimento M\u00f3vel de Urg\u00eancia (Samu) esteve no local, mas nada pode ser feito. A Per\u00edcia T\u00e9cnica da Pol\u00edcia Civil foi acionada para os procedimentos de praxe. O condutor do caminh\u00e3o foi conduzido ao quartel da Pol\u00edcia Militar para registro da ocorr\u00eancia.<\/p>\n<p><img decoding=\"async\" src=\"http:\/\/aconteceunovale.com.br\/portal\/wp-content\/uploads\/2015\/02\/atropelamento_salinas.jpg\" alt=\"\" \/><em>Acidente aconteceu em frente ao Mercado Municipal &#8211; Foto: P\u00e1gina Galera em Foco<\/em><\/p>\n","protected":false},"excerpt":{"rendered":"<p>Acidente aconteceu em frente ao mercado municipal da cidade. V\u00edtima n\u00e3o portava nenhum documento de identifica\u00e7\u00e3o. Uma idosa morreu ap\u00f3s ser atropelada por um caminh\u00e3o de combust\u00edveis na manh\u00e3 desta ter\u00e7a-feira, 24 de fevereiro, em Salinas, no Norte de Minas. O acidente aconteceu em frente ao Mercado Municipal da cidade. De acordo com a Pol\u00edcia [&hellip;]<\/p>\n","protected":false},"author":1,"featured_media":53669,"comment_status":"open","ping_status":"closed","sticky":false,"template":"","format":"standard","meta":{"amp_status":"","footnotes":""},"categories":[1236],"tags":[13619,34800,34801,190],"class_list":["post-53668","post","type-post","status-publish","format-standard","has-post-thumbnail","hentry","category-norte_de_minas","tag-acidente-em-salinas","tag-caminhao-atropela-e-mata-idosa-em-frente-ao-mercado-municipal-de-salinas","tag-idosa-atropelada-em-salinas","tag-salinas"],"_links":{"self":[{"href":"https:\/\/aconteceunovale.com.br\/portal\/index.php?rest_route=\/wp\/v2\/posts\/53668","targetHints":{"allow":["GET"]}}],"collection":[{"href":"https:\/\/aconteceunovale.com.br\/portal\/index.php?rest_route=\/wp\/v2\/posts"}],"about":[{"href":"https:\/\/aconteceunovale.com.br\/portal\/index.php?rest_route=\/wp\/v2\/types\/post"}],"author":[{"embeddable":true,"href":"https:\/\/aconteceunovale.com.br\/portal\/index.php?rest_route=\/wp\/v2\/users\/1"}],"replies":[{"embeddable":true,"href":"https:\/\/aconteceunovale.com.br\/portal\/index.php?rest_route=%2Fwp%2Fv2%2Fcomments&post=53668"}],"version-history":[{"count":0,"href":"https:\/\/aconteceunovale.com.br\/portal\/index.php?rest_route=\/wp\/v2\/posts\/53668\/revisions"}],"wp:featuredmedia":[{"embeddable":true,"href":"https:\/\/aconteceunovale.com.br\/portal\/index.php?rest_route=\/wp\/v2\/media\/53669"}],"wp:attachment":[{"href":"https:\/\/aconteceunovale.com.br\/portal\/index.php?rest_route=%2Fwp%2Fv2%2Fmedia&parent=53668"}],"wp:term":[{"taxonomy":"category","embeddable":true,"href":"https:\/\/aconteceunovale.com.br\/portal\/index.php?rest_route=%2Fwp%2Fv2%2Fcategories&post=53668"},{"taxonomy":"post_tag","embeddable":true,"href":"https:\/\/aconteceunovale.com.br\/portal\/index.php?rest_route=%2Fwp%2Fv2%2Ftags&post=53668"}],"curies":[{"name":"wp","href":"https:\/\/api.w.org\/{rel}","templated":true}]}}