{"id":53663,"date":"2015-02-24T10:55:14","date_gmt":"2015-02-24T13:55:14","guid":{"rendered":"http:\/\/aconteceunovale.com.br\/portal\/?p=53663"},"modified":"2015-02-24T10:55:14","modified_gmt":"2015-02-24T13:55:14","slug":"plantao-do-samu-no-norte-de-minas-gerais-23-de-fevereiro-de-2015","status":"publish","type":"post","link":"https:\/\/aconteceunovale.com.br\/portal\/?p=53663","title":{"rendered":"Plant\u00e3o do Samu no Norte de Minas Gerais &#8211; 23 de fevereiro de 2015"},"content":{"rendered":"<p><strong><em>Segunda-feira, 23 de fevereiro de 2015.<\/em><\/strong><\/p>\n<p>A unidade do SAMU de Montes Claros realizou nesta segunda-feira 47 atendimentos, sendo 28 casos cl\u00ednicos, 18 ocorr\u00eancias de acidente de tr\u00e2nsito, todos envolvendo motocicleta, e um trabalho de parto.<\/p>\n<p>\u00c0 0h, a unidade do Samu foi acionada para atendimento a um homem de 23 anos que ficou ferido ap\u00f3s colidir de moto contra um animal (cachorro), na Vila Telma. Ele sofreu escoria\u00e7\u00f5es nos bra\u00e7os e pernas, sem suspeita de fratura.<\/p>\n<p>\u00c0s 19h30, a unidade do Samu foi acionada para atendimento a um adolescente de 14 anos que transitava de moto na Avenida Nossa Senhora de F\u00e1tima, e ficou ferido em um acidente envolvendo uma moto e um carro. Ele apresentava hematoma na face. Os outros condutores nada sofreram.<\/p>\n<p>Duas pessoas ficaram feridas em acidente envolvendo duas motocicletas ocorrido por volta das 19h, na rua S\u00e3o Paulo, bairro Todos os Santos. Unidades do Samu foram acionadas e encontraram no local uma mulher de 50 anos, com corte contuso na m\u00e3o, pass\u00edvel de sutura e edema no tornozelo, e um homem de 44 anos, com luxa\u00e7\u00e3o no joelho.<\/p>\n<p>\u00c0s 18h11, a unidade do Samu foi acionada para atendimento a um homem de 23 anos que ficou ferido ap\u00f3s colidir de moto contra um poste. Ele apresentava corte contuso no queixo , dor em regi\u00e3o lombar e escoria\u00e7\u00f5es na perna direita.<\/p>\n<p>\u00c0s 18h11, a unidade do Samu foi acionada para atendimento a uma crian\u00e7a de 8 anos, que foi atropelada por uma moto no bairro Alto da Boa Vista.  Os socorristas encontraram a crian\u00e7a consciente e orientada, ca\u00edda ao solo, com perda de dente e escoria\u00e7\u00f5es nos bra\u00e7os e pernas e no abd\u00f4men.<\/p>\n<p>Duas pessoas ficaram feridas em acidente envolvendo um carro e uma moto, ocorrido por volta das 16h40h, na rua C\u00f4nego Chaves, bairro Morrinhos. Unidades do Samu foram acionadas e encontraram no local um homem de 43 anos, que conduzia o carro, com queixa de palpita\u00e7\u00f5es ap\u00f3s o susto, sem outros ferimentos; e um homem de 27 anos, que conduzia a moto, com escoria\u00e7\u00f5es na face e na perna direita e edema no tornozelo.<\/p>\n<p>Duas pessoas ficaram feridas em acidente envolvendo uma moto, um carro e um caminh\u00e3o ocorrido por volta das 16h20h, na Estrada da Produ\u00e7\u00e3o, zona rural de Montes Claros. Unidades do Samu foram acionadas e encontraram no local um homem de 69 anos, que conduzia a moto, com suspeita de fratura do joelho direito e corte contuso na perna direita e bra\u00e7o esquerdo; e um homem de 50 anos, que conduzia a moto, deambulando no local e apresentando escoria\u00e7\u00f5es na m\u00e3o direita e nos bra\u00e7os.<\/p>\n<p>\u00c0s 15h40 uma mulher de 26 caiu de moto no centro; e \u00e0s 15h30, um homem de 36 anos caiu de bicicleta no bairro Universit\u00e1rio.<\/p>\n<p>Uma pessoa ficou ferida em acidente envolvendo uma moto e um carro ocorrido por volta das 14h, na rua Padre Vieira, bairro Canelas I. Unidades do Samu foram acionadas e encontraram no local um homem de 30 anos, que conduzia a moto, com escoria\u00e7\u00f5es nos bra\u00e7os e pernas e se queixando de dor lombar.<\/p>\n<p>\u00c0s 12h20, a unidade do Samu foi acionada para atendimento a dois homens de 19 anos, que colidiram de moto contra um carro na Avenida Carib\u00e9, bairro Canelas I. Condutor e carona estavam e conscientes orientados, apresentando escoria\u00e7\u00f5es nos bra\u00e7os e pernas.<\/p>\n<p>\u00c0s 12h05, a unidade do Samu foi acionada para atendimento a um homem de 55 anos, que colidiu de moto contra um carro na Avenida do C\u00f3rrego das Melancias, bairro Santa L\u00facia. Ele conduzia a moto e apresentava escoria\u00e7\u00f5es nos bra\u00e7os e pernas.<\/p>\n<p>\u00c0s 11h45, a unidade do Samu foi acionada para atendimento a um homem de 28 anos, que colidiu de bicicleta contra um carro na Avenida Deputado Pl\u00ednio Ribeiro, bairro Monte Carmelo I. Ele conduzia a bicicleta e relata que seguia \u00e0 margem da via quando o ve\u00edculo abriu subitamente a porta. Com o impacto, ele sofreu um corte contuso no ombro esquerdo e se queixava de dor intensa.<\/p>\n<p>\u00c0s 11h15, a unidade do Samu foi acionada para atendimento a um homem de 26 anos, que colidiu de moto contra um carro na rua G, bairro Ciro dos Anjos. Ele conduzia a moto e se queixava de dor na cabe\u00e7a, sem sinais de fratura.<\/p>\n<p>Em todas as ocorr\u00eancias os feridos receberam os primeiros atendimentos no local e foram encaminhados ao hospital para avalia\u00e7\u00e3o.<\/p>\n","protected":false},"excerpt":{"rendered":"<p>Segunda-feira, 23 de fevereiro de 2015. A unidade do SAMU de Montes Claros realizou nesta segunda-feira 47 atendimentos, sendo 28 casos cl\u00ednicos, 18 ocorr\u00eancias de acidente de tr\u00e2nsito, todos envolvendo motocicleta, e um trabalho de parto. \u00c0 0h, a unidade do Samu foi acionada para atendimento a um homem de 23 anos que ficou ferido [&hellip;]<\/p>\n","protected":false},"author":1,"featured_media":46383,"comment_status":"open","ping_status":"closed","sticky":false,"template":"","format":"standard","meta":{"amp_status":"","footnotes":""},"categories":[1236],"tags":[210,24659,24089,18898,18108,34796,18629,21139,4040],"class_list":["post-53663","post","type-post","status-publish","format-standard","has-post-thumbnail","hentry","category-norte_de_minas","tag-montes-claros","tag-plantao-do-samu-de-montes-claros","tag-plantao-do-samu-do-norte-de-minas","tag-plantao-do-samu-macro-norte","tag-plantao-do-samu-no-norte-de-minas-gerais","tag-plantao-do-samu-no-norte-de-minas-gerais-23-de-fevereiro-de-2015","tag-samu-de-montes-claros","tag-samu-do-norte-de-minas","tag-samu-macro-norte"],"_links":{"self":[{"href":"https:\/\/aconteceunovale.com.br\/portal\/index.php?rest_route=\/wp\/v2\/posts\/53663","targetHints":{"allow":["GET"]}}],"collection":[{"href":"https:\/\/aconteceunovale.com.br\/portal\/index.php?rest_route=\/wp\/v2\/posts"}],"about":[{"href":"https:\/\/aconteceunovale.com.br\/portal\/index.php?rest_route=\/wp\/v2\/types\/post"}],"author":[{"embeddable":true,"href":"https:\/\/aconteceunovale.com.br\/portal\/index.php?rest_route=\/wp\/v2\/users\/1"}],"replies":[{"embeddable":true,"href":"https:\/\/aconteceunovale.com.br\/portal\/index.php?rest_route=%2Fwp%2Fv2%2Fcomments&post=53663"}],"version-history":[{"count":0,"href":"https:\/\/aconteceunovale.com.br\/portal\/index.php?rest_route=\/wp\/v2\/posts\/53663\/revisions"}],"wp:featuredmedia":[{"embeddable":true,"href":"https:\/\/aconteceunovale.com.br\/portal\/index.php?rest_route=\/wp\/v2\/media\/46383"}],"wp:attachment":[{"href":"https:\/\/aconteceunovale.com.br\/portal\/index.php?rest_route=%2Fwp%2Fv2%2Fmedia&parent=53663"}],"wp:term":[{"taxonomy":"category","embeddable":true,"href":"https:\/\/aconteceunovale.com.br\/portal\/index.php?rest_route=%2Fwp%2Fv2%2Fcategories&post=53663"},{"taxonomy":"post_tag","embeddable":true,"href":"https:\/\/aconteceunovale.com.br\/portal\/index.php?rest_route=%2Fwp%2Fv2%2Ftags&post=53663"}],"curies":[{"name":"wp","href":"https:\/\/api.w.org\/{rel}","templated":true}]}}