{"id":53660,"date":"2015-02-24T10:52:24","date_gmt":"2015-02-24T13:52:24","guid":{"rendered":"http:\/\/aconteceunovale.com.br\/portal\/?p=53660"},"modified":"2015-02-24T10:52:24","modified_gmt":"2015-02-24T13:52:24","slug":"inscricoes-para-concurso-internacional-de-redacao-de-cartas-vao-ate-17-de-marco","status":"publish","type":"post","link":"https:\/\/aconteceunovale.com.br\/portal\/?p=53660","title":{"rendered":"Inscri\u00e7\u00f5es para Concurso Internacional de Reda\u00e7\u00e3o de Cartas v\u00e3o at\u00e9 17 de mar\u00e7o"},"content":{"rendered":"<h4><strong><em>No ano passado, uma mineira de Belo Horizonte conquistou o segundo lugar nacional.<\/em><\/strong><\/h4>\n<p>O Concurso Internacional de Reda\u00e7\u00e3o de Cartas, que est\u00e1 na 44\u00aa edi\u00e7\u00e3o, \u00e9 realizado no Brasil pelos Correios e promovido em todo o mundo pela Uni\u00e3o Postal Universal (UPU) \u2014 entidade que congrega os operadores postais de 192 pa\u00edses \u2014 com o objetivo de desenvolver a habilidade de composi\u00e7\u00e3o dos jovens; contribuir para o estreitamento das rela\u00e7\u00f5es de amizade internacionais e aprimorar a comunica\u00e7\u00e3o por meio da escrita. O tema para este ano \u00e9 &#8220;Escreva uma carta para descrever o mundo onde gostaria de crescer&#8221;. Poder\u00e3o participar estudantes de at\u00e9 15 anos de idade da rede p\u00fablica e privada de ensino. As inscri\u00e7\u00f5es v\u00e3o at\u00e9 o dia 17 de mar\u00e7o.<\/p>\n<p>As reda\u00e7\u00f5es devem ser redigidas de pr\u00f3prio punho, com caneta esferogr\u00e1fica preta ou azul e escritas em l\u00edngua portuguesa, contendo no m\u00e1ximo 800 palavras em formato de carta. Para participar, o estudante dever\u00e1 passar por uma sele\u00e7\u00e3o em sua escola, na qual ser\u00e1 escolhida a carta que ir\u00e1 represent\u00e1-la. Cada escola pode inscrever no m\u00e1ximo duas reda\u00e7\u00f5es.<\/p>\n<p>Ser\u00e3o realizadas duas fases: estadual e nacional. Na estadual, ser\u00e3o premiadas as tr\u00eas melhores reda\u00e7\u00f5es de cada diretoria regional dos Correios. O primeiro colocado ganhar\u00e1 um tablet; o segundo receber\u00e1 um smartphone e o terceiro, uma c\u00e2mera digital. J\u00e1 na fase nacional, o vencedor ganhar\u00e1 uma TV e um trof\u00e9u, e sua reda\u00e7\u00e3o representar\u00e1 o Brasil na etapa internacional, a ser realizada pela Uni\u00e3o Postal Universal. As escolas tamb\u00e9m recebem pr\u00eamios, como computadores e impressoras.<\/p>\n<p>Em 2014, o concurso teve a participa\u00e7\u00e3o de 3.674 estudantes de escolas p\u00fablicas e particulares de todo o Brasil. Fernanda de Souza Valente, do Amap\u00e1, foi a vencedora nacional. A mineira J\u00falia Oliveira Melo, do Col\u00e9gio Logos\u00f3fico, de Belo Horizonte, foi a segunda colocada. Sob o tema \u201cEscreva uma carta para dizer de que modo a m\u00fasica influencia a vida\u201d, ela redigiu uma mensagem para o compositor Beethoven, contando a hist\u00f3ria de uma menina de 15 anos que sofre um acidente de carro, ficando surda.<\/p>\n<p>Na fase internacional do concurso, o Brasil \u00e9 o 2\u00b0 melhor pa\u00eds em n\u00famero de vit\u00f3rias, com tr\u00eas medalhas de ouro, atr\u00e1s apenas da China, com cinco.<\/p>\n<p>O regulamento completo do concurso est\u00e1 dispon\u00edvel no site dos Correios, no link: <a href=\"http:\/\/www.correios.com.br\/sobre-correios\/sustentabilidade\/vertente-social\/concurso-internacional-de-redacao-de-cartas\" target=\"_blank\">http:\/\/www.correios.com.br\/sobre-correios\/sustentabilidade\/vertente-social\/concurso-internacional-de-redacao-de-cartas<\/a>.<\/p>\n","protected":false},"excerpt":{"rendered":"<p>No ano passado, uma mineira de Belo Horizonte conquistou o segundo lugar nacional. O Concurso Internacional de Reda\u00e7\u00e3o de Cartas, que est\u00e1 na 44\u00aa edi\u00e7\u00e3o, \u00e9 realizado no Brasil pelos Correios e promovido em todo o mundo pela Uni\u00e3o Postal Universal (UPU) \u2014 entidade que congrega os operadores postais de 192 pa\u00edses \u2014 com o [&hellip;]<\/p>\n","protected":false},"author":1,"featured_media":53661,"comment_status":"open","ping_status":"closed","sticky":false,"template":"","format":"standard","meta":{"amp_status":"","footnotes":""},"categories":[6],"tags":[34795,34792,34791,34789,34790,34788,34794,34793],"class_list":["post-53660","post","type-post","status-publish","format-standard","has-post-thumbnail","hentry","category-br","tag-colegio-logosofico-de-belo-horizonte","tag-concurso-de-redacao-de-cartas-dos-correios","tag-concurso-de-redacao-dos-correios","tag-concurso-internacional-de-redacao-de-cartas","tag-inscricoes-para-concurso-internacional-de-redacao-de-cartas","tag-inscricoes-para-concurso-internacional-de-redacao-de-cartas-vao-ate-17-de-marco","tag-julia-oliveira-melo","tag-uniao-postal-universal"],"_links":{"self":[{"href":"https:\/\/aconteceunovale.com.br\/portal\/index.php?rest_route=\/wp\/v2\/posts\/53660","targetHints":{"allow":["GET"]}}],"collection":[{"href":"https:\/\/aconteceunovale.com.br\/portal\/index.php?rest_route=\/wp\/v2\/posts"}],"about":[{"href":"https:\/\/aconteceunovale.com.br\/portal\/index.php?rest_route=\/wp\/v2\/types\/post"}],"author":[{"embeddable":true,"href":"https:\/\/aconteceunovale.com.br\/portal\/index.php?rest_route=\/wp\/v2\/users\/1"}],"replies":[{"embeddable":true,"href":"https:\/\/aconteceunovale.com.br\/portal\/index.php?rest_route=%2Fwp%2Fv2%2Fcomments&post=53660"}],"version-history":[{"count":0,"href":"https:\/\/aconteceunovale.com.br\/portal\/index.php?rest_route=\/wp\/v2\/posts\/53660\/revisions"}],"wp:featuredmedia":[{"embeddable":true,"href":"https:\/\/aconteceunovale.com.br\/portal\/index.php?rest_route=\/wp\/v2\/media\/53661"}],"wp:attachment":[{"href":"https:\/\/aconteceunovale.com.br\/portal\/index.php?rest_route=%2Fwp%2Fv2%2Fmedia&parent=53660"}],"wp:term":[{"taxonomy":"category","embeddable":true,"href":"https:\/\/aconteceunovale.com.br\/portal\/index.php?rest_route=%2Fwp%2Fv2%2Fcategories&post=53660"},{"taxonomy":"post_tag","embeddable":true,"href":"https:\/\/aconteceunovale.com.br\/portal\/index.php?rest_route=%2Fwp%2Fv2%2Ftags&post=53660"}],"curies":[{"name":"wp","href":"https:\/\/api.w.org\/{rel}","templated":true}]}}