{"id":53643,"date":"2015-02-23T22:52:36","date_gmt":"2015-02-24T01:52:36","guid":{"rendered":"http:\/\/aconteceunovale.com.br\/portal\/?p=53643"},"modified":"2015-02-23T22:52:36","modified_gmt":"2015-02-24T01:52:36","slug":"atentado-contra-promotor-foi-motivado-por-vinganca-contra-cassacao-de-ex-vereador","status":"publish","type":"post","link":"https:\/\/aconteceunovale.com.br\/portal\/?p=53643","title":{"rendered":"Atentado contra promotor foi motivado por vingan\u00e7a contra cassa\u00e7\u00e3o de ex-vereador"},"content":{"rendered":"<h4><strong><em>Em depoimento \u00e0 pol\u00edcia, Juliano disse que tentou matar Marcus por ele ter sido um dos respons\u00e1veis pela investiga\u00e7\u00e3o que culminou na cassa\u00e7\u00e3o do mandato de seu pai, o ex-vereador Valdelei Jos\u00e9 de Oliveira.<\/em><\/strong><\/h4>\n<p>As investiga\u00e7\u00f5es sobre o atentado contra o promotor de Justi\u00e7a de Monte Carmelo, Marcus Vin\u00edcius Ribeiro, indicam que o crime cometido no \u00faltimo s\u00e1bado foi motivado por vingan\u00e7a. Apresentado nesta segunda-feira na Cidade Administrativa do governo de Minas, Juliano Aparecido de Oliveira, filho do ex-vereador Valdelei Jos\u00e9 de Oliveira, \u00e9 apontado como o respons\u00e1vel pela tentativa de homic\u00eddio. Em depoimento \u00e0 pol\u00edcia, ele disse que tentou matar Marcus por ele ter sido um dos respons\u00e1veis pela investiga\u00e7\u00e3o que culminou com a cassa\u00e7\u00e3o do mandato de seu pai.<\/p>\n<p>Durante a apresenta\u00e7\u00e3o \u00e0 imprensa, representantes da Secretaria de Estado de Defesa Social (Seds), Pol\u00edcia Civil, Pol\u00edcia Militar e do Grupo de Atua\u00e7\u00e3o Especial de Combate ao Crime Organizado (GAECO) falaram sobre a a\u00e7\u00e3o conjunta para solucionar o caso. \u201cUma viol\u00eancia desse tipo \u00e9 inaceit\u00e1vel a qualquer cidad\u00e3o. Nesse caso em especial, \u00e9 uma resposta de Estado quando existe uma agress\u00e3o a qualquer membro do Sistema de Defesa Social que trabalha para trazer seguran\u00e7a \u00e0 sociedade. Essa resposta conjunta visa, tamb\u00e9m, coibir e dizer que o Governo de Minas n\u00e3o admite, na sua luta pela busca da legalidade, ataques \u00e0s for\u00e7as de seguran\u00e7a\u201d, destacou Bernardo Santana.  <\/p>\n<p><img decoding=\"async\" src=\"http:\/\/aconteceunovale.com.br\/portal\/wp-content\/uploads\/2015\/02\/filho_vereador_monte_carmelo.jpg\" alt=\"\" \/><em>Juliano, que confessou ser autor do atentado contra o promotor de Monte Carmelo, foi apresentado nesta segunda-feira, 23 de fevereiro &#8211; Foto: Ramon \/ Jornal Estado de Minas<\/em><br \/>\n<\/br><\/p>\n<p>Juliano n\u00e3o quis falar sobre o crime. No entanto, afirmou ter agido sozinho e negou que seu pai tenha participa\u00e7\u00e3o na tentativa de homic\u00eddio. Segundo a Pol\u00edcia Civil, o suspeito aguardou a sa\u00edda de Marcus em frente \u00e0 promotoria por v\u00e1rias horas no s\u00e1bado. A v\u00edtima chegou a entrar em seu carro, um P\u00e1lio Weekend, que logo foi alvejado por 15 disparos de arma de fogo. O filho do ex-vereador disse aos policiais que ainda teria tentado recarregar a arma, mas a pistola usada no crime travou e ele acabou fugindo do local em uma motocicleta. Ele deve ser indiciado por tentativa de homic\u00eddio duplamente qualificada, por motivo f\u00fatil e recurso que dificultou a defesa da v\u00edtima.<\/p>\n<p>O promotor foi socorrido e encaminhado para uma unidade de sa\u00fade de Monte Carmelo, mas devido \u00e0 gravidade do caso acabou sendo transferido para o Hospital Santa Clara, em Uberl\u00e2ndia, no Tri\u00e2ngulo Mineiro. O \u00faltimo boletim m\u00e9dico, divulgado \u00e0s 17h desta segunda-feira, informa que o paciente apresentou melhora significativa e respira sem a ajuda de aparelhos. Marcus se recupera bem dos ferimentos provocados pela arma de fogo, mas ainda necessita do uso de um dreno no t\u00f3rax devido a uma les\u00e3o pulmonar. Ainda de acordo com o relat\u00f3rio, ele deve deixar a Unidade de Tratamento Intensivo ainda nesta segunda, sendo transferido para o quarto. O pai do suspeito tamb\u00e9m permanece detido, at\u00e9 que se esclare\u00e7a se houve participa\u00e7\u00e3o do ex-parlamentar \u2013 cassado ap\u00f3s a Opera\u00e7\u00e3o Feliz Ano Novo \u2013 no atentado em Monte Carmelo.<\/p>\n<p>Motivado pelo crime contra o promotor, o Conselho Nacional de Procuradores-Gerais (CNPG) anunciou a realiza\u00e7\u00e3o do encontro do Grupo Nacional de Combate \u00e0s Organiza\u00e7\u00f5es Criminosas (GNCOC) no pr\u00f3ximo dia 27 em Uberl\u00e2ndia, no Tri\u00e2ngulo Mineiro. A reuni\u00e3o contar\u00e1 com a presen\u00e7a do procurador-geral de Justi\u00e7a de Minas Gerais, Carlos Andr\u00e9 Mariani Bittencourt, e dos membros dos Gaecos Central e Regionais mineiros. Paralelamente, o CNPG, a Associa\u00e7\u00e3o Nacional dos Membros do Minist\u00e9rio P\u00fablico (Conamp), a Associa\u00e7\u00e3o Mineira do Minist\u00e9rio P\u00fablico (AMMP) e a Associa\u00e7\u00e3o dos Magistrados Mineiros (Amagis) realizar\u00e3o ato conjunto em rep\u00fadio ao atentado e em defesa da atua\u00e7\u00e3o do Minist\u00e9rio P\u00fablico.<\/p>\n<p><strong>Opera\u00e7\u00e3o Feliz Ano Novo <\/strong><\/p>\n<p>No dia 10 de dezembro de 2013, foram cumpridos mandados de pris\u00e3o e de busca e apreens\u00e3o de documentos e provas, nas cidades de Monte Carmelo e Uberl\u00e2ndia durante a Opera\u00e7\u00e3o Feliz Ano Novo realizada pelo Minist\u00e9rio P\u00fablico de Minas Gerais , por meio da Promotoria de Justi\u00e7a de Monte Carmelo e do Grupo Especial de Combate ao Crime Organizado (GCOC). Foram apreendidos mais de 20 computadores e documentos na Prefeitura e na C\u00e2mara Municipal de Monte Carmelo, em um escrit\u00f3rio de contabilidade e em mais 12 endere\u00e7os. <\/p>\n<p>Segundo o MP, as apura\u00e7\u00f5es mostraram a forma\u00e7\u00e3o de uma estruturada organiza\u00e7\u00e3o criminosa, na qual estavam envolvidos servidores p\u00fablicos de Monte Carmelo, bem como pol\u00edticos que foram derrotados nas elei\u00e7\u00f5es de 2012 na cidade. A quadrilha atuou em processos licitat\u00f3rios realizados em 2013 voltados a limpeza de vias p\u00fablicas e pra\u00e7as, al\u00e9m de reformas de unidades de sa\u00fade do munic\u00edpio. Esses processos sequer eram realizados de verdade. <\/p>\n<p> As empresas envolvidas no esquema participavam apenas para dar apar\u00eancia de legalidade aos contratos, quando, na realidade, j\u00e1 estava tudo direcionado \u00e0 vit\u00f3ria das empresas eleitas pelo grupo para prestar os servi\u00e7os e cometer crimes contra a administra\u00e7\u00e3o p\u00fablica local.<\/p>\n<p><em><strong>(Fonte: Jornal Estado de Minas)<\/strong><\/em><\/p>\n","protected":false},"excerpt":{"rendered":"<p>Em depoimento \u00e0 pol\u00edcia, Juliano disse que tentou matar Marcus por ele ter sido um dos respons\u00e1veis pela investiga\u00e7\u00e3o que culminou na cassa\u00e7\u00e3o do mandato de seu pai, o ex-vereador Valdelei Jos\u00e9 de Oliveira. As investiga\u00e7\u00f5es sobre o atentado contra o promotor de Justi\u00e7a de Monte Carmelo, Marcus Vin\u00edcius Ribeiro, indicam que o crime cometido [&hellip;]<\/p>\n","protected":false},"author":1,"featured_media":53644,"comment_status":"open","ping_status":"closed","sticky":false,"template":"","format":"standard","meta":{"amp_status":"","footnotes":""},"categories":[123],"tags":[34776,34775,34774,28353,34485,34482,1520,34777,34484],"class_list":["post-53643","post","type-post","status-publish","format-standard","has-post-thumbnail","hentry","category-gerais","tag-atentado-contra-o-promotor-de-justica-de-monte-carmelo","tag-atentado-contra-o-promotor-de-justica-de-monte-carmelo-marcus-vinicius-ribeiro","tag-atentado-contra-promotor-foi-motivado-por-vinganca-contra-cassacao-de-ex-vereador","tag-bernardo-santana","tag-juliano-aparecido-de-oliveira","tag-marcus-vinicius-ribeiro","tag-monte-carmelo","tag-operacao-feliz-ano-novo","tag-valdelei-jose-de-oliveira"],"_links":{"self":[{"href":"https:\/\/aconteceunovale.com.br\/portal\/index.php?rest_route=\/wp\/v2\/posts\/53643","targetHints":{"allow":["GET"]}}],"collection":[{"href":"https:\/\/aconteceunovale.com.br\/portal\/index.php?rest_route=\/wp\/v2\/posts"}],"about":[{"href":"https:\/\/aconteceunovale.com.br\/portal\/index.php?rest_route=\/wp\/v2\/types\/post"}],"author":[{"embeddable":true,"href":"https:\/\/aconteceunovale.com.br\/portal\/index.php?rest_route=\/wp\/v2\/users\/1"}],"replies":[{"embeddable":true,"href":"https:\/\/aconteceunovale.com.br\/portal\/index.php?rest_route=%2Fwp%2Fv2%2Fcomments&post=53643"}],"version-history":[{"count":0,"href":"https:\/\/aconteceunovale.com.br\/portal\/index.php?rest_route=\/wp\/v2\/posts\/53643\/revisions"}],"wp:featuredmedia":[{"embeddable":true,"href":"https:\/\/aconteceunovale.com.br\/portal\/index.php?rest_route=\/wp\/v2\/media\/53644"}],"wp:attachment":[{"href":"https:\/\/aconteceunovale.com.br\/portal\/index.php?rest_route=%2Fwp%2Fv2%2Fmedia&parent=53643"}],"wp:term":[{"taxonomy":"category","embeddable":true,"href":"https:\/\/aconteceunovale.com.br\/portal\/index.php?rest_route=%2Fwp%2Fv2%2Fcategories&post=53643"},{"taxonomy":"post_tag","embeddable":true,"href":"https:\/\/aconteceunovale.com.br\/portal\/index.php?rest_route=%2Fwp%2Fv2%2Ftags&post=53643"}],"curies":[{"name":"wp","href":"https:\/\/api.w.org\/{rel}","templated":true}]}}