{"id":53639,"date":"2015-02-23T21:47:30","date_gmt":"2015-02-24T00:47:30","guid":{"rendered":"http:\/\/aconteceunovale.com.br\/portal\/?p=53639"},"modified":"2015-02-23T23:31:59","modified_gmt":"2015-02-24T02:31:59","slug":"contas-atrasadas-motivou-a-morte-de-idoso-de-75-anos-em-governador-valadares","status":"publish","type":"post","link":"https:\/\/aconteceunovale.com.br\/portal\/?p=53639","title":{"rendered":"Contas atrasadas motivou a morte de idoso de 75 anos em Governador Valadares"},"content":{"rendered":"<h4><strong><em>Desentendimento entre idoso e inquilino resultou em assassinato no ano passado. Ossada encontrada no Esp\u00edrito Santo pode ser da v\u00edtima que estava desaparecido.<\/em><\/strong><\/h4>\n<p>A Pol\u00edcia Civil de Governador Valadares, no Leste de Minas Gerais, anunciou na tarde desta segunda-feira (23) a conclus\u00e3o do inqu\u00e9rito sobre a morte de Ant\u00f4nio Pinheiro do Nascimento, de 75 anos, que estava desaparecido desde dezembro de 2014. Dois suspeitos de envolvimento no crime foram presos no \u00faltimo final de semana.<\/p>\n<p>De acordo com o delegado Gean Vitor Fanti, um dos suspeitos foi preso na quinta-feira (19), em Nanuque, no Vale do Mucuri, e apontou o local onde o corpo do idoso foi jogado. \u201cEle foi preso na noite de quinta, e no in\u00edcio da madrugada de sexta-feira ele nos levou at\u00e9 uma planta\u00e7\u00e3o de eucalipto, no munic\u00edpio de Montanha (ES), onde o corpo foi deixado. No local encontramos uma ossada humana, que seguiu para Valadares e seguir\u00e1 para Belo Horizonte, para um exame de DNA\u201d, explicou o delegado.<\/p>\n<p>Ainda segundo o delegado Gean Vitor, outro suspeito, de 18 anos, foi preso em Valadares na manh\u00e3 de sexta-feira (20). \u201cAmbos confessaram o crime e inclusive, um dos suspeitos, no momento do interrogat\u00f3rio, estava usando um rel\u00f3gio da v\u00edtima. Ele admitiu que o rel\u00f3gio era da v\u00edtima e nos entregou. Nos chamou a aten\u00e7\u00e3o a frieza da dupla, e principalmente do primeiro preso, de 25 anos, que viajou mais de 300 quil\u00f4metros com o corpo da v\u00edtima no porta malas do carro, de Valadares at\u00e9 Montanha\u201d, declarou o delegado.<\/p>\n<p>O carro da v\u00edtima foi utilizado em Nanuque pelo suspeito de 25 anos. \u201cEle levou o corpo no carro da v\u00edtima. Depois de deixar o corpo em Montanha ele retornou em Nanuque, alterou a placa e ficou utilizando o carro. Dentro desse carro encontramos uma camisa com o nome do suspeito, o que refor\u00e7ou a tese de que ele estava de fato envolvido com o crime\u201d, declarou o delegado F\u00e1bio Sfalcin.<\/p>\n<p><img decoding=\"async\" src=\"http:\/\/aconteceunovale.com.br\/portal\/wp-content\/uploads\/2015\/02\/delegados_gv_23.jpg\" alt=\"\" \/><em>Os Delegados Gean Vitor Fanti e F\u00e1bio Sfalcin durante entrevista na tarde desta segunda-feira, 23 de fevereiro, em Governador Valadares (Foto: Diego Souza\/G1)<\/em><br \/>\n<\/br><\/p>\n<p><strong>Entenda o caso<\/strong><\/p>\n<p>No dia 19 de dezembro de 2014, um dos filhos do idoso fez um Boletim de Ocorr\u00eancia informando o desaparecimento do pai. O carro da v\u00edtima foi encontrado em Nanuque. Ap\u00f3s encontrar, no carro, a camisa com o nome do suspeito, a pol\u00edcia obteve o mandado judicial que possibilitou a pris\u00e3o do suspeito. Em depoimento aos delegados ele confessou o crime e revelou a motiva\u00e7\u00e3o.<\/p>\n<p>Segundo o delegado F\u00e1bio Sfalcin, um desentendimento por causa de um im\u00f3vel alugado no bairro Vila Isa motivou o suspeito de 25 anos a matar o idoso com a ajuda do outro suspeito, de 18 anos.<\/p>\n<p>\u201cO senhor havia alugado um im\u00f3vel para o suspeito no bairro Vila Isa. No fundo deste im\u00f3vel ele guardava alguns materiais, que com o passar do tempo come\u00e7aram a desaparecer. Desconfiado, o senhor pediu a rescis\u00e3o do contrato do aluguel, mas cobrou do locat\u00e1rio contas de energia e \u00e1gua, que haviam vencido\u201d.<\/p>\n<p>Para se livrar do pagamento o locat\u00e1rio resolveu matar o idoso, segundo o delegado. \u201cO locat\u00e1rio chamou o senhor at\u00e9 a sua nova resid\u00eancia no bairro Jardim Primavera dizendo que faria o pagamento das contas atrasadas. Na na sala desta resid\u00eancia, com o aux\u00edlio do suspeito de 18 anos, estrangulou e matou o senhor\u201d.<\/p>\n<p>Os dois suspeitos est\u00e3o no pres\u00eddio de Governador Valadares. O resultado do exame de DNA da ossada encontrada deve sair em at\u00e9 30 dias.<\/p>\n<p><strong><em>(Fonte: Inter TV dos Vales)<\/em><\/strong><\/p>\n","protected":false},"excerpt":{"rendered":"<p>Desentendimento entre idoso e inquilino resultou em assassinato no ano passado. Ossada encontrada no Esp\u00edrito Santo pode ser da v\u00edtima que estava desaparecido. A Pol\u00edcia Civil de Governador Valadares, no Leste de Minas Gerais, anunciou na tarde desta segunda-feira (23) a conclus\u00e3o do inqu\u00e9rito sobre a morte de Ant\u00f4nio Pinheiro do Nascimento, de 75 anos, [&hellip;]<\/p>\n","protected":false},"author":1,"featured_media":53640,"comment_status":"open","ping_status":"closed","sticky":false,"template":"","format":"standard","meta":{"amp_status":"","footnotes":""},"categories":[1236],"tags":[34782,34773,247,28192,252],"class_list":["post-53639","post","type-post","status-publish","format-standard","has-post-thumbnail","hentry","category-norte_de_minas","tag-antonio-pinheiro-do-nascimento","tag-contas-atrasadas-motivou-a-morte-de-idoso-de-75-anos-em-governador-valadares","tag-governador-valadares","tag-montanha","tag-nanuque"],"_links":{"self":[{"href":"https:\/\/aconteceunovale.com.br\/portal\/index.php?rest_route=\/wp\/v2\/posts\/53639","targetHints":{"allow":["GET"]}}],"collection":[{"href":"https:\/\/aconteceunovale.com.br\/portal\/index.php?rest_route=\/wp\/v2\/posts"}],"about":[{"href":"https:\/\/aconteceunovale.com.br\/portal\/index.php?rest_route=\/wp\/v2\/types\/post"}],"author":[{"embeddable":true,"href":"https:\/\/aconteceunovale.com.br\/portal\/index.php?rest_route=\/wp\/v2\/users\/1"}],"replies":[{"embeddable":true,"href":"https:\/\/aconteceunovale.com.br\/portal\/index.php?rest_route=%2Fwp%2Fv2%2Fcomments&post=53639"}],"version-history":[{"count":0,"href":"https:\/\/aconteceunovale.com.br\/portal\/index.php?rest_route=\/wp\/v2\/posts\/53639\/revisions"}],"wp:featuredmedia":[{"embeddable":true,"href":"https:\/\/aconteceunovale.com.br\/portal\/index.php?rest_route=\/wp\/v2\/media\/53640"}],"wp:attachment":[{"href":"https:\/\/aconteceunovale.com.br\/portal\/index.php?rest_route=%2Fwp%2Fv2%2Fmedia&parent=53639"}],"wp:term":[{"taxonomy":"category","embeddable":true,"href":"https:\/\/aconteceunovale.com.br\/portal\/index.php?rest_route=%2Fwp%2Fv2%2Fcategories&post=53639"},{"taxonomy":"post_tag","embeddable":true,"href":"https:\/\/aconteceunovale.com.br\/portal\/index.php?rest_route=%2Fwp%2Fv2%2Ftags&post=53639"}],"curies":[{"name":"wp","href":"https:\/\/api.w.org\/{rel}","templated":true}]}}