{"id":53625,"date":"2015-02-23T19:20:23","date_gmt":"2015-02-23T22:20:23","guid":{"rendered":"http:\/\/aconteceunovale.com.br\/portal\/?p=53625"},"modified":"2015-02-23T19:20:23","modified_gmt":"2015-02-23T22:20:23","slug":"caminhoneiros-bloqueiam-pelo-menos-tres-rodovias-que-cortam-o-estado-de-minas","status":"publish","type":"post","link":"https:\/\/aconteceunovale.com.br\/portal\/?p=53625","title":{"rendered":"Caminhoneiros bloqueiam pelo menos tr\u00eas rodovias que cortam o Estado de Minas"},"content":{"rendered":"<h4><strong><em>Os motoristas dos ve\u00edculos de carga bloqueiam parte da pista nas BRs 381 e 262, al\u00e9m da MG-050, em Ita\u00fana. Autom\u00f3veis, \u00f4nibus e ambul\u00e2ncia s\u00e3o liberados pelos manifestantes.<\/em><\/strong><\/h4>\n<p>O protesto de caminhoneiros j\u00e1 dura mais de 36 horas em Minas Gerais e gera transtornos no tr\u00e2nsito e empresas que necessitam dos servi\u00e7os. Pelo menos tr\u00eas rodovias est\u00e1 bloqueadas pelas manifesta\u00e7\u00f5es. Al\u00e9m dos cinco bloqueios na BR-381, e um na BR-262, os manifestantes tamb\u00e9m fecham parcialmente a pista na MG-050, em Ita\u00fana, na Regi\u00e3o Centro-Oeste do Estado. Apenas autom\u00f3veis, ambul\u00e2ncias e ve\u00edculos com cargas perec\u00edveis podem passar. Os ve\u00edculos de carga s\u00e3o proibidos de seguir viagem. Devido aos congestionamentos, a montadora Fiat dispensou os funcion\u00e1rios de dois turnos por falta de pe\u00e7as. <\/p>\n<p>De acordo com a Pol\u00edcia Militar Rodovi\u00e1ria (PMRv), os manifestantes chegaram na MG-050 por volta das 12h30. O bloqueio come\u00e7ou a ser feito no km 85 em ambos os sentidos da rodovia. V\u00e1rios ve\u00edculos de carga seguem estacionados no acostamento e em parte da pista. O congestionamento j\u00e1 chega a MG-431. Alguns motoristas chegaram a colocar fogos em pneus e peda\u00e7os de madeira. <\/p>\n<p>O protesto na BR-262 acontece no km 368, na pista sentido Betim\/ Juatuba. De acordo com a concession\u00e1ria Triunfo Concebra, que administra a rodovia, uma faixa e o acostamento seguem fechadas. Apenas ve\u00edculos leves e ambul\u00e2ncias podem trafegar pelo trecho. O congestionamento na regi\u00e3o j\u00e1 ultrapassa os quatro quil\u00f4metros. <\/p>\n<p>A paralisa\u00e7\u00e3o no tr\u00e2nsito na rodovia j\u00e1 atinge os moradores de Juatuba. Rafael Quirino G. Costa, de 26 anos, que trabalha no setor de log\u00edstica automotiva, informou que ningu\u00e9m consegue entrar na cidade pela BR-262. \u201cEst\u00e1 complicado entrar em Juatuba, deixo um alerta para os motoristas. Meu cunhado \u00e9 motorista de \u00f4nibus e estava passando l\u00e1. Ele faz a linha Betim\/Juatuba\/Mateus Leme, mas teve que mudar a rota. Ao passar pela BR-362 para entrar na cidade, n\u00e3o conseguiu e teve que fazer um retorno pela MG-050\u201d, afirma. <\/p>\n<p>O tr\u00e2nsito tamb\u00e9m continua complicado na BR-381 em cinco pontos entre Belo Horizonte e S\u00e3o Paulo. Desde o in\u00edcio da manh\u00e3, os bloqueios ocorrem nos dois sentidos da rodovia, na altura de Igarap\u00e9, na Regi\u00e3o Metropolitana de BH, Oliveira, Perd\u00f5es, e Santo Ant\u00f4nio do Amparo, na Regi\u00e3o Centro-Oeste de Minas Gerai, e Tim\u00f3teo, na Regi\u00e3o do Rio Doce. O congestionamento total da manifesta\u00e7\u00e3o j\u00e1 ultrapassa 36 quil\u00f4metros. Em Tim\u00f3teo, o bloqueio \u00e9 no km 272. N\u00e3o h\u00e1 informa\u00e7\u00f5es sobre o congestionamento. <\/p>\n<p>Segundo a Autopista Fern\u00e3o Dias, concession\u00e1ria que administra a rodovia, o congestionamento em Igarap\u00e9 vai do km 521 ao 513, em dire\u00e7\u00e3o a BH, e do km 496 ao 513 na dire\u00e7\u00e3o contr\u00e1ria. Em Oliveira, os caminh\u00f5es est\u00e3o parados do km 622 ao km 617 em dire\u00e7\u00e3o a capital mineira, e do km 616,5 at\u00e9 km 617. Em Santo Ant\u00f4nio do Amparo, a interdi\u00e7\u00e3o vai do km 637 ao km 636 no sentido SP\/BH. J\u00e1 em Perd\u00f5es, os motoristas fecham parte da via do km 681 ao km 677, em dire\u00e7\u00e3o a BH, e do km 676 ao 677 na pista contr\u00e1ria. <\/p>\n<p>Os motoristas protestam contra a alta do pre\u00e7o do \u00f3leo diesel e exigem o aumento do valor do frete. Eles reivindicam ainda a revis\u00e3o da Lei 12.619, aprovada no Congresso e que deve ser sancionada pela presidente Dilma Rousseff. Segundo a legisla\u00e7\u00e3o, o motorista deve repousar 11 horas num prazo de 24 horas e parar por uma hora por refei\u00e7\u00e3o. Os caminhoneiros querem 8 horas de descanso. <\/p>\n<p><strong>Empresas atingidas <\/strong><\/p>\n<p>Os bloqueios feitos por caminhoneiros nas BRs 381 e 262 j\u00e1 come\u00e7am a impactar empresas de Minas Gerais e de outros estados. Na tarde desta segunda-feira, a montadora Fiat dispensou os funcion\u00e1rios de dois turnos por causa da falta de pe\u00e7as. Os caminh\u00f5es com o material ficaram presos na manifesta\u00e7\u00e3o. Somente na Fern\u00e3o Dias, estrada que liga Belo Horizonte a S\u00e3o Paulo, quatro trechos est\u00e3o parcialmente fechados. Ve\u00edculos de carga est\u00e3o proibidos de passar pelos locais. O congestionamento na rodovia j\u00e1 ultrapassa os 36 quil\u00f4metros. <\/p>\n<p>De acordo com a assessoria de imprensa da Fiat, os funcion\u00e1rios do turno da manh\u00e3, que se encerrou \u00e0s 15h, trabalharam normalmente. Por\u00e9m, come\u00e7ou a faltar pe\u00e7as espec\u00edficas no estoque da f\u00e1brica. Para n\u00e3o montar carros com menos material, a empresa resolveu dispensar os oper\u00e1rios dos turnos da tarde e noite. <\/p>\n<p>A falta do material \u00e9 causada pela manifesta\u00e7\u00e3o dos caminhoneiros. Caminh\u00f5es da montadora foram parados no protesto e n\u00e3o conseguem chegar at\u00e9 o ponto de montagem. Caso a situa\u00e7\u00e3o n\u00e3o seja normalizada at\u00e9 a noite desta segunda-feira, os funcion\u00e1rios podem ser dispensados do trabalho nesta ter\u00e7a-feira. <\/p>\n<p><strong>Liminar na Justi\u00e7a <\/strong><\/p>\n<p>Em 2013, caminhoneiros tamb\u00e9m fizeram um longo protesto nas rodovias mineiras. Na \u00e9poca, a paralisa\u00e7\u00e3o foi convocada em todo o pa\u00eds pelo Movimento Uni\u00e3o Brasil Caminhoneiro (MUBC) para reivindicar aprova\u00e7\u00e3o imediata de projeto de lei que aprimora a Lei 12.619\/12 (Lei do Descanso), em discuss\u00e3o no Congresso, reduzindo o tempo de descanso de 11 para oito horas di\u00e1rias, al\u00e9m da redu\u00e7\u00e3o de tributos no \u00f3leo diesel e isen\u00e7\u00e3o de pagamento do ped\u00e1gio para ve\u00edculos de carga. <\/p>\n<p>Os motoristas s\u00f3 deixaram as rodovias depois de uma decis\u00e3o da Justi\u00e7a Federal que estipulou multa di\u00e1ria de R$ 100 mil caso as estradas n\u00e3o fossem liberadas.<\/p>\n<p><strong><em>(Fonte: Estado de Minas)<\/em><\/strong><\/p>\n","protected":false},"excerpt":{"rendered":"<p>Os motoristas dos ve\u00edculos de carga bloqueiam parte da pista nas BRs 381 e 262, al\u00e9m da MG-050, em Ita\u00fana. Autom\u00f3veis, \u00f4nibus e ambul\u00e2ncia s\u00e3o liberados pelos manifestantes. O protesto de caminhoneiros j\u00e1 dura mais de 36 horas em Minas Gerais e gera transtornos no tr\u00e2nsito e empresas que necessitam dos servi\u00e7os. Pelo menos tr\u00eas [&hellip;]<\/p>\n","protected":false},"author":1,"featured_media":53576,"comment_status":"open","ping_status":"closed","sticky":false,"template":"","format":"standard","meta":{"amp_status":"","footnotes":""},"categories":[123],"tags":[34734,34728,34729,34735,34732,34731,34733,34730],"class_list":["post-53625","post","type-post","status-publish","format-standard","has-post-thumbnail","hentry","category-gerais","tag-bloqueios-em-rodovias-mineiras","tag-caminhoneiros-bloqueiam-pelo-menos-tres-rodovias-mineiras","tag-caminhoneiros-bloqueiam-pelo-menos-tres-rodovias-que-cortam-o-estado-de-minas","tag-interdicao-de-rodovias-mineiras","tag-manifestacao-dos-caminhoneiros-em-minas-gerais","tag-protesto-dos-caminhoneiros-em-minas-gerais","tag-quais-rodovias-estao-bloqueadas-pelos-caminhoneiros-em-minas-gerais","tag-rodovias-bloqueadas-em-minas-gerais"],"_links":{"self":[{"href":"https:\/\/aconteceunovale.com.br\/portal\/index.php?rest_route=\/wp\/v2\/posts\/53625","targetHints":{"allow":["GET"]}}],"collection":[{"href":"https:\/\/aconteceunovale.com.br\/portal\/index.php?rest_route=\/wp\/v2\/posts"}],"about":[{"href":"https:\/\/aconteceunovale.com.br\/portal\/index.php?rest_route=\/wp\/v2\/types\/post"}],"author":[{"embeddable":true,"href":"https:\/\/aconteceunovale.com.br\/portal\/index.php?rest_route=\/wp\/v2\/users\/1"}],"replies":[{"embeddable":true,"href":"https:\/\/aconteceunovale.com.br\/portal\/index.php?rest_route=%2Fwp%2Fv2%2Fcomments&post=53625"}],"version-history":[{"count":0,"href":"https:\/\/aconteceunovale.com.br\/portal\/index.php?rest_route=\/wp\/v2\/posts\/53625\/revisions"}],"wp:featuredmedia":[{"embeddable":true,"href":"https:\/\/aconteceunovale.com.br\/portal\/index.php?rest_route=\/wp\/v2\/media\/53576"}],"wp:attachment":[{"href":"https:\/\/aconteceunovale.com.br\/portal\/index.php?rest_route=%2Fwp%2Fv2%2Fmedia&parent=53625"}],"wp:term":[{"taxonomy":"category","embeddable":true,"href":"https:\/\/aconteceunovale.com.br\/portal\/index.php?rest_route=%2Fwp%2Fv2%2Fcategories&post=53625"},{"taxonomy":"post_tag","embeddable":true,"href":"https:\/\/aconteceunovale.com.br\/portal\/index.php?rest_route=%2Fwp%2Fv2%2Ftags&post=53625"}],"curies":[{"name":"wp","href":"https:\/\/api.w.org\/{rel}","templated":true}]}}