{"id":53615,"date":"2015-02-23T18:50:19","date_gmt":"2015-02-23T21:50:19","guid":{"rendered":"http:\/\/aconteceunovale.com.br\/portal\/?p=53615"},"modified":"2015-02-23T18:50:19","modified_gmt":"2015-02-23T21:50:19","slug":"professores-discutem-impacto-do-ajuste-fiscal-em-universidades-federais","status":"publish","type":"post","link":"https:\/\/aconteceunovale.com.br\/portal\/?p=53615","title":{"rendered":"Professores discutem impacto do ajuste fiscal em universidades federais"},"content":{"rendered":"<h4><em><strong>Presidenta Dilma Rousseff bloqueou mensalmente R$ 1,9 bilh\u00e3o nos gastos do Executivo at\u00e9 aprova\u00e7\u00e3o, pelo Congresso Nacional, da Lei Or\u00e7ament\u00e1ria de 2015.<\/strong><\/em><\/h4>\n<p>Professores de institui\u00e7\u00f5es de ensino superior discutem pol\u00edticas priorit\u00e1rias para 2015 no 34\u00ba Congresso do Sindicato Nacional dos Docentes das Institui\u00e7\u00f5es de Ensino Superior (Andes-SN), que come\u00e7ou hoje (23) e ser\u00e1 encerrado nos pr\u00f3ximo s\u00e1bado (28). No encontro, aproximadamente 500 professores tratar\u00e3o de temas como financiamento e qualidade da educa\u00e7\u00e3o p\u00fablica superior.<\/p>\n<p>Eles v\u00e3o analisar a conjuntura econ\u00f4mica e avaliar o impacto do ajuste fiscal do governo no financiamento da educa\u00e7\u00e3o. O presidente da Andes-SN, Paulo Rizzo, disse que os cortes or\u00e7ament\u00e1rios feitos pelo governo, que tamb\u00e9m atingiram o Minist\u00e9rio da Educa\u00e7\u00e3o, afetar\u00e3o as universidades federais.<\/p>\n<p>\u201cReduziram o or\u00e7amento da educa\u00e7\u00e3o num momento em que as universidades terminaram o ano j\u00e1 com problemas e iniciam 2015 n\u00e3o dando conta de pagar empresas terceirizadas, inclusive atrasando bolsas estudantis\u201d, destacou Rizzo. \u201cOs cortes afetam de diversas maneiras, mas come\u00e7am a prejudicar academicamente as universidades\u201d, completou.<\/p>\n<p>No in\u00edcio deste ano, a presidenta Dilma Rousseff bloqueou mensalmente R$ 1,9 bilh\u00e3o nos gastos do Executivo at\u00e9 aprova\u00e7\u00e3o, pelo Congresso Nacional, da Lei Or\u00e7ament\u00e1ria de 2015. Trata-se do bloqueio provis\u00f3rio de um ter\u00e7o dos gastos administrativos, que se estender\u00e1 a todos os minist\u00e9rios. A educa\u00e7\u00e3o foi a pasta mais atingida com a conten\u00e7\u00e3o de gastos.<\/p>\n<p>No congresso da Andes-SN tamb\u00e9m ser\u00e3o tratados temas da carreira e quest\u00f5es salariais dos docentes. \u201cFaremos uma an\u00e1lise da conjuntura pol\u00edtica e dos desafios para este ano e, a partir da avalia\u00e7\u00e3o pol\u00edtica, tra\u00e7aremos o plano de lutas para 2015. As principais quest\u00f5es s\u00e3o os cortes or\u00e7ament\u00e1rios, medidas provis\u00f3rias retirando direitos previdenci\u00e1rios dos trabalhadores e a busca por um plano que mobilize professores na campanha salarial\u201d, acrescentou Paulo Rizzo. (Ag\u00eancia Brasil)<\/p>\n","protected":false},"excerpt":{"rendered":"<p>Presidenta Dilma Rousseff bloqueou mensalmente R$ 1,9 bilh\u00e3o nos gastos do Executivo at\u00e9 aprova\u00e7\u00e3o, pelo Congresso Nacional, da Lei Or\u00e7ament\u00e1ria de 2015. Professores de institui\u00e7\u00f5es de ensino superior discutem pol\u00edticas priorit\u00e1rias para 2015 no 34\u00ba Congresso do Sindicato Nacional dos Docentes das Institui\u00e7\u00f5es de Ensino Superior (Andes-SN), que come\u00e7ou hoje (23) e ser\u00e1 encerrado nos [&hellip;]<\/p>\n","protected":false},"author":1,"featured_media":53616,"comment_status":"open","ping_status":"closed","sticky":false,"template":"","format":"standard","meta":{"amp_status":"","footnotes":""},"categories":[6],"tags":[34715,34713,34716,21940,20122,34718,34717,34714,21807,34712,765],"class_list":["post-53615","post","type-post","status-publish","format-standard","has-post-thumbnail","hentry","category-br","tag-34o-congresso-do-sindicato-nacional-dos-docentes-das-instituicoes-de-ensino-superior","tag-ajustes","tag-andes-sn","tag-congresso","tag-debates","tag-lei-orcamentaria-de-2015","tag-paulo-rizzo","tag-politicas-prioritarias-para-2015","tag-professores","tag-professores-discutem-impacto-do-ajuste-fiscal-em-universidades-federais","tag-universidades"],"_links":{"self":[{"href":"https:\/\/aconteceunovale.com.br\/portal\/index.php?rest_route=\/wp\/v2\/posts\/53615","targetHints":{"allow":["GET"]}}],"collection":[{"href":"https:\/\/aconteceunovale.com.br\/portal\/index.php?rest_route=\/wp\/v2\/posts"}],"about":[{"href":"https:\/\/aconteceunovale.com.br\/portal\/index.php?rest_route=\/wp\/v2\/types\/post"}],"author":[{"embeddable":true,"href":"https:\/\/aconteceunovale.com.br\/portal\/index.php?rest_route=\/wp\/v2\/users\/1"}],"replies":[{"embeddable":true,"href":"https:\/\/aconteceunovale.com.br\/portal\/index.php?rest_route=%2Fwp%2Fv2%2Fcomments&post=53615"}],"version-history":[{"count":0,"href":"https:\/\/aconteceunovale.com.br\/portal\/index.php?rest_route=\/wp\/v2\/posts\/53615\/revisions"}],"wp:featuredmedia":[{"embeddable":true,"href":"https:\/\/aconteceunovale.com.br\/portal\/index.php?rest_route=\/wp\/v2\/media\/53616"}],"wp:attachment":[{"href":"https:\/\/aconteceunovale.com.br\/portal\/index.php?rest_route=%2Fwp%2Fv2%2Fmedia&parent=53615"}],"wp:term":[{"taxonomy":"category","embeddable":true,"href":"https:\/\/aconteceunovale.com.br\/portal\/index.php?rest_route=%2Fwp%2Fv2%2Fcategories&post=53615"},{"taxonomy":"post_tag","embeddable":true,"href":"https:\/\/aconteceunovale.com.br\/portal\/index.php?rest_route=%2Fwp%2Fv2%2Ftags&post=53615"}],"curies":[{"name":"wp","href":"https:\/\/api.w.org\/{rel}","templated":true}]}}