{"id":53607,"date":"2015-02-23T18:06:53","date_gmt":"2015-02-23T21:06:53","guid":{"rendered":"http:\/\/aconteceunovale.com.br\/portal\/?p=53607"},"modified":"2015-02-23T18:06:53","modified_gmt":"2015-02-23T21:06:53","slug":"adolescentes-que-mataram-professora-durante-briga-de-transito-sao-detidos","status":"publish","type":"post","link":"https:\/\/aconteceunovale.com.br\/portal\/?p=53607","title":{"rendered":"Adolescentes que mataram professora durante briga de tr\u00e2nsito s\u00e3o detidos"},"content":{"rendered":"<h4><strong><em>V\u00edtima, de 54 anos, foi atingida por engano quando passava pelo local na hora da confus\u00e3o.<\/em><\/strong><\/h4>\n<p>A Pol\u00edcia Civil apreendeu dois adolescentes suspeitos de matar uma professora durante uma briga de tr\u00e2nsito em Ub\u00e1, na Zona da Mata. A dupla, de 15 e 16 anos, foi encontrada nesta segunda-feira (23).<\/p>\n<p>Os menores confessaram ter cometido o crime, que ocorreu no s\u00e1bado de Carnaval. Eles estavam em uma motocicleta quando se envolveram em um acidente no bairro Palmeiras. Na confus\u00e3o, um dos adolescentes atirou duas vezes.<\/p>\n<p>Um dos disparos atingiu Renan Costa Braga, 24, que estava no ve\u00edculo. O outro acertou Mirtes Eliane Fernandes, 54, que passava no local na hora da briga. Ela n\u00e3o resistiu aos ferimentos e morreu no local.<\/p>\n<p>O jovem foi levado para o hospital e n\u00e3o corre risco de morrer. Os adolescentes est\u00e3o no setor de interna\u00e7\u00e3o para menores do Pres\u00eddio de Ub\u00e1.<\/p>\n<p><img decoding=\"async\" src=\"http:\/\/aconteceunovale.com.br\/portal\/wp-content\/uploads\/2015\/02\/menores_professora_uba.jpeg\" alt=\"\" \/><em>Suspeitos confessaram ter cometido o crime &#8211; Foto: Pol\u00edcia Civil\/Divulga\u00e7\u00e3o<\/em><br \/>\n<\/br><\/p>\n<p><strong><em>(Fonte: Portal R7)<\/em><\/strong><\/p>\n","protected":false},"excerpt":{"rendered":"<p>V\u00edtima, de 54 anos, foi atingida por engano quando passava pelo local na hora da confus\u00e3o. A Pol\u00edcia Civil apreendeu dois adolescentes suspeitos de matar uma professora durante uma briga de tr\u00e2nsito em Ub\u00e1, na Zona da Mata. A dupla, de 15 e 16 anos, foi encontrada nesta segunda-feira (23). Os menores confessaram ter cometido [&hellip;]<\/p>\n","protected":false},"author":1,"featured_media":53608,"comment_status":"open","ping_status":"closed","sticky":false,"template":"","format":"standard","meta":{"amp_status":"","footnotes":""},"categories":[123],"tags":[34683,34684,34686,34685,219],"class_list":["post-53607","post","type-post","status-publish","format-standard","has-post-thumbnail","hentry","category-gerais","tag-adolescentes-que-mataram-professora-durante-briga-de-transito-sao-detidos","tag-adolescentes-que-mataram-professora-durante-briga-de-transito-sao-detidos-em-uba","tag-mirtes-eliane-fernandes","tag-renan-costa-braga","tag-uba"],"_links":{"self":[{"href":"https:\/\/aconteceunovale.com.br\/portal\/index.php?rest_route=\/wp\/v2\/posts\/53607","targetHints":{"allow":["GET"]}}],"collection":[{"href":"https:\/\/aconteceunovale.com.br\/portal\/index.php?rest_route=\/wp\/v2\/posts"}],"about":[{"href":"https:\/\/aconteceunovale.com.br\/portal\/index.php?rest_route=\/wp\/v2\/types\/post"}],"author":[{"embeddable":true,"href":"https:\/\/aconteceunovale.com.br\/portal\/index.php?rest_route=\/wp\/v2\/users\/1"}],"replies":[{"embeddable":true,"href":"https:\/\/aconteceunovale.com.br\/portal\/index.php?rest_route=%2Fwp%2Fv2%2Fcomments&post=53607"}],"version-history":[{"count":0,"href":"https:\/\/aconteceunovale.com.br\/portal\/index.php?rest_route=\/wp\/v2\/posts\/53607\/revisions"}],"wp:featuredmedia":[{"embeddable":true,"href":"https:\/\/aconteceunovale.com.br\/portal\/index.php?rest_route=\/wp\/v2\/media\/53608"}],"wp:attachment":[{"href":"https:\/\/aconteceunovale.com.br\/portal\/index.php?rest_route=%2Fwp%2Fv2%2Fmedia&parent=53607"}],"wp:term":[{"taxonomy":"category","embeddable":true,"href":"https:\/\/aconteceunovale.com.br\/portal\/index.php?rest_route=%2Fwp%2Fv2%2Fcategories&post=53607"},{"taxonomy":"post_tag","embeddable":true,"href":"https:\/\/aconteceunovale.com.br\/portal\/index.php?rest_route=%2Fwp%2Fv2%2Ftags&post=53607"}],"curies":[{"name":"wp","href":"https:\/\/api.w.org\/{rel}","templated":true}]}}