{"id":53599,"date":"2015-02-23T16:15:38","date_gmt":"2015-02-23T19:15:38","guid":{"rendered":"http:\/\/aconteceunovale.com.br\/portal\/?p=53599"},"modified":"2015-02-23T16:15:38","modified_gmt":"2015-02-23T19:15:38","slug":"minas-vai-criar-plano-de-desenvolvimento-da-economia-popular-solidaria-2","status":"publish","type":"post","link":"https:\/\/aconteceunovale.com.br\/portal\/?p=53599","title":{"rendered":"Minas vai criar Plano de Desenvolvimento da Economia Popular Solid\u00e1ria"},"content":{"rendered":"<h4><strong><em>Meta \u00e9 fortalecer setor que j\u00e1 cria trabalho e renda para cerca de 10 mil fam\u00edlias mineiras, principalmente por meio de cooperativas populares<\/em><\/strong><\/h4>\n<p>Atenta aos 800 empreendimentos de economia solid\u00e1ria j\u00e1 existentes em Minas Gerais, a Secretaria de Estado de Trabalho e Desenvolvimento Social (Sedese) vai realizar, nos dias 27 e 28 de fevereiro e 1\u00ba de mar\u00e7o (sexta, s\u00e1bado e domingo), o \u201cSemin\u00e1rio de Constru\u00e7\u00e3o do Plano Estadual de Desenvolvimento da Economia Popular Solid\u00e1ria\u201d. O objetivo \u00e9 dialogar com a sociedade para consolidar a Economia Popular Solid\u00e1ria (EPS) em Minas. A EPS j\u00e1 \u00e9 alternativa de trabalho e renda para cerca de 10 mil fam\u00edlias mineiras, segundo dados da Incubadora Tecnol\u00f3gica de Cooperativas Populares (ITCP) da Universidade Federal de Vi\u00e7osa (UFV).<\/p>\n<p>O evento acontece no Centro de Acolhimento S\u00e3o Jos\u00e9, no bairro Cinquenten\u00e1rio, em Belo Horizonte, com abertura pelo <a href=\"http:\/\/www.social.mg.gov.br\/\" target=\"_blank\">secret\u00e1rio de Estado de Trabalho e Desenvolvimento Social, Andr\u00e9 Quint\u00e3o<\/a>\u00a0e participa\u00e7\u00e3o de representantes do Movimento de Economia Popular Solid\u00e1ria dos 11 f\u00f3runs regionais em Minas. Tamb\u00e9m estar\u00e3o presentes representantes do Conselho Estadual de Economia Popular Solid\u00e1ria, da Comiss\u00e3o Nacional, palestrantes e relatores.<\/p>\n<p><img decoding=\"async\" src=\"http:\/\/aconteceunovale.com.br\/portal\/wp-content\/uploads\/2015\/02\/minas-vai-criar-plano-de-desenvolvimento-da-economia-popular-solidaria.jpg\" alt=\"\" \/><em>Economia Popular Solid\u00e1ria j\u00e1 \u00e9 alternativa de trabalho e renda para cerca de 10 mil fam\u00edlias mineiras &#8211; Foto: Divulga\u00e7\u00e3o\/Secretaria de Estado de Trabalho e Desenvolvimento Social<\/em><br \/>\n<\/br><\/p>\n<p><strong>Exemplo<\/strong><\/p>\n<p>Um exemplo do poder transformador da economia solid\u00e1ria \u00e9 o empreendimento de dona Francisca Paulina da Silva que, aos 66 anos e cheia de disposi\u00e7\u00e3o, coordena uma cooperativa de confec\u00e7\u00f5es e artes localizada no bairro Barreiro de Cima, em Belo Horizonte. Natural do Cear\u00e1, ela encontrou na economia solid\u00e1ria sua grande oportunidade desde que chegou a Minas Gerais, em 1976.\u00a0 \u201cEstava sem escolha, n\u00e3o tinha profiss\u00e3o, nem leitura, nenhum sonho. A\u00ed apareceu essa nova for\u00e7a de esperan\u00e7a, eu me agarrei a ela e encontrei valores como respeito, dignidade e cidadania\u201d, revela dona Francisca, que h\u00e1 17 anos trabalha com cooperativismo, 11 deles dedicados \u00e0 economia solid\u00e1ria.<\/p>\n<p>A cooperativa, da qual dona Francisca Paulina \u00e9 tamb\u00e9m uma das fundadoras, conta hoje com 22 cooperadas trabalhando no reaproveitamento de retalhos de couro, tecidos e outros materiais. Neste cen\u00e1rio de sustentabilidade e organiza\u00e7\u00e3o coletiva, a coordenadora ressalta o sentimento de mudan\u00e7a de valores. \u201cVejo como uma mudan\u00e7a para um mundo melhor. A economia solid\u00e1ria proporciona respeito \u00e0s pessoas. Temos mais voz e mais atitude\u201d, diz.<\/p>\n<p><strong>Moeda pr\u00f3pria<\/strong><\/p>\n<p>Outro exemplo bem sucedido de empreendimento econ\u00f4mico solid\u00e1rio em Minas est\u00e1 no munic\u00edpio de Esmeraldas, na comunidade do Tijuco, \u00e0s margens da BR-040.\u00a0 Aos 50 anos, Jo\u00e3o Lopes coordena uma cooperativa de cosm\u00e9ticos e produtos de limpeza \u00e0 base de plantas naturais, cultivadas pelos pr\u00f3prios cooperados. Natural de Mantena, munic\u00edpio mineiro localizado na divisa com o Esp\u00edrito Santo, o coordenador mora em Esmeraldas h\u00e1 18 anos com a esposa e quatro filhos. Dois deles trabalham na cooperativa.<\/p>\n<p>Jo\u00e3o Lopes tamb\u00e9m \u00e9 um dos respons\u00e1veis pelo Banco Esmeralda, banco comunit\u00e1rio de desenvolvimento que oferece servi\u00e7os financeiros solid\u00e1rios, de forma associativa e comunit\u00e1ria, com circula\u00e7\u00e3o de uma moeda social pr\u00f3pria da comunidade. Neste caso, a moeda criada pela comunidade \u00e9 chamada de Moeda Social Esmeralda (M$), aceita em v\u00e1rios estabelecimentos da cidade.<\/p>\n<p>Com o mesmo otimismo de dona Francisca, Lopes considera a economia solid\u00e1ria uma forma diferente de produ\u00e7\u00e3o. \u201cN\u00e3o tem patr\u00e3o e nem empregado, todos s\u00e3o donos do estabelecimento e decidem como fazer, tanto na produ\u00e7\u00e3o quanto na gest\u00e3o. Tem uma lideran\u00e7a, um coordenador, mas ele n\u00e3o age de forma autorit\u00e1ria; a posi\u00e7\u00e3o do l\u00edder \u00e9 coordenar os trabalhos de forma autogestion\u00e1ria\u201d, explica.<\/p>\n<p>Jo\u00e3o Lopes tem levado o exemplo de Esmeraldas a outras cidades do Estado. Em Igarap\u00e9, por exemplo, sua contribui\u00e7\u00e3o \u00e9 ajudar um grupo a montar o banco comunit\u00e1rio de desenvolvimento. No Sul de Minas, Jo\u00e3o vai realizar um curso de produ\u00e7\u00e3o de cosm\u00e9ticos. \u201cN\u00e3o temos concorr\u00eancia, temos parceiros. Quanto mais pessoas trabalharem desta forma, na mesma cidade, maiores s\u00e3o as chances de se formar uma rede de produ\u00e7\u00e3o solid\u00e1ria\u201d, avalia.<\/p>\n<p><strong>Expectativa<\/strong><\/p>\n<p>Se depender da expectativa de Jo\u00e3o Lopes e de dona Francisca, em Minas a economia solid\u00e1ria dar\u00e1 um grande passo com a implanta\u00e7\u00e3o do Plano Estadual. \u201cA gente quer construir de verdade, queremos que isso aconte\u00e7a a vida inteira\u201d, ressalta Lopes.<\/p>\n<p>\u201cEspero que esse plano seja para o Brasil uma esperan\u00e7a de mudan\u00e7a de verdade. Um compromisso dos governos e da sociedade, que sejam aplicados mais recursos, porque a economia solid\u00e1ria \u00e9 feita de pessoas que n\u00e3o v\u00eam pedir esmola n\u00e3o. S\u00e3o pessoas que precisam de espa\u00e7o para trabalhar e serem reconhecidas como cidad\u00e3os que est\u00e3o contribuindo para a sociedade\u201d avalia dona Francisca.<\/p>\n<p><strong>Servi\u00e7o:<\/strong><\/p>\n<p>Semin\u00e1rio de Constru\u00e7\u00e3o do Plano Estadual de Desenvolvimento da Economia Popular Solid\u00e1ria<br \/>\nLocal: Centro de Acolhimento S\u00e3o Jos\u00e9, bairro Cinquenten\u00e1rio<br \/>\nData: 27 e 28\/02 e 1\u00ba\/3<br \/>\nMais informa\u00e7\u00f5es e programa\u00e7\u00e3o completa no site\u00a0<a href=\"http:\/\/www.social.mg.gov.br\/\" target=\"_blank\">www.social.mg.gov.br<\/a><\/p>\n","protected":false},"excerpt":{"rendered":"<p>Meta \u00e9 fortalecer setor que j\u00e1 cria trabalho e renda para cerca de 10 mil fam\u00edlias mineiras, principalmente por meio de cooperativas populares Atenta aos 800 empreendimentos de economia solid\u00e1ria j\u00e1 existentes em Minas Gerais, a Secretaria de Estado de Trabalho e Desenvolvimento Social (Sedese) vai realizar, nos dias 27 e 28 de fevereiro e [&hellip;]<\/p>\n","protected":false},"author":1,"featured_media":53597,"comment_status":"open","ping_status":"closed","sticky":false,"template":"","format":"standard","meta":{"amp_status":"","footnotes":""},"categories":[123],"tags":[14216,34670,34672,34667,34673,1492,34671,1493,34668,34669,1516,34666,27579,34665],"class_list":["post-53599","post","type-post","status-publish","format-standard","has-post-thumbnail","hentry","category-gerais","tag-andre-quintao","tag-centro-de-acolhimento-sao-jose","tag-comunidade-do-tijuco","tag-economia-popular-solidaria","tag-economia-popular-solidaria-ja-e-alternativa-de-trabalho-e-renda-para-cerca-de-10-mil-familias-mineiras","tag-esmeraldas","tag-francisca-paulina-da-silva","tag-igarape","tag-incubadora-tecnologica-de-cooperativas-populares","tag-itcp","tag-mantena","tag-plano-estadual-de-desenvolvimento-da-economia-popular-solidaria","tag-sedese","tag-seminario-de-construcao-do-plano-estadual-de-desenvolvimento-da-economia-popular-solidaria"],"_links":{"self":[{"href":"https:\/\/aconteceunovale.com.br\/portal\/index.php?rest_route=\/wp\/v2\/posts\/53599","targetHints":{"allow":["GET"]}}],"collection":[{"href":"https:\/\/aconteceunovale.com.br\/portal\/index.php?rest_route=\/wp\/v2\/posts"}],"about":[{"href":"https:\/\/aconteceunovale.com.br\/portal\/index.php?rest_route=\/wp\/v2\/types\/post"}],"author":[{"embeddable":true,"href":"https:\/\/aconteceunovale.com.br\/portal\/index.php?rest_route=\/wp\/v2\/users\/1"}],"replies":[{"embeddable":true,"href":"https:\/\/aconteceunovale.com.br\/portal\/index.php?rest_route=%2Fwp%2Fv2%2Fcomments&post=53599"}],"version-history":[{"count":0,"href":"https:\/\/aconteceunovale.com.br\/portal\/index.php?rest_route=\/wp\/v2\/posts\/53599\/revisions"}],"wp:featuredmedia":[{"embeddable":true,"href":"https:\/\/aconteceunovale.com.br\/portal\/index.php?rest_route=\/wp\/v2\/media\/53597"}],"wp:attachment":[{"href":"https:\/\/aconteceunovale.com.br\/portal\/index.php?rest_route=%2Fwp%2Fv2%2Fmedia&parent=53599"}],"wp:term":[{"taxonomy":"category","embeddable":true,"href":"https:\/\/aconteceunovale.com.br\/portal\/index.php?rest_route=%2Fwp%2Fv2%2Fcategories&post=53599"},{"taxonomy":"post_tag","embeddable":true,"href":"https:\/\/aconteceunovale.com.br\/portal\/index.php?rest_route=%2Fwp%2Fv2%2Ftags&post=53599"}],"curies":[{"name":"wp","href":"https:\/\/api.w.org\/{rel}","templated":true}]}}