{"id":53575,"date":"2015-02-23T11:00:16","date_gmt":"2015-02-23T14:00:16","guid":{"rendered":"http:\/\/aconteceunovale.com.br\/portal\/?p=53575"},"modified":"2015-02-23T11:01:56","modified_gmt":"2015-02-23T14:01:56","slug":"caminhoneiros-fazem-manifestacoes-em-varias-rodovias-do-pais","status":"publish","type":"post","link":"https:\/\/aconteceunovale.com.br\/portal\/?p=53575","title":{"rendered":"Caminhoneiros fazem manifesta\u00e7\u00f5es em v\u00e1rias rodovias do pa\u00eds"},"content":{"rendered":"<h4><strong><em>Em Minas Gerais, os manifestantes est\u00e3o em tr\u00eas pontos da BR-381, nos munic\u00edpios de Perd\u00f5es, Igarap\u00e9, e nas proximidades do trevo de Oliveira.<\/em><\/strong><\/h4>\n<p>A Pol\u00edcia Rodovi\u00e1ria Federal (PRF) informou que, neste momento, h\u00e1 em diversos pontos das rodovias federais manifesta\u00e7\u00f5es de caminhoneiros contr\u00e1rios ao aumento no pre\u00e7o de combust\u00edveis. Em alguns desses pontos, as rodovias foram bloqueadas. Segundo a PRF, h\u00e1 tamb\u00e9m caminhoneiros reunidos em dezenas de postos do pa\u00eds, na tentativa de ampliar as manifesta\u00e7\u00f5es que j\u00e1 ocorrem no Mato Grosso, em Minas Gerais, no Paran\u00e1, em Santa Catarina e no Rio Grande do Sul.<\/p>\n<p>Os estados onde o movimento est\u00e1 mais forte s\u00e3o no Paran\u00e1 e em Santa Catarina. Neste primeiro, as manifesta\u00e7\u00f5es abrangem a BR-369, pr\u00f3ximo a Arapongas; a BR-376, em Apucarana; em P\u00e9rola d&#8217;Oeste; e em dois pontos da BR-163, proximidade com Santo Ant\u00f4nio do Sudoeste, e com fronteira argentina.<\/p>\n<p>Em Santa Catarina, as manifesta\u00e7\u00f5es est\u00e3o acontecendo nas BRs 153, 480, 282, 158. Os caminhoneiros tamb\u00e9m est\u00e3o fazendo o protesto em alguns pontos da BR-163 e da BR-116, pr\u00f3ximos a Mafra, na divisa com Paran\u00e1, e em Papanduva.<\/p>\n<p>No Mato Grosso, h\u00e1 manifesta\u00e7\u00f5es nas BRs 163 e 070. Em Minas Gerais, os manifestantes est\u00e3o em tr\u00eas pontos da BR-381, nos munic\u00edpios de Perd\u00f5es, Igarap\u00e9, e nas proximidades do trevo de Oliveira. H\u00e1 tamb\u00e9m manifesta\u00e7\u00f5es no Rio Grande do Sul, na BR-158, pr\u00f3ximo a Seberi; na BR-472, em Boa Vista do Buric\u00e1; e na BR-285, pr\u00f3ximo a Iju\u00ed.<\/p>\n<p>A PRF alerta que os caminhoneiros t\u00eam mudado constantemente os pontos de manifesta\u00e7\u00e3o, o que pode acabar por surpreender muitos motoristas que estejam circulando por estas ou outras rodovias. (Ag\u00eancia Brasil)<\/p>\n","protected":false},"excerpt":{"rendered":"<p>Em Minas Gerais, os manifestantes est\u00e3o em tr\u00eas pontos da BR-381, nos munic\u00edpios de Perd\u00f5es, Igarap\u00e9, e nas proximidades do trevo de Oliveira. A Pol\u00edcia Rodovi\u00e1ria Federal (PRF) informou que, neste momento, h\u00e1 em diversos pontos das rodovias federais manifesta\u00e7\u00f5es de caminhoneiros contr\u00e1rios ao aumento no pre\u00e7o de combust\u00edveis. Em alguns desses pontos, as rodovias [&hellip;]<\/p>\n","protected":false},"author":1,"featured_media":53576,"comment_status":"open","ping_status":"closed","sticky":false,"template":"","format":"standard","meta":{"amp_status":"","footnotes":""},"categories":[6],"tags":[4785,34626,34623,34629,34624,239,34638,34634,34637,34633,34636,34640,34631,34632,34630,34639,34635,34628,34625,34627],"class_list":["post-53575","post","type-post","status-publish","format-standard","has-post-thumbnail","hentry","category-br","tag-brasil","tag-caminhoneiros","tag-caminhoneiros-fazem-manifestacoes-em-varias-rodovias-do-pais","tag-interdicao-de-rodovias-por-caminhoneiros","tag-manifestacoes-dos-caminhoneiros","tag-prf","tag-protesto-caminhoneiros-br-070","tag-protesto-caminhoneiros-br-153","tag-protesto-caminhoneiros-br-158","tag-protesto-caminhoneiros-br-163","tag-protesto-caminhoneiros-br-282","tag-protesto-caminhoneiros-br-285","tag-protesto-caminhoneiros-br-369","tag-protesto-caminhoneiros-br-376","tag-protesto-caminhoneiros-br-381","tag-protesto-caminhoneiros-br-472","tag-protesto-caminhoneiros-br-480","tag-protesto-dos-caminhoneiros","tag-rodovias","tag-rodovias-paradas-por-caminhoneiros"],"_links":{"self":[{"href":"https:\/\/aconteceunovale.com.br\/portal\/index.php?rest_route=\/wp\/v2\/posts\/53575","targetHints":{"allow":["GET"]}}],"collection":[{"href":"https:\/\/aconteceunovale.com.br\/portal\/index.php?rest_route=\/wp\/v2\/posts"}],"about":[{"href":"https:\/\/aconteceunovale.com.br\/portal\/index.php?rest_route=\/wp\/v2\/types\/post"}],"author":[{"embeddable":true,"href":"https:\/\/aconteceunovale.com.br\/portal\/index.php?rest_route=\/wp\/v2\/users\/1"}],"replies":[{"embeddable":true,"href":"https:\/\/aconteceunovale.com.br\/portal\/index.php?rest_route=%2Fwp%2Fv2%2Fcomments&post=53575"}],"version-history":[{"count":0,"href":"https:\/\/aconteceunovale.com.br\/portal\/index.php?rest_route=\/wp\/v2\/posts\/53575\/revisions"}],"wp:featuredmedia":[{"embeddable":true,"href":"https:\/\/aconteceunovale.com.br\/portal\/index.php?rest_route=\/wp\/v2\/media\/53576"}],"wp:attachment":[{"href":"https:\/\/aconteceunovale.com.br\/portal\/index.php?rest_route=%2Fwp%2Fv2%2Fmedia&parent=53575"}],"wp:term":[{"taxonomy":"category","embeddable":true,"href":"https:\/\/aconteceunovale.com.br\/portal\/index.php?rest_route=%2Fwp%2Fv2%2Fcategories&post=53575"},{"taxonomy":"post_tag","embeddable":true,"href":"https:\/\/aconteceunovale.com.br\/portal\/index.php?rest_route=%2Fwp%2Fv2%2Ftags&post=53575"}],"curies":[{"name":"wp","href":"https:\/\/api.w.org\/{rel}","templated":true}]}}