{"id":53561,"date":"2015-02-23T10:12:13","date_gmt":"2015-02-23T13:12:13","guid":{"rendered":"http:\/\/aconteceunovale.com.br\/portal\/?p=53561"},"modified":"2015-02-23T10:12:13","modified_gmt":"2015-02-23T13:12:13","slug":"mineiros-economizaram-108-000-mwh-de-energia-durante-o-horario-de-verao","status":"publish","type":"post","link":"https:\/\/aconteceunovale.com.br\/portal\/?p=53561","title":{"rendered":"Mineiros economizaram 108.000 MWh de energia durante o hor\u00e1rio de ver\u00e3o"},"content":{"rendered":"<h4><em><strong>Energia economizada \u00e9 suficiente para atender uma cidade de 750 mil habitantes.<\/strong><\/em><\/h4>\n<p>A edi\u00e7\u00e3o do Hor\u00e1rio de Ver\u00e3o terminou \u00e0 zero hora do domingo (22\/2), quando os rel\u00f3gios em dez estados e no Distrito Federal foram atrasados em uma hora. Nos 126 dias de vig\u00eancia da medida, a Companhia Energ\u00e9tica de Minas Gerais (CEMIG) verificou, em sua \u00e1rea de concess\u00e3o, uma redu\u00e7\u00e3o di\u00e1ria da demanda m\u00e1xima de 4,0%, o que equivale a 350 MW.<\/p>\n<p>Essa demanda \u00e9 suficiente para atender uma cidade de 750 mil habitantes, equivalente \u00e0 soma das cidades de Juiz de Fora e Sete Lagoas (MG). Al\u00e9m disso, com rela\u00e7\u00e3o ao consumo de energia, foi obtida uma economia de 0,5%, que representa 108.000 MWh, durante todo o per\u00edodo do Hor\u00e1rio de Ver\u00e3o. Essa economia \u00e9 suficiente para abastecer Belo Horizonte durante nove dias.<\/p>\n<p>De acordo com o superintendente de Planejamento e Opera\u00e7\u00e3o de Gera\u00e7\u00e3o e Transmiss\u00e3o da Cemig, Nelson Ben\u00edcio Ara\u00fajo, o principal benef\u00edcio do Hor\u00e1rio de Ver\u00e3o \u00e9 a redu\u00e7\u00e3o da demanda m\u00e1xima no Sistema, que significa um aumento da reserva operativa, com o consequente aumento da confiabilidade e seguran\u00e7a para a opera\u00e7\u00e3o do Sistema Integrado Nacional.<\/p>\n<p>Al\u00e9m disso, segundo informa\u00e7\u00f5es do Operador Nacional do Sistema El\u00e9trico \u2013 ONS, a redu\u00e7\u00e3o de consumo proporcionada pelo Hor\u00e1rio de Ver\u00e3o \u00e9 incorporada ao armazenamento dos reservat\u00f3rios das usinas hidrel\u00e9tricas do Pa\u00eds, agregando 0,4% ao armazenamento da regi\u00e3o Sudeste\/Centro-Oeste e 1,1%  ao armazenamento da regi\u00e3o Sul.<\/p>\n<p>&#8220;Para os consumidores residenciais e comerciais, a economia \u00e9 percebida na menor utiliza\u00e7\u00e3o da ilumina\u00e7\u00e3o artificial. Eles poderiam ter um consumo de at\u00e9 30 horas a mais por m\u00eas com a ilumina\u00e7\u00e3o, caso n\u00e3o houvesse o Hor\u00e1rio de Ver\u00e3o&#8221;, afirma Nelson Ben\u00edcio.<\/p>\n<p>Desde 2008, por meio do Decreto Federal 6.558, foram fixadas datas para seu in\u00edcio e t\u00e9rmino: definiu-se que, todos os anos, a medida entra em vigor sempre \u00e0 zero hora do terceiro domingo de outubro e se estende ao terceiro domingo de fevereiro. No ano em que houver coincid\u00eancia entre o domingo previsto para o t\u00e9rmino do Hor\u00e1rio de Ver\u00e3o e o carnaval, o encerramento ocorre no fim de semana seguinte, como aconteceu neste ano.<\/p>\n<p>A defini\u00e7\u00e3o do Hor\u00e1rio de Ver\u00e3o neste per\u00edodo se deve ao fato de os dias serem mais longos no ver\u00e3o e mais curtos no inverno. Fora do per\u00edodo em que o mesmo \u00e9 adotado, a economia de energia com a ilumina\u00e7\u00e3o vai deixando de existir e o Hor\u00e1rio de Ver\u00e3o passa a n\u00e3o ter mais efeito.<\/p>\n<p><strong>Hist\u00f3ria do Hor\u00e1rio de Ver\u00e3o<\/strong><\/p>\n<p>A ideia original do Hor\u00e1rio de Ver\u00e3o \u00e9 atribu\u00edda a Benjamin Franklin, em 1784, embaixador dos Estados Unidos na Fran\u00e7a, quando percebeu que o sol nascia antes das pessoas se levantarem, durante alguns meses do ano. Dessa forma, ele pensou, que se os rel\u00f3gios fossem adiantados em uma hora, naquele per\u00edodo, as pessoas poderiam aproveitar melhor a luz do dia, ao entardecer, e economizar velas, j\u00e1 que naquele tempo ainda n\u00e3o existia luz el\u00e9trica. Mas naquela \u00e9poca as suas ideias n\u00e3o despertaram o interesse das autoridades.<\/p>\n<p>O primeiro pa\u00eds a adot\u00e1-lo foi a Alemanha, em 1916, durante a 1\u00aa Guerra Mundial, tendo em vista sua necessidade de se economizar energia el\u00e9trica por causa da guerra, principalmente de origem t\u00e9rmica, a carv\u00e3o e \u00f3leo.<\/p>\n<p>No Brasil, o hor\u00e1rio de ver\u00e3o foi institu\u00eddo pela primeira vez no ver\u00e3o de 1931\/1932, pelo ent\u00e3o presidente Get\u00falio Vargas. Ele foi adotado 11 vezes entre 1931 e 1968, de forma descontinuada, voltando depois no ver\u00e3o de 1985\/1986, e a partir da\u00ed em todos os anos at\u00e9 hoje, durante 30 anos seguidos.<\/p>\n<p><img decoding=\"async\" src=\"http:\/\/aconteceunovale.com.br\/portal\/wp-content\/uploads\/2015\/02\/horario_verao_grafico.jpg\" alt=\"\" \/><\/p>\n","protected":false},"excerpt":{"rendered":"<p>Energia economizada \u00e9 suficiente para atender uma cidade de 750 mil habitantes. A edi\u00e7\u00e3o do Hor\u00e1rio de Ver\u00e3o terminou \u00e0 zero hora do domingo (22\/2), quando os rel\u00f3gios em dez estados e no Distrito Federal foram atrasados em uma hora. Nos 126 dias de vig\u00eancia da medida, a Companhia Energ\u00e9tica de Minas Gerais (CEMIG) verificou, [&hellip;]<\/p>\n","protected":false},"author":1,"featured_media":53562,"comment_status":"open","ping_status":"closed","sticky":false,"template":"","format":"standard","meta":{"amp_status":"","footnotes":""},"categories":[123],"tags":[347,34606,18567,34328,345,34605,18562,34604,34327,34326],"class_list":["post-53561","post","type-post","status-publish","format-standard","has-post-thumbnail","hentry","category-gerais","tag-cemig","tag-cemig-horario-de-verao","tag-companhia-energetica-de-minas-gerais","tag-historia-do-horario-de-verao","tag-horario-de-verao","tag-horario-de-verao-cemig","tag-horario-de-verao-em-minas-gerais","tag-mineiros-economizaram-108-000-mwh-de-energia-durante-o-horario-de-verao","tag-nelson-benicio-araujo","tag-superintendente-de-planejamento-e-operacao-de-geracao-e-transmissao-da-cemig"],"_links":{"self":[{"href":"https:\/\/aconteceunovale.com.br\/portal\/index.php?rest_route=\/wp\/v2\/posts\/53561","targetHints":{"allow":["GET"]}}],"collection":[{"href":"https:\/\/aconteceunovale.com.br\/portal\/index.php?rest_route=\/wp\/v2\/posts"}],"about":[{"href":"https:\/\/aconteceunovale.com.br\/portal\/index.php?rest_route=\/wp\/v2\/types\/post"}],"author":[{"embeddable":true,"href":"https:\/\/aconteceunovale.com.br\/portal\/index.php?rest_route=\/wp\/v2\/users\/1"}],"replies":[{"embeddable":true,"href":"https:\/\/aconteceunovale.com.br\/portal\/index.php?rest_route=%2Fwp%2Fv2%2Fcomments&post=53561"}],"version-history":[{"count":0,"href":"https:\/\/aconteceunovale.com.br\/portal\/index.php?rest_route=\/wp\/v2\/posts\/53561\/revisions"}],"wp:featuredmedia":[{"embeddable":true,"href":"https:\/\/aconteceunovale.com.br\/portal\/index.php?rest_route=\/wp\/v2\/media\/53562"}],"wp:attachment":[{"href":"https:\/\/aconteceunovale.com.br\/portal\/index.php?rest_route=%2Fwp%2Fv2%2Fmedia&parent=53561"}],"wp:term":[{"taxonomy":"category","embeddable":true,"href":"https:\/\/aconteceunovale.com.br\/portal\/index.php?rest_route=%2Fwp%2Fv2%2Fcategories&post=53561"},{"taxonomy":"post_tag","embeddable":true,"href":"https:\/\/aconteceunovale.com.br\/portal\/index.php?rest_route=%2Fwp%2Fv2%2Ftags&post=53561"}],"curies":[{"name":"wp","href":"https:\/\/api.w.org\/{rel}","templated":true}]}}