{"id":53559,"date":"2015-02-23T10:00:59","date_gmt":"2015-02-23T13:00:59","guid":{"rendered":"http:\/\/aconteceunovale.com.br\/portal\/?p=53559"},"modified":"2015-02-23T10:00:59","modified_gmt":"2015-02-23T13:00:59","slug":"plantao-do-samu-no-norte-de-minas-gerais-20-a-21-de-fevereiro-de-2015","status":"publish","type":"post","link":"https:\/\/aconteceunovale.com.br\/portal\/?p=53559","title":{"rendered":"Plant\u00e3o do Samu no Norte de Minas Gerais &#8211; 20 a 21 de fevereiro de 2015"},"content":{"rendered":"<h4><em><strong>Final de semana, 20 a 21 de fevereiro de 2015.<\/strong><\/em><\/h4>\n<p>A unidade do SAMU de Montes Claros realizou no final de semana 130 atendimentos, sendo 89 casos cl\u00ednicos, 34 ocorr\u00eancias de acidente de tr\u00e2nsito; 01 queda de telhado; 01 queda de muro; 01 pessoa ferida por arma de fogo; 01 v\u00edtima de ferimento por arma branca; e 02 casos de agress\u00e3o f\u00edsica.<\/p>\n<p>No domingo, 22\/02, foram registrados 04 atendimentos a v\u00edtimas de acidentes de tr\u00e2nsito, sendo 02 quedas de moto, 01 queda de bicicleta e 01 colis\u00e3o entre carro e moto; 01 homem de 45 anos que sofreu agress\u00e3o f\u00edsica no bairro Alto S\u00e3o Jo\u00e3o, e outro sem identifica\u00e7\u00e3o, ferido por arma de fogo, no mesmo bairro. Ele apresentava quatro perfura\u00e7\u00f5es.<\/p>\n<p>No s\u00e1bado, 21\/02, foram registrados 13 atendimentos a v\u00edtimas de acidentes de tr\u00e2nsito envolvendo motocicleta e 04 vitimas de atropelamento. Um homem de 25 anos que caiu do muro no bairro Mangues e apresentava edema e dor no bra\u00e7o esquerdo e prov\u00e1vel fratura de f\u00eamur; e uma mulher de 44 anos que foi agredida por um desconhecido no bairro Vilage do Lago. Ela apresentava h\u00e1lito et\u00edlico e edema na cabe\u00e7a.<\/p>\n<p>Na sexta-feira, 20\/02, foram registrados 12 atendimentos a v\u00edtimas de acidentes de tr\u00e2nsito, sendo 07 envolvendo motocicleta, entre eles um homem de 30 anos que colidiu contra um \u00f4nibus na Avenida Governador Magalh\u00e3es Pinto e morreu no local; 03 pessoas feridas ap\u00f3s serem atropeladas por \u00f4nibus na rua G, Vila An\u00e1lia, e na Avenida Nonato Quintino, bairro Cidade Nova; uma adolescente de 14 anos que caiu de bicicleta no bairro Jardim Palmeiras; e um homem de 38 anos atropelado por carro no bairro Clarice Athayde. Ainda na sexta-feira um menino de 07 anos caiu do telhado na Vila Itatiaia e se queixava de dor lombar; e um homem de 28 anos ferido por arma branca no bairro Vilage do Lago.<\/p>\n<p>Em todas as ocorr\u00eancias os feridos receberam os primeiros atendimentos no local e foram encaminhados ao hospital para avalia\u00e7\u00e3o.<\/p>\n","protected":false},"excerpt":{"rendered":"<p>Final de semana, 20 a 21 de fevereiro de 2015. A unidade do SAMU de Montes Claros realizou no final de semana 130 atendimentos, sendo 89 casos cl\u00ednicos, 34 ocorr\u00eancias de acidente de tr\u00e2nsito; 01 queda de telhado; 01 queda de muro; 01 pessoa ferida por arma de fogo; 01 v\u00edtima de ferimento por arma [&hellip;]<\/p>\n","protected":false},"author":1,"featured_media":46383,"comment_status":"open","ping_status":"closed","sticky":false,"template":"","format":"standard","meta":{"amp_status":"","footnotes":""},"categories":[1236],"tags":[210,24659,24089,18898,18108,34603,18629,21139,4040],"class_list":["post-53559","post","type-post","status-publish","format-standard","has-post-thumbnail","hentry","category-norte_de_minas","tag-montes-claros","tag-plantao-do-samu-de-montes-claros","tag-plantao-do-samu-do-norte-de-minas","tag-plantao-do-samu-macro-norte","tag-plantao-do-samu-no-norte-de-minas-gerais","tag-plantao-do-samu-no-norte-de-minas-gerais-20-a-21-de-fevereiro-de-2015","tag-samu-de-montes-claros","tag-samu-do-norte-de-minas","tag-samu-macro-norte"],"_links":{"self":[{"href":"https:\/\/aconteceunovale.com.br\/portal\/index.php?rest_route=\/wp\/v2\/posts\/53559","targetHints":{"allow":["GET"]}}],"collection":[{"href":"https:\/\/aconteceunovale.com.br\/portal\/index.php?rest_route=\/wp\/v2\/posts"}],"about":[{"href":"https:\/\/aconteceunovale.com.br\/portal\/index.php?rest_route=\/wp\/v2\/types\/post"}],"author":[{"embeddable":true,"href":"https:\/\/aconteceunovale.com.br\/portal\/index.php?rest_route=\/wp\/v2\/users\/1"}],"replies":[{"embeddable":true,"href":"https:\/\/aconteceunovale.com.br\/portal\/index.php?rest_route=%2Fwp%2Fv2%2Fcomments&post=53559"}],"version-history":[{"count":0,"href":"https:\/\/aconteceunovale.com.br\/portal\/index.php?rest_route=\/wp\/v2\/posts\/53559\/revisions"}],"wp:featuredmedia":[{"embeddable":true,"href":"https:\/\/aconteceunovale.com.br\/portal\/index.php?rest_route=\/wp\/v2\/media\/46383"}],"wp:attachment":[{"href":"https:\/\/aconteceunovale.com.br\/portal\/index.php?rest_route=%2Fwp%2Fv2%2Fmedia&parent=53559"}],"wp:term":[{"taxonomy":"category","embeddable":true,"href":"https:\/\/aconteceunovale.com.br\/portal\/index.php?rest_route=%2Fwp%2Fv2%2Fcategories&post=53559"},{"taxonomy":"post_tag","embeddable":true,"href":"https:\/\/aconteceunovale.com.br\/portal\/index.php?rest_route=%2Fwp%2Fv2%2Ftags&post=53559"}],"curies":[{"name":"wp","href":"https:\/\/api.w.org\/{rel}","templated":true}]}}