{"id":53557,"date":"2015-02-23T09:57:34","date_gmt":"2015-02-23T12:57:34","guid":{"rendered":"http:\/\/aconteceunovale.com.br\/portal\/?p=53557"},"modified":"2015-02-23T09:57:34","modified_gmt":"2015-02-23T12:57:34","slug":"previsao-do-tempo-para-minas-gerais-nesta-segunda-feira-23-de-fevereiro","status":"publish","type":"post","link":"https:\/\/aconteceunovale.com.br\/portal\/?p=53557","title":{"rendered":"Previs\u00e3o do tempo para Minas Gerais nesta segunda-feira, 23 de fevereiro"},"content":{"rendered":"<h4><em><strong>Predom\u00ednio de sol na maior parte do Estado de Minas Gerais.<\/strong><\/em><\/h4>\n<p>Nesta segunda-feira (23\/2) seguem as condi\u00e7\u00f5es de predom\u00ednio de sol, devido \u00e0 massa de ar relativamente seco, que segue ativa, mas perde for\u00e7a na por\u00e7\u00e3o Leste do Sudeste do pa\u00eds. Em Minas Gerais, o dia ser\u00e1 de c\u00e9u claro a parcialmente nublado na maior parte das mesorregi\u00f5es. No entanto, ocorrem chuvas isoladas e de fraca intensidade nos setores Noroeste, Norte e Nordeste.<\/p>\n<p>Na Regi\u00e3o Metropolitana de Belo Horizonte, c\u00e9u claro a parcialmente nublado. Na capital, as temperaturas oscilam entre 18 e 29\u00b0C, com umidade relativa do ar em torno de 40% \u00e0 tarde.<\/p>\n<p>A tend\u00eancia para o decorrer da semana ser\u00e1 de predom\u00ednio de sol em todas as mesorregi\u00f5es mineiras. Entre os dias 24 e 28\/2, com o avan\u00e7o de uma frente fria, h\u00e1 indicativo de chuvas no Tri\u00e2ngulo, Campo das Vertentes, Sul de Minas e em \u00e1reas isoladas da Metropolitana de Belo Horizonte e Rio Doce. As temperaturas estar\u00e3o elevadas na maior parte da semana.<\/p>\n","protected":false},"excerpt":{"rendered":"<p>Predom\u00ednio de sol na maior parte do Estado de Minas Gerais. Nesta segunda-feira (23\/2) seguem as condi\u00e7\u00f5es de predom\u00ednio de sol, devido \u00e0 massa de ar relativamente seco, que segue ativa, mas perde for\u00e7a na por\u00e7\u00e3o Leste do Sudeste do pa\u00eds. Em Minas Gerais, o dia ser\u00e1 de c\u00e9u claro a parcialmente nublado na maior [&hellip;]<\/p>\n","protected":false},"author":1,"featured_media":51728,"comment_status":"open","ping_status":"closed","sticky":false,"template":"","format":"standard","meta":{"amp_status":"","footnotes":""},"categories":[123],"tags":[34601,1956,1839,28170,34602],"class_list":["post-53557","post","type-post","status-publish","format-standard","has-post-thumbnail","hentry","category-gerais","tag-23-de-fevereiro","tag-previsao-do-tempo","tag-previsao-do-tempo-para-minas-gerais","tag-previsao-do-tempo-para-minas-gerais-nesta-segunda-feira","tag-previsao-do-tempo-para-minas-gerais-nesta-segunda-feira-23-de-fevereiro"],"_links":{"self":[{"href":"https:\/\/aconteceunovale.com.br\/portal\/index.php?rest_route=\/wp\/v2\/posts\/53557","targetHints":{"allow":["GET"]}}],"collection":[{"href":"https:\/\/aconteceunovale.com.br\/portal\/index.php?rest_route=\/wp\/v2\/posts"}],"about":[{"href":"https:\/\/aconteceunovale.com.br\/portal\/index.php?rest_route=\/wp\/v2\/types\/post"}],"author":[{"embeddable":true,"href":"https:\/\/aconteceunovale.com.br\/portal\/index.php?rest_route=\/wp\/v2\/users\/1"}],"replies":[{"embeddable":true,"href":"https:\/\/aconteceunovale.com.br\/portal\/index.php?rest_route=%2Fwp%2Fv2%2Fcomments&post=53557"}],"version-history":[{"count":0,"href":"https:\/\/aconteceunovale.com.br\/portal\/index.php?rest_route=\/wp\/v2\/posts\/53557\/revisions"}],"wp:featuredmedia":[{"embeddable":true,"href":"https:\/\/aconteceunovale.com.br\/portal\/index.php?rest_route=\/wp\/v2\/media\/51728"}],"wp:attachment":[{"href":"https:\/\/aconteceunovale.com.br\/portal\/index.php?rest_route=%2Fwp%2Fv2%2Fmedia&parent=53557"}],"wp:term":[{"taxonomy":"category","embeddable":true,"href":"https:\/\/aconteceunovale.com.br\/portal\/index.php?rest_route=%2Fwp%2Fv2%2Fcategories&post=53557"},{"taxonomy":"post_tag","embeddable":true,"href":"https:\/\/aconteceunovale.com.br\/portal\/index.php?rest_route=%2Fwp%2Fv2%2Ftags&post=53557"}],"curies":[{"name":"wp","href":"https:\/\/api.w.org\/{rel}","templated":true}]}}