{"id":53554,"date":"2015-02-23T00:36:10","date_gmt":"2015-02-23T03:36:10","guid":{"rendered":"http:\/\/aconteceunovale.com.br\/portal\/?p=53554"},"modified":"2015-02-23T00:36:10","modified_gmt":"2015-02-23T03:36:10","slug":"condutor-embriagado-atropela-varias-pessoas-no-povoado-de-vendinhas","status":"publish","type":"post","link":"https:\/\/aconteceunovale.com.br\/portal\/?p=53554","title":{"rendered":"Condutor embriagado atropela v\u00e1rias pessoas no Povoado de Vendinhas"},"content":{"rendered":"<h4><em><strong>Sete pessoas ficaram feridas. Motociclista foi preso em flagrante e conduzido a Delegacia de Pol\u00edcia.<\/strong><\/em><\/h4>\n<p>A combina\u00e7\u00e3o de \u00e1lcool e dire\u00e7\u00e3o por pouco n\u00e3o terminou em trag\u00e9dia na noite deste domingo, 22 de fevereiro, no Povoado de Vendinhas, localizado \u00e0s margens da MG-308, no munic\u00edpio de Capelinha, no Vale do Jequitinhonha. De acordo com a Pol\u00edcia Militar, por volta das 21 horas, o condutor de uma motocicleta perdeu o controle da dire\u00e7\u00e3o e atropelou v\u00e1rias pessoas.<\/p>\n<p>Conforme o registro de ocorr\u00eancias, as v\u00edtimas relataram que estavam na pra\u00e7a do povoado, onde estava ocorrendo uma festa e havia grande aglomera\u00e7\u00e3o de pessoas. As v\u00edtimas disseram tamb\u00e9m, que em determinado momento, surgiu a moto conduzida pelo senhor Ant\u00f4nio Teixeira de Carvalho, de 41 anos, em alta velocidade. <\/p>\n<p>Ainda de acordo com o relato das v\u00edtimas, ao passar por um quebra-molas, o motociclista perdeu o controle e seguiu em dire\u00e7\u00e3o a Pra\u00e7a, atropelando todos que estavam pela frente. Alissana Franciele Alves de Oliveira, de 14 anos, Josilene Alves Rodrigues, de 17 anos, Paulo Ricardo Fernandes Xavier, de 23 anos, Jo\u00e3o Fl\u00e1vio Fernandes Xavier, de 25 anos, e Natalino Nunes dos Santos, de 28, al\u00e9m do condutor e seu filho, Jeferson Lu\u00eds Carvalho, de 17 anos, que estava na garupa da motocicleta, ficaram feridos. As v\u00edtimas foram socorridas a Funda\u00e7\u00e3o Hospitalar S\u00e3o Vicente de Paulo, em Capelinha.<\/p>\n<p>Ainda segundo a PM, o motociclista apresentava caracter\u00edsticas de ter ingerido bebida alc\u00f3olica, como andar cambaleante, fala desconexa, h\u00e1lito et\u00edlico e olhos vermelhos. Ao ser indagado pelo Soldado Andr\u00e9 Porto, durante o registro da ocorr\u00eancia, ele declarou ter ingerido algumas cervejas e algumas doses de cacha\u00e7a. <\/p>\n<p>Diante dos fatos, ap\u00f3s receber atendimento m\u00e9dico, o condutor da motocicleta foi preso em flagrante e conduzido a Delegacia de Pol\u00edcia para demais provid\u00eancias.<\/p>\n","protected":false},"excerpt":{"rendered":"<p>Sete pessoas ficaram feridas. Motociclista foi preso em flagrante e conduzido a Delegacia de Pol\u00edcia. A combina\u00e7\u00e3o de \u00e1lcool e dire\u00e7\u00e3o por pouco n\u00e3o terminou em trag\u00e9dia na noite deste domingo, 22 de fevereiro, no Povoado de Vendinhas, localizado \u00e0s margens da MG-308, no munic\u00edpio de Capelinha, no Vale do Jequitinhonha. De acordo com a [&hellip;]<\/p>\n","protected":false},"author":1,"featured_media":42404,"comment_status":"open","ping_status":"closed","sticky":false,"template":"","format":"standard","meta":{"amp_status":"","footnotes":""},"categories":[120],"tags":[34596,34592,34599,34590,132,34588,34587,34593,34597,34595,34598,34594,34600,34589,34591],"class_list":["post-53554","post","type-post","status-publish","format-standard","has-post-thumbnail","hentry","category-jequi","tag-alissana-franciele-alves-de-oliveira","tag-antonio-teixeira-carvalho","tag-atropelamento-em-vendinhas","tag-atropelamento-no-povoado-de-vendinhas","tag-capelinha","tag-condutor-embriagado-atropela-varias-pessoas-no-povoado-de-vendinhas","tag-condutor-embriagado-atropela-varias-pessoas-no-povoado-de-vendinhas-em-capelinha","tag-jeferson-luis-carvalho","tag-joao-flavio-fernandes-xavier","tag-josilene-alves-rodrigues","tag-natalino-nunes-dos-santos","tag-paulo-ricardo-fernandes-xavier","tag-pessoas-atropeladas-em-vendinhas","tag-povoado-de-vendinhas","tag-vendinhas"],"_links":{"self":[{"href":"https:\/\/aconteceunovale.com.br\/portal\/index.php?rest_route=\/wp\/v2\/posts\/53554","targetHints":{"allow":["GET"]}}],"collection":[{"href":"https:\/\/aconteceunovale.com.br\/portal\/index.php?rest_route=\/wp\/v2\/posts"}],"about":[{"href":"https:\/\/aconteceunovale.com.br\/portal\/index.php?rest_route=\/wp\/v2\/types\/post"}],"author":[{"embeddable":true,"href":"https:\/\/aconteceunovale.com.br\/portal\/index.php?rest_route=\/wp\/v2\/users\/1"}],"replies":[{"embeddable":true,"href":"https:\/\/aconteceunovale.com.br\/portal\/index.php?rest_route=%2Fwp%2Fv2%2Fcomments&post=53554"}],"version-history":[{"count":0,"href":"https:\/\/aconteceunovale.com.br\/portal\/index.php?rest_route=\/wp\/v2\/posts\/53554\/revisions"}],"wp:featuredmedia":[{"embeddable":true,"href":"https:\/\/aconteceunovale.com.br\/portal\/index.php?rest_route=\/wp\/v2\/media\/42404"}],"wp:attachment":[{"href":"https:\/\/aconteceunovale.com.br\/portal\/index.php?rest_route=%2Fwp%2Fv2%2Fmedia&parent=53554"}],"wp:term":[{"taxonomy":"category","embeddable":true,"href":"https:\/\/aconteceunovale.com.br\/portal\/index.php?rest_route=%2Fwp%2Fv2%2Fcategories&post=53554"},{"taxonomy":"post_tag","embeddable":true,"href":"https:\/\/aconteceunovale.com.br\/portal\/index.php?rest_route=%2Fwp%2Fv2%2Ftags&post=53554"}],"curies":[{"name":"wp","href":"https:\/\/api.w.org\/{rel}","templated":true}]}}