{"id":53550,"date":"2015-02-22T23:06:00","date_gmt":"2015-02-23T02:06:00","guid":{"rendered":"http:\/\/aconteceunovale.com.br\/portal\/?p=53550"},"modified":"2015-02-22T23:06:00","modified_gmt":"2015-02-23T02:06:00","slug":"motociclista-morre-em-acidente-na-estrada-entre-rubim-e-almenara","status":"publish","type":"post","link":"https:\/\/aconteceunovale.com.br\/portal\/?p=53550","title":{"rendered":"Motociclista morre em acidente na estrada entre Rubim e Almenara"},"content":{"rendered":"<h4><em><strong>Colis\u00e3o entre duas motos aconteceu na estrada entre Rubim e Almenara. Um dos condutores morreu no local.<\/strong><\/em><\/h4>\n<p>Um homem de 41 anos morreu em um acidente envolvendo duas motocicletas na tarde deste domingo, 22 de fevereiro, na MG-406, rodovia que liga os munic\u00edpios de Rubim e Almenara, no Vale do Jequitinhonha. De acordo com informa\u00e7\u00f5es, uma Honda CG 125 e uma &#8220;cinquentinha&#8221; colidiram violentamente por volta das 16h30.<\/p>\n<p>Com o impacto do acidente, o condutor da Honda, Alberto Martins de Oliveira ficou gravemente ferido e morreu no local. O condutor da outra moto, E.M.O, foi socorrido ao Hospital Deraldo Guimar\u00e3es com ferimentos graves. <\/p>\n<p>A Per\u00edcia T\u00e9cnica da Pol\u00edcia Civil foi acionada e ap\u00f3s os trabalhos de praxe, o corpo de Alberto foi removido do local e encaminhado para o Instituto M\u00e9dico Legal (IML) da regi\u00e3o. Ambos os condutores s\u00e3o oriundos de Almenara.<\/p>\n<p><img decoding=\"async\" src=\"http:\/\/aconteceunovale.com.br\/portal\/wp-content\/uploads\/2015\/02\/acidente_entre_motos_406_1.jpg\" alt=\"\" \/><em>Um dos motociclistas morreu no local do acidente &#8211; Foto: Di\u00e1rio do Jequi<\/em><br \/>\n<\/br><\/p>\n<p><img decoding=\"async\" src=\"http:\/\/aconteceunovale.com.br\/portal\/wp-content\/uploads\/2015\/02\/acidente_entre_motos_406_2.jpg\" alt=\"\" \/><em>Um dos motociclistas morreu no local do acidente &#8211; Foto: Di\u00e1rio do Jequi<\/em><\/p>\n","protected":false},"excerpt":{"rendered":"<p>Colis\u00e3o entre duas motos aconteceu na estrada entre Rubim e Almenara. Um dos condutores morreu no local. Um homem de 41 anos morreu em um acidente envolvendo duas motocicletas na tarde deste domingo, 22 de fevereiro, na MG-406, rodovia que liga os munic\u00edpios de Rubim e Almenara, no Vale do Jequitinhonha. De acordo com informa\u00e7\u00f5es, [&hellip;]<\/p>\n","protected":false},"author":1,"featured_media":53551,"comment_status":"open","ping_status":"closed","sticky":false,"template":"","format":"standard","meta":{"amp_status":"","footnotes":""},"categories":[120],"tags":[34583,34584,34582,142,34586,34585,407],"class_list":["post-53550","post","type-post","status-publish","format-standard","has-post-thumbnail","hentry","category-jequi","tag-acidente-na-estrada-entre-rubim-e-almenara","tag-acidente-na-rodovia-entre-rubim-e-almenara","tag-alberto-martins-de-oliveira","tag-almenara","tag-motociclista-morre-em-acidente-na-estrada-entre-rubim-e-almenara","tag-motociclista-morre-em-acidente-na-rodovia-mg-406-no-vale-do-jequitinhonha","tag-rubim"],"_links":{"self":[{"href":"https:\/\/aconteceunovale.com.br\/portal\/index.php?rest_route=\/wp\/v2\/posts\/53550","targetHints":{"allow":["GET"]}}],"collection":[{"href":"https:\/\/aconteceunovale.com.br\/portal\/index.php?rest_route=\/wp\/v2\/posts"}],"about":[{"href":"https:\/\/aconteceunovale.com.br\/portal\/index.php?rest_route=\/wp\/v2\/types\/post"}],"author":[{"embeddable":true,"href":"https:\/\/aconteceunovale.com.br\/portal\/index.php?rest_route=\/wp\/v2\/users\/1"}],"replies":[{"embeddable":true,"href":"https:\/\/aconteceunovale.com.br\/portal\/index.php?rest_route=%2Fwp%2Fv2%2Fcomments&post=53550"}],"version-history":[{"count":0,"href":"https:\/\/aconteceunovale.com.br\/portal\/index.php?rest_route=\/wp\/v2\/posts\/53550\/revisions"}],"wp:featuredmedia":[{"embeddable":true,"href":"https:\/\/aconteceunovale.com.br\/portal\/index.php?rest_route=\/wp\/v2\/media\/53551"}],"wp:attachment":[{"href":"https:\/\/aconteceunovale.com.br\/portal\/index.php?rest_route=%2Fwp%2Fv2%2Fmedia&parent=53550"}],"wp:term":[{"taxonomy":"category","embeddable":true,"href":"https:\/\/aconteceunovale.com.br\/portal\/index.php?rest_route=%2Fwp%2Fv2%2Fcategories&post=53550"},{"taxonomy":"post_tag","embeddable":true,"href":"https:\/\/aconteceunovale.com.br\/portal\/index.php?rest_route=%2Fwp%2Fv2%2Ftags&post=53550"}],"curies":[{"name":"wp","href":"https:\/\/api.w.org\/{rel}","templated":true}]}}