{"id":53532,"date":"2015-02-22T19:21:57","date_gmt":"2015-02-22T22:21:57","guid":{"rendered":"http:\/\/aconteceunovale.com.br\/portal\/?p=53532"},"modified":"2015-02-22T19:21:57","modified_gmt":"2015-02-22T22:21:57","slug":"ex-integrante-da-banda-legiao-urbana-e-encontrado-morto-no-litoral-de-sao-paulo","status":"publish","type":"post","link":"https:\/\/aconteceunovale.com.br\/portal\/?p=53532","title":{"rendered":"Ex-integrante da banda Legi\u00e3o Urbana \u00e9 encontrado morto no litoral de S\u00e3o Paulo"},"content":{"rendered":"<h4><strong><em>O corpo do m\u00fasico foi encontrado dentro de um hotel em Guaruj\u00e1. Renato Rocha era conhecido tamb\u00e9m como Negrete e tinha 53 anos.<\/em><\/strong><\/h4>\n<p>O ex-baixista da banda Legi\u00e3o Urbana Renato da Silva Rocha, 53 anos, foi encontrado morto hoje (22) em um quarto de hotel na Avenida Veraneio, em Guaruj\u00e1, informou a Secretaria de Seguran\u00e7a P\u00fablica de S\u00e3o Paulo. Renato Rocha integrou a primeira forma\u00e7\u00e3o da banda.<\/p>\n<p><img decoding=\"async\" src=\"http:\/\/aconteceunovale.com.br\/portal\/wp-content\/uploads\/2015\/02\/negrete_1.jpg\" alt=\"\" \/><em>Renato Rocha (\u00e0 direita) na capa de &#8216;Que Pa\u00eds \u00c9 Este&#8217; (1987) &#8211; Foto: EMI\/Divulga\u00e7\u00e3o<\/em><br \/>\n<\/br><\/p>\n<p>Segundo a secretaria, o corpo foi encontrado encostado na porta do quarto em que ele estava hospedado. No local, n\u00e3o foi encontrado qualquer tipo de subst\u00e2ncia ou produto que possa ter induzido ou levado \u00e0 morte do m\u00fasico. Tamb\u00e9m n\u00e3o foram encontrados sinais de viol\u00eancia. A causa da morte est\u00e1 sendo investigada, mas a suspeita \u00e9 de que ele tenha sofrido uma parada card\u00edaca<\/p>\n<p>Renato estava hospedado no hotel desde 19 de fevereiro. O corpo foi encontrado por uma amiga que o acompanhava no local. Ela estranhou a demora do m\u00fasico em descer para tomar o caf\u00e9 da manh\u00e3. De posse de uma chave reserva, tentou abrir a porta do quarto onde ele estava, mas n\u00e3o conseguiu. A pol\u00edcia tamb\u00e9m n\u00e3o conseguiu abrir a porta e entrou no quarto por uma janela, encontrando o m\u00fasico  morto.<\/p>\n<p>A testemunha disse \u00e0 pol\u00edcia que o m\u00fasico fazia uso de rem\u00e9dios contra a depress\u00e3o. O caso foi registrado na Delegacia de Pol\u00edcia do Guaruj\u00e1 como morte suspeita.<\/p>\n<p>Ainda n\u00e3o h\u00e1 informa\u00e7\u00f5es sobre o vel\u00f3rio e o enterro. Em uma rede social, o m\u00fasico Dado Villa-Lobos, que tamb\u00e9m era integrante da banda, lamentou a morte de Renato Rocha, postando uma foto da banda com a mensagem \u201cfica a melhor lembran\u00e7a, encontrou a paz\u201d.<\/p>\n<p>Segundo o site da banda, Renato Rocha, tamb\u00e9m conhecido como Negrete ou Billy, nasceu em 27 de maio de 1961 em S\u00e3o Crist\u00f3v\u00e3o, no Rio de Janeiro. Levado pelo amigo Marcelo Bonf\u00e1, passou a integrar o grupo Legi\u00e3o Urbana em 1984, onde ficou at\u00e9 1989. Em 2012 foi encontrado morando na rua, no Rio. Aceitou fazer um tratamento em uma cl\u00ednica, com o apoio de familiares, amigos e f\u00e3s. <\/p>\n<p><img decoding=\"async\" src=\"http:\/\/aconteceunovale.com.br\/portal\/wp-content\/uploads\/2015\/02\/negrete_2.jpg\" alt=\"\" \/><em>Renato tamb\u00e9m era conhecido como Negrete &#8211; Foto: Gustavo Moreno \/ Correio Braziliense \/ D.A Press<\/em><br \/>\n<\/br><\/p>\n<p><em><strong>(Ag\u00eancia Brasil)<\/strong><\/em><\/p>\n","protected":false},"excerpt":{"rendered":"<p>O corpo do m\u00fasico foi encontrado dentro de um hotel em Guaruj\u00e1. Renato Rocha era conhecido tamb\u00e9m como Negrete e tinha 53 anos. O ex-baixista da banda Legi\u00e3o Urbana Renato da Silva Rocha, 53 anos, foi encontrado morto hoje (22) em um quarto de hotel na Avenida Veraneio, em Guaruj\u00e1, informou a Secretaria de Seguran\u00e7a [&hellip;]<\/p>\n","protected":false},"author":1,"featured_media":53533,"comment_status":"open","ping_status":"closed","sticky":false,"template":"","format":"standard","meta":{"amp_status":"","footnotes":""},"categories":[6],"tags":[34543,34555,34549,34548,34551,34542,34556,34541,34540,7247,34544,34546,34554,34547,34550,34545,34552,34553],"class_list":["post-53532","post","type-post","status-publish","format-standard","has-post-thumbnail","hentry","category-br","tag-banda-legiao-urbana","tag-billy-legiao-urbana","tag-causa-da-morte-de-renato-da-silva-rocha","tag-como-renato-da-silva-rocha-foi-morto","tag-dado-villa-lobos","tag-ex-baixista-da-banda-legiao-urbana","tag-ex-baixista-da-legiao-urbana-e-encontrado-morto","tag-ex-integrante-da-banda-legiao-urbana-e-encontrado-morto-em-guaruja","tag-ex-integrante-da-banda-legiao-urbana-e-encontrado-morto-no-litoral-de-sao-paulo","tag-guaruja","tag-legiao-urbana","tag-morte-de-renato-da-silva-rocha","tag-negrete-legiao-urbana","tag-o-que-aconteceu-com-renato-da-silva-rocha","tag-primeira-formacao-da-banda-legiao-urbana","tag-renato-da-silva-rocha","tag-renato-rocha","tag-renato-rocha-legiao-urbana"],"_links":{"self":[{"href":"https:\/\/aconteceunovale.com.br\/portal\/index.php?rest_route=\/wp\/v2\/posts\/53532","targetHints":{"allow":["GET"]}}],"collection":[{"href":"https:\/\/aconteceunovale.com.br\/portal\/index.php?rest_route=\/wp\/v2\/posts"}],"about":[{"href":"https:\/\/aconteceunovale.com.br\/portal\/index.php?rest_route=\/wp\/v2\/types\/post"}],"author":[{"embeddable":true,"href":"https:\/\/aconteceunovale.com.br\/portal\/index.php?rest_route=\/wp\/v2\/users\/1"}],"replies":[{"embeddable":true,"href":"https:\/\/aconteceunovale.com.br\/portal\/index.php?rest_route=%2Fwp%2Fv2%2Fcomments&post=53532"}],"version-history":[{"count":0,"href":"https:\/\/aconteceunovale.com.br\/portal\/index.php?rest_route=\/wp\/v2\/posts\/53532\/revisions"}],"wp:featuredmedia":[{"embeddable":true,"href":"https:\/\/aconteceunovale.com.br\/portal\/index.php?rest_route=\/wp\/v2\/media\/53533"}],"wp:attachment":[{"href":"https:\/\/aconteceunovale.com.br\/portal\/index.php?rest_route=%2Fwp%2Fv2%2Fmedia&parent=53532"}],"wp:term":[{"taxonomy":"category","embeddable":true,"href":"https:\/\/aconteceunovale.com.br\/portal\/index.php?rest_route=%2Fwp%2Fv2%2Fcategories&post=53532"},{"taxonomy":"post_tag","embeddable":true,"href":"https:\/\/aconteceunovale.com.br\/portal\/index.php?rest_route=%2Fwp%2Fv2%2Ftags&post=53532"}],"curies":[{"name":"wp","href":"https:\/\/api.w.org\/{rel}","templated":true}]}}