{"id":53529,"date":"2015-02-22T18:29:32","date_gmt":"2015-02-22T21:29:32","guid":{"rendered":"http:\/\/aconteceunovale.com.br\/portal\/?p=53529"},"modified":"2015-02-22T18:29:32","modified_gmt":"2015-02-22T21:29:32","slug":"jogador-da-urt-acusa-arbitro-de-racismo-durante-jogo-do-campeonato-mineiro","status":"publish","type":"post","link":"https:\/\/aconteceunovale.com.br\/portal\/?p=53529","title":{"rendered":"Jogador da URT acusa \u00e1rbitro de racismo durante jogo do Campeonato Mineiro"},"content":{"rendered":"<h4><strong><em>Tenente da Pol\u00edcia Militar que atendeu a ocorr\u00eancia, diz que foi chamado no vesti\u00e1rio da URT onde teve a situa\u00e7\u00e3o confirmada. \u00c1rbitro negou xingamento e diz que vai \u00e0 delegacia.<\/em><\/strong><\/h4>\n<p>O meia Junior Para\u00edba, da URT, acusou o \u00e1rbitro do jogo contra o Villa Nova, v\u00e1lido pela quarta rodada do Campeonato Mineiro, Ronei C\u00e2ndido Alves de fazer ofensas racistas. No intervalo da partida, a comiss\u00e3o t\u00e9cnica do time de Patos de Minas chamou a Pol\u00edcia Militar relatando sobre o fato. Segundo a Pol\u00edcia, o caso ser\u00e1 registrado ap\u00f3s o jogo.<\/p>\n<p>De acordo com o tenente Taffuri, que atendeu a ocorr\u00eancia, o \u00e1rbitro foi acusado de chamar o meia da URT de &#8220;macaco&#8221;. &#8220;No fim do primeiro tempo um dos dirigentes t\u00e9cnicos procurou a Pol\u00edcia Militar afirmando que o juiz teria chamado um dos jogadores dele de macaco. Por\u00e9m, o jogador n\u00e3o se pronunciou e n\u00e3o quis registrar nada naquele momento, apesar de sustentar a informa\u00e7\u00e3o&#8221;, relatou o militar.<\/p>\n<p>O oficial afirmou que foi at\u00e9 o campo e procurou o \u00e1rbitro, que negou ter feito as ofensas ao atleta. &#8220;O juiz foi procurado pela PM e disse que n\u00e3o fez o xingamento. Ele afirmou que, ao fim do jogo, juntaria as partes para fazer o Boletim de Ocorr\u00eancia. No entanto, quando as partes voltaram a campo, a torcida sabia do fato e come\u00e7ou a cham\u00e1-lo de racista&#8221;, concluiu.<\/p>\n<p>De acordo com o policial militar, os dois envolvidos no caso v\u00e3o at\u00e9 a delegacia para fazer o registro da ocorr\u00eancia.<\/p>\n<p><img decoding=\"async\" src=\"http:\/\/aconteceunovale.com.br\/portal\/wp-content\/uploads\/2015\/02\/junior_paraiba.jpg\" alt=\"\" \/><em>Junior Para\u00edba chamou a Pol\u00edcia Militar no vesti\u00e1rio (Foto: Reprodu\u00e7\u00e3o \/ Site URT)<\/em><br \/>\n<\/br><\/p>\n<p><em><strong>(Fonte: Globo Esporte)<\/strong><\/em><\/p>\n","protected":false},"excerpt":{"rendered":"<p>Tenente da Pol\u00edcia Militar que atendeu a ocorr\u00eancia, diz que foi chamado no vesti\u00e1rio da URT onde teve a situa\u00e7\u00e3o confirmada. \u00c1rbitro negou xingamento e diz que vai \u00e0 delegacia. O meia Junior Para\u00edba, da URT, acusou o \u00e1rbitro do jogo contra o Villa Nova, v\u00e1lido pela quarta rodada do Campeonato Mineiro, Ronei C\u00e2ndido Alves [&hellip;]<\/p>\n","protected":false},"author":1,"featured_media":53530,"comment_status":"open","ping_status":"closed","sticky":false,"template":"","format":"standard","meta":{"amp_status":"","footnotes":""},"categories":[59],"tags":[4404,34532,34539,34533,34538,34536,34537,34534,34535],"class_list":["post-53529","post","type-post","status-publish","format-standard","has-post-thumbnail","hentry","category-sports","tag-campeonato-mineiro","tag-jogador-da-urt-acusa-arbitro-de-racismo-durante-jogo-do-campeonato-mineiro","tag-juiz-chama-junior-paraiba-de-macaco","tag-junior-paraiba","tag-racismo-contra-junior-paraiba","tag-ronei-candido-alves","tag-tenente-taffuri","tag-urt","tag-villa-nova"],"_links":{"self":[{"href":"https:\/\/aconteceunovale.com.br\/portal\/index.php?rest_route=\/wp\/v2\/posts\/53529","targetHints":{"allow":["GET"]}}],"collection":[{"href":"https:\/\/aconteceunovale.com.br\/portal\/index.php?rest_route=\/wp\/v2\/posts"}],"about":[{"href":"https:\/\/aconteceunovale.com.br\/portal\/index.php?rest_route=\/wp\/v2\/types\/post"}],"author":[{"embeddable":true,"href":"https:\/\/aconteceunovale.com.br\/portal\/index.php?rest_route=\/wp\/v2\/users\/1"}],"replies":[{"embeddable":true,"href":"https:\/\/aconteceunovale.com.br\/portal\/index.php?rest_route=%2Fwp%2Fv2%2Fcomments&post=53529"}],"version-history":[{"count":0,"href":"https:\/\/aconteceunovale.com.br\/portal\/index.php?rest_route=\/wp\/v2\/posts\/53529\/revisions"}],"wp:featuredmedia":[{"embeddable":true,"href":"https:\/\/aconteceunovale.com.br\/portal\/index.php?rest_route=\/wp\/v2\/media\/53530"}],"wp:attachment":[{"href":"https:\/\/aconteceunovale.com.br\/portal\/index.php?rest_route=%2Fwp%2Fv2%2Fmedia&parent=53529"}],"wp:term":[{"taxonomy":"category","embeddable":true,"href":"https:\/\/aconteceunovale.com.br\/portal\/index.php?rest_route=%2Fwp%2Fv2%2Fcategories&post=53529"},{"taxonomy":"post_tag","embeddable":true,"href":"https:\/\/aconteceunovale.com.br\/portal\/index.php?rest_route=%2Fwp%2Fv2%2Ftags&post=53529"}],"curies":[{"name":"wp","href":"https:\/\/api.w.org\/{rel}","templated":true}]}}