{"id":53526,"date":"2015-02-22T18:21:29","date_gmt":"2015-02-22T21:21:29","guid":{"rendered":"http:\/\/aconteceunovale.com.br\/portal\/?p=53526"},"modified":"2015-02-22T18:21:29","modified_gmt":"2015-02-22T21:21:29","slug":"coelhao-engole-o-galo-no-classico-das-multidoes","status":"publish","type":"post","link":"https:\/\/aconteceunovale.com.br\/portal\/?p=53526","title":{"rendered":"Coelh\u00e3o engole o Galo no cl\u00e1ssico das multid\u00f5es"},"content":{"rendered":"<h4><em><strong>Atl\u00e9tico abriu o placar, mas o Am\u00e9rica foi valente no Horto e chegou aos 10 pontos.<\/strong><\/em><\/h4>\n<p>Am\u00e9rica e Atl\u00e9tico fizeram um cl\u00e1ssico intenso neste domingo. N\u00e3o faltou emo\u00e7\u00e3o para o torcedor que foi ao Independ\u00eancia e acompanhou o triunfo do Coelho por 2 a 1, pela quarta rodada do Campeonato Mineiro.<\/p>\n<p>Ap\u00f3s um primeiro tempo morno, a etapa final \u201cpegou fogo\u201d. O Galo abriu o placar com Andr\u00e9, de p\u00eanalti. Sem Patrick, expulso, o Am\u00e9rica foi brioso para conquistar a virada. Bryan fez um gola\u00e7o e depois Mancini anotou o 2 a 1 de p\u00eanalti.<\/p>\n<p>Levir Culpi escalou os reservas no Horto e acabou perdendo a lideran\u00e7a, que agora fica nas m\u00e3os do rival Cruzeiro. C\u00e1rdenas fez a sua primeira partida pelo Galo e deixou boa impress\u00e3o. Ele \u00e9 alternativa para o importante duelo de quarta-feira, contra o Atlas (M\u00e9xico), pela Copa Libertadores.<\/p>\n<p>O Am\u00e9rica soma os mesmos 10 pontos do time celeste e fica em segundo lugar. O pr\u00f3ximo compromisso \u00e9 contra a Caldense, s\u00e1bado, \u00e0s 18h30, em casa.<\/p>\n<p><img decoding=\"async\" src=\"http:\/\/aconteceunovale.com.br\/portal\/wp-content\/uploads\/2015\/02\/america_2x1_atletico.jpg\" alt=\"\" \/><em>Bryan acertou um belo chute de fora da \u00e1rea e deu \u00e2nimo novo para o Am\u00e9rica conquistar a vit\u00f3ria no Horto &#8211; Foto: Juarez Rodrigues \/ Super Esportes \/ Estado de Minas<\/em><br \/>\n<\/br><\/p>\n<p><strong>Primeiro tempo<\/strong><\/p>\n<p>A finaliza\u00e7\u00e3o n\u00e3o foi o forte de Am\u00e9rica e Atl\u00e9tico na primeira etapa. Mas chances foram criadas pelas duas equipes e deixaram os torcedores atentos ao duelo.<\/p>\n<p>Do lado do Coelho, Diego Lorenzi foi o primeiro a assustar o goleiro Victor com um chute longo, aos sete minutos, que acabou indo para fora. A melhor chance foi em cabeceio de Alisson, ap\u00f3s cobran\u00e7a de escanteio. O camisa 1 alvinegro fez excelente defesa e impediu o gol.<\/p>\n<p>J\u00e1 o Atl\u00e9tico levou certo perigo com o trio C\u00e1rdenas-Carlos-Cesinha. Aos 8 minutos, Cesinha cruzou e Carlos cabeceou para fora ap\u00f3s sa\u00edda ruim de Jo\u00e3o Ricardo. Depois, Carlos foi lan\u00e7ado por C\u00e1rdenas e quase conseguiu abrir o placar. Por fim, Carlos deu boa arrancada pela direita e cruzou para Andr\u00e9, que n\u00e3o conseguiu alcan\u00e7ar a bola.<\/p>\n<p><strong>Segundo tempo<\/strong><\/p>\n<p>A emo\u00e7\u00e3o virou um ingrediente na etapa final da partida, que finalmente apresentou um futebol digno de cl\u00e1ssico para os torcedores. Primeiro, o Atl\u00e9tico conseguiu marcar de p\u00eanalti, com Andr\u00e9. Ele deslocou o goleiro Jo\u00e3o Ricardo na batida.<\/p>\n<p>Quem sofreu a penalidade foi Cesinha, que caiu na \u00e1rea em disputa com Patrick ap\u00f3s lan\u00e7amento em profundidade. O lateral-direito americano acabou expulso.<\/p>\n<p>Com 10 em campo e em desvantagem, o Am\u00e9rica n\u00e3o se entregou. Pelo contr\u00e1rio. Melhorou o seu futebol. A equipe de Givanildo Oliveira mostrou for\u00e7a em seguida, com um gola\u00e7o de Bryan. O lateral-esquerdo arrancou com estilo, aplicou um chap\u00e9u em Carlos C\u00e9sar e acertou um belo chute longo que venceu Victor.<\/p>\n<p>As duas equipes continuaram em busca da vit\u00f3ria. Diego Lorenzi chegou a marcar ap\u00f3s arrancada pela esquerda, mas a arbitragem j\u00e1 havia assinalado um impedimento.<\/p>\n<p>O inesperado para o torcedor atleticano e sonhado pelo americano aconteceu aos 32 minutos. A arbitragem marcou p\u00eanalti de Edcarlos em Felipe Amorim. Mancini mostrou frieza na cobran\u00e7a e obteve \u00eaxito contra Victor.<\/p>\n<p><strong>Am\u00e9rica 2 x 1 Atl\u00e9tico<\/strong><\/p>\n<p><strong>Am\u00e9rica:<\/strong> Jo\u00e3o Ricardo, Patrick, Alison, Anderson Concei\u00e7\u00e3o (Andr\u00e9) e Bryan; Thiago Santos, Diego Lorenzi, Mancini, Felipe Amorim e Henrique (Robertinho); Rodrigo Silva (Douglas Dop\u00f4) &#8211; <strong>T\u00e9cnico:<\/strong> Givanildo Oliveira<\/p>\n<p><strong>Atl\u00e9tico:<\/strong> Victor, Carlos C\u00e9sar, Tiago, Edcarlos e Emerson Concei\u00e7\u00e3o; Pierre, Josu\u00e9 (Danilo Pires), C\u00e1rdenas (Dod\u00f4) e Carlos; Cesinha e Andr\u00e9 &#8211; <strong>T\u00e9cnico:<\/strong> Levir Culpi<\/p>\n<p><strong>Gols:<\/strong> Andr\u00e9 (ATL, 13min\/2\u00baT), Bryan (AME, 19min\/2\u00baT), Mancini (AME, 32min\/2\u00baT)<br \/>\n<strong>Cart\u00f5es amarelos:<\/strong> Patrick (2), Bryan, Thiago Santos, Felipe Amorim (AME), Andr\u00e9, Edcarlos, Josu\u00e9, Tiago, Emerson Concei\u00e7\u00e3o (ATL)<br \/>\n<strong>Cart\u00e3o vermelho:<\/strong> Patrick (AME)<br \/>\n<strong>P\u00fablico:<\/strong> 10.140 pagantes<br \/>\n<strong>Renda:<\/strong> R$ 273.615,00<\/p>\n<p><strong>Motivo:<\/strong> Quarta rodada do Campeonato Mineiro<br \/>\n<strong>Local:<\/strong> Est\u00e1dio Independ\u00eancia, em Belo Horizonte (MG)<br \/>\n<strong>Data\/hora:<\/strong> 22\/02\/2015, domingo, \u00e0s 16 horas<br \/>\n<strong>\u00c1rbitro:<\/strong> Igor J\u00fanio Benevenuto (CBF\/MG)<br \/>\n<strong>Assistentes: <\/strong>Felipe Alan Costa de Oliveira (FMF) e Marconi Helbert Vieira (CBF\/MG) <\/p>\n<p><em><strong>(Fonte: Super Esportes)<\/strong><\/em><\/p>\n","protected":false},"excerpt":{"rendered":"<p>Atl\u00e9tico abriu o placar, mas o Am\u00e9rica foi valente no Horto e chegou aos 10 pontos. Am\u00e9rica e Atl\u00e9tico fizeram um cl\u00e1ssico intenso neste domingo. N\u00e3o faltou emo\u00e7\u00e3o para o torcedor que foi ao Independ\u00eancia e acompanhou o triunfo do Coelho por 2 a 1, pela quarta rodada do Campeonato Mineiro. Ap\u00f3s um primeiro tempo [&hellip;]<\/p>\n","protected":false},"author":1,"featured_media":53527,"comment_status":"open","ping_status":"closed","sticky":false,"template":"","format":"standard","meta":{"amp_status":"","footnotes":""},"categories":[59],"tags":[34528,34530,34525,16165,12311,2741,34531,4404,32016,34529,17093,34526,34527,1018,12312],"class_list":["post-53526","post","type-post","status-publish","format-standard","has-post-thumbnail","hentry","category-sports","tag-america","tag-america-2-x-1-atletico","tag-america-e-atletico-fizeram-um-classico-intenso-neste-domingo","tag-america-mineiro","tag-atletico","tag-atletico-mineiro","tag-bryan-acertou-um-belo-chute-de-fora-da-area-e-deu-animo-novo-para-o-america-conquistar-a-vitoria-no-horto","tag-campeonato-mineiro","tag-campeonato-mineiro-2015","tag-classico-das-multidoes-de-minas-gerais","tag-coelhao","tag-coelhao-engole-o-galo-no-classico-das-multidoes","tag-coelho","tag-destaque","tag-galo"],"_links":{"self":[{"href":"https:\/\/aconteceunovale.com.br\/portal\/index.php?rest_route=\/wp\/v2\/posts\/53526","targetHints":{"allow":["GET"]}}],"collection":[{"href":"https:\/\/aconteceunovale.com.br\/portal\/index.php?rest_route=\/wp\/v2\/posts"}],"about":[{"href":"https:\/\/aconteceunovale.com.br\/portal\/index.php?rest_route=\/wp\/v2\/types\/post"}],"author":[{"embeddable":true,"href":"https:\/\/aconteceunovale.com.br\/portal\/index.php?rest_route=\/wp\/v2\/users\/1"}],"replies":[{"embeddable":true,"href":"https:\/\/aconteceunovale.com.br\/portal\/index.php?rest_route=%2Fwp%2Fv2%2Fcomments&post=53526"}],"version-history":[{"count":0,"href":"https:\/\/aconteceunovale.com.br\/portal\/index.php?rest_route=\/wp\/v2\/posts\/53526\/revisions"}],"wp:featuredmedia":[{"embeddable":true,"href":"https:\/\/aconteceunovale.com.br\/portal\/index.php?rest_route=\/wp\/v2\/media\/53527"}],"wp:attachment":[{"href":"https:\/\/aconteceunovale.com.br\/portal\/index.php?rest_route=%2Fwp%2Fv2%2Fmedia&parent=53526"}],"wp:term":[{"taxonomy":"category","embeddable":true,"href":"https:\/\/aconteceunovale.com.br\/portal\/index.php?rest_route=%2Fwp%2Fv2%2Fcategories&post=53526"},{"taxonomy":"post_tag","embeddable":true,"href":"https:\/\/aconteceunovale.com.br\/portal\/index.php?rest_route=%2Fwp%2Fv2%2Ftags&post=53526"}],"curies":[{"name":"wp","href":"https:\/\/api.w.org\/{rel}","templated":true}]}}