{"id":53523,"date":"2015-02-22T17:33:20","date_gmt":"2015-02-22T20:33:20","guid":{"rendered":"http:\/\/aconteceunovale.com.br\/portal\/?p=53523"},"modified":"2015-02-22T17:33:20","modified_gmt":"2015-02-22T20:33:20","slug":"bombeiros-controlam-principio-de-incendio-no-predio-da-defensoria-publica-de-valadares","status":"publish","type":"post","link":"https:\/\/aconteceunovale.com.br\/portal\/?p=53523","title":{"rendered":"Bombeiros controlam princ\u00edpio de inc\u00eandio no pr\u00e9dio da Defensoria P\u00fablica de Valadares"},"content":{"rendered":"<h4><strong><em>O pr\u00e9dio fica na Rua B\u00e1rbara Heliodora, no Centro da cidade. Fogo teria come\u00e7ado em um compensado de madeira, no teto.<\/em><\/strong><\/h4>\n<p>O Corpo de Bombeiros controlou um princ\u00edpio de inc\u00eandio no pr\u00e9dio da Defensoria P\u00fablica do Estado de Minas Gerais em Governador Valadares, na tarde deste domingo (22). O pr\u00e9dio fica na Rua B\u00e1rbara Heliodora, no Centro da cidade.<\/p>\n<p>Segundo informa\u00e7\u00f5es dos bombeiros, o fogo iniciou no teto de um dos c\u00f4modos do im\u00f3vel onde havia um compensado de madeira. Um fio passava em cima deste compensado e devido a um superaquecimento pegou fogo. Por volta das 13h30, moradores da regi\u00e3o acionaram a corpora\u00e7\u00e3o depois de observarem fuma\u00e7a saindo do local.<\/p>\n<p>Conforme o Corpo de Bombeiros, o fogo ficou concentrado apenas no teto e, aparentemente, n\u00e3o houve muitos danos. \u201cO fogo foi controlado com poucos litros de \u00e1gua. Conseguimos controlar o fogo rapidamente e nenhum outro c\u00f4modo do pr\u00e9dio foi atingido\u201d, relatou o tenente Josimar de Melo.<\/p>\n<p><img decoding=\"async\" src=\"http:\/\/aconteceunovale.com.br\/portal\/wp-content\/uploads\/2015\/02\/fogo_defensoria_publica_gv.jpg\" alt=\"\" \/><em>Bombeiros controlaram princ\u00edpio de inc\u00eandio no pr\u00e9dio da Defensoria P\u00fablica (Foto: Diego Souza\/G1)<\/em><br \/>\n<\/br><\/p>\n<p><strong><em>(Fonte: Inter TV dos Vales)<\/em><\/strong><\/p>\n","protected":false},"excerpt":{"rendered":"<p>O pr\u00e9dio fica na Rua B\u00e1rbara Heliodora, no Centro da cidade. Fogo teria come\u00e7ado em um compensado de madeira, no teto. O Corpo de Bombeiros controlou um princ\u00edpio de inc\u00eandio no pr\u00e9dio da Defensoria P\u00fablica do Estado de Minas Gerais em Governador Valadares, na tarde deste domingo (22). O pr\u00e9dio fica na Rua B\u00e1rbara Heliodora, [&hellip;]<\/p>\n","protected":false},"author":1,"featured_media":53524,"comment_status":"open","ping_status":"closed","sticky":false,"template":"","format":"standard","meta":{"amp_status":"","footnotes":""},"categories":[121],"tags":[34520,34519,34524,34523,247,34522,34521],"class_list":["post-53523","post","type-post","status-publish","format-standard","has-post-thumbnail","hentry","category-leste","tag-bombeiros-controlam-principio-de-incendio-no-predio-da-defensoria-publica-de-governador-valadares","tag-bombeiros-controlam-principio-de-incendio-no-predio-da-defensoria-publica-de-valadares","tag-defensoria-publica-de-governador-valadares","tag-defensoria-publica-de-valadares","tag-governador-valadares","tag-incendio-no-predio-da-defensoria-publica-de-governador-valadares","tag-incendio-no-predio-da-defensoria-publica-de-valadares"],"_links":{"self":[{"href":"https:\/\/aconteceunovale.com.br\/portal\/index.php?rest_route=\/wp\/v2\/posts\/53523","targetHints":{"allow":["GET"]}}],"collection":[{"href":"https:\/\/aconteceunovale.com.br\/portal\/index.php?rest_route=\/wp\/v2\/posts"}],"about":[{"href":"https:\/\/aconteceunovale.com.br\/portal\/index.php?rest_route=\/wp\/v2\/types\/post"}],"author":[{"embeddable":true,"href":"https:\/\/aconteceunovale.com.br\/portal\/index.php?rest_route=\/wp\/v2\/users\/1"}],"replies":[{"embeddable":true,"href":"https:\/\/aconteceunovale.com.br\/portal\/index.php?rest_route=%2Fwp%2Fv2%2Fcomments&post=53523"}],"version-history":[{"count":0,"href":"https:\/\/aconteceunovale.com.br\/portal\/index.php?rest_route=\/wp\/v2\/posts\/53523\/revisions"}],"wp:featuredmedia":[{"embeddable":true,"href":"https:\/\/aconteceunovale.com.br\/portal\/index.php?rest_route=\/wp\/v2\/media\/53524"}],"wp:attachment":[{"href":"https:\/\/aconteceunovale.com.br\/portal\/index.php?rest_route=%2Fwp%2Fv2%2Fmedia&parent=53523"}],"wp:term":[{"taxonomy":"category","embeddable":true,"href":"https:\/\/aconteceunovale.com.br\/portal\/index.php?rest_route=%2Fwp%2Fv2%2Fcategories&post=53523"},{"taxonomy":"post_tag","embeddable":true,"href":"https:\/\/aconteceunovale.com.br\/portal\/index.php?rest_route=%2Fwp%2Fv2%2Ftags&post=53523"}],"curies":[{"name":"wp","href":"https:\/\/api.w.org\/{rel}","templated":true}]}}