{"id":53520,"date":"2015-02-22T17:26:44","date_gmt":"2015-02-22T20:26:44","guid":{"rendered":"http:\/\/aconteceunovale.com.br\/portal\/?p=53520"},"modified":"2015-02-22T17:26:44","modified_gmt":"2015-02-22T20:26:44","slug":"adolescente-de-15-anos-e-assassinado-a-tiros-em-governador-valadares","status":"publish","type":"post","link":"https:\/\/aconteceunovale.com.br\/portal\/?p=53520","title":{"rendered":"Adolescente de 15 anos \u00e9 assassinado a tiros em Governador Valadares"},"content":{"rendered":"<h4><em><strong>Crime aconteceu na Rua Gruta, divisa dos bairros Altin\u00f3polis e M\u00e3e de Deus. Esse \u00e9 o 7\u00ba homic\u00eddio registrado no m\u00eas de fevereiro e o 21\u00ba em 2015.<\/strong><\/em><\/h4>\n<p>Um adolescente de 15 anos foi morto a tiros na noite deste s\u00e1bado (21), na Rua Gruta, divisa dos bairros Altin\u00f3polis e M\u00e3e de Deus, em Governador Valadares. Segundo informa\u00e7\u00f5es da Pol\u00edcia Militar, a v\u00edtima de prenome Lucas foi atingido por pelo menos tr\u00eas tiros, no cora\u00e7\u00e3o, t\u00f3rax e na coxa.<\/p>\n<p>Uma viatura da PM passava pelas proximidades do bairro no momento em que os disparos foram efetuados. Ao ouvir o barulho a pol\u00edcia foi at\u00e9 a Rua Gruta, mas n\u00e3o conseguiu capturar o autor do crime que chegou a ser visto por um dos militares da viatura, fugindo com a arma na m\u00e3o.<\/p>\n<p>O Servi\u00e7o de Atendimento M\u00f3vel de Urg\u00eancia (Samu) foi acionado, mas ao chegar no local a v\u00edtima j\u00e1 estava sem vida. O corpo foi encaminhado ao Posto de Per\u00edcia Integrada (PPI) de Governador Valadares.<\/p>\n<p>Ainda n\u00e3o h\u00e1 informa\u00e7\u00f5es sobre o autor do crime. Na regi\u00e3o, os moradores n\u00e3o d\u00e3o informa\u00e7\u00f5es temendo repres\u00e1lias por parte dos envolvidos, segundo a pol\u00edcia. Este foi o 7\u00ba homic\u00eddio registrado em Valadares, apenas no m\u00eas de fevereiro e o 21\u00ba desde o in\u00edcio do ano. (G1)<\/p>\n","protected":false},"excerpt":{"rendered":"<p>Crime aconteceu na Rua Gruta, divisa dos bairros Altin\u00f3polis e M\u00e3e de Deus. Esse \u00e9 o 7\u00ba homic\u00eddio registrado no m\u00eas de fevereiro e o 21\u00ba em 2015. Um adolescente de 15 anos foi morto a tiros na noite deste s\u00e1bado (21), na Rua Gruta, divisa dos bairros Altin\u00f3polis e M\u00e3e de Deus, em Governador [&hellip;]<\/p>\n","protected":false},"author":1,"featured_media":53521,"comment_status":"open","ping_status":"closed","sticky":false,"template":"","format":"standard","meta":{"amp_status":"","footnotes":""},"categories":[121],"tags":[34514,34517,247,34516,34515,34518],"class_list":["post-53520","post","type-post","status-publish","format-standard","has-post-thumbnail","hentry","category-leste","tag-adolescente-de-15-anos-e-assassinado-a-tiros-em-governador-valadares","tag-assassinato-lucas-gualberto","tag-governador-valadares","tag-homicidio-lucas-gualberto","tag-lucas-gualberto","tag-morte-lucas-gualberto"],"_links":{"self":[{"href":"https:\/\/aconteceunovale.com.br\/portal\/index.php?rest_route=\/wp\/v2\/posts\/53520","targetHints":{"allow":["GET"]}}],"collection":[{"href":"https:\/\/aconteceunovale.com.br\/portal\/index.php?rest_route=\/wp\/v2\/posts"}],"about":[{"href":"https:\/\/aconteceunovale.com.br\/portal\/index.php?rest_route=\/wp\/v2\/types\/post"}],"author":[{"embeddable":true,"href":"https:\/\/aconteceunovale.com.br\/portal\/index.php?rest_route=\/wp\/v2\/users\/1"}],"replies":[{"embeddable":true,"href":"https:\/\/aconteceunovale.com.br\/portal\/index.php?rest_route=%2Fwp%2Fv2%2Fcomments&post=53520"}],"version-history":[{"count":0,"href":"https:\/\/aconteceunovale.com.br\/portal\/index.php?rest_route=\/wp\/v2\/posts\/53520\/revisions"}],"wp:featuredmedia":[{"embeddable":true,"href":"https:\/\/aconteceunovale.com.br\/portal\/index.php?rest_route=\/wp\/v2\/media\/53521"}],"wp:attachment":[{"href":"https:\/\/aconteceunovale.com.br\/portal\/index.php?rest_route=%2Fwp%2Fv2%2Fmedia&parent=53520"}],"wp:term":[{"taxonomy":"category","embeddable":true,"href":"https:\/\/aconteceunovale.com.br\/portal\/index.php?rest_route=%2Fwp%2Fv2%2Fcategories&post=53520"},{"taxonomy":"post_tag","embeddable":true,"href":"https:\/\/aconteceunovale.com.br\/portal\/index.php?rest_route=%2Fwp%2Fv2%2Ftags&post=53520"}],"curies":[{"name":"wp","href":"https:\/\/api.w.org\/{rel}","templated":true}]}}