{"id":53514,"date":"2015-02-22T13:59:04","date_gmt":"2015-02-22T16:59:04","guid":{"rendered":"http:\/\/aconteceunovale.com.br\/portal\/?p=53514"},"modified":"2015-02-22T14:01:27","modified_gmt":"2015-02-22T17:01:27","slug":"caminhoneiros-fecham-parte-da-br-381-em-protesto-contra-a-alta-no-preco-do-diesel","status":"publish","type":"post","link":"https:\/\/aconteceunovale.com.br\/portal\/?p=53514","title":{"rendered":"Caminhoneiros fecham parte da BR-381 em protesto contra a alta no pre\u00e7o do diesel"},"content":{"rendered":"<h4><strong><em>Motoristas protestam contra a alta no pre\u00e7o do diesel e pedem aumento no valor do frete pago a eles.<\/em><\/strong><\/h4>\n<p>Caminhoneiros fazem uma manifesta\u00e7\u00e3o na manh\u00e3 deste domingo e fecham parte da Rodovia Fern\u00e3o Dias (BR-381) em Igarap\u00e9, na Grande BH. Segundo a Pol\u00edcia Rodovi\u00e1ria Federal (PRF), os trabalhadores est\u00e3o impedindo a passagem de motoristas de ve\u00edculos de carga e jogando pedras em caminh\u00f5es que tentam furar o bloqueio. Carros, motos e \u00f4nibus t\u00eam permiss\u00e3o para passar. <\/p>\n<p><img decoding=\"async\" src=\"http:\/\/aconteceunovale.com.br\/portal\/wp-content\/uploads\/2015\/02\/protesto_381_20_2_1.jpg\" alt=\"\" \/><em>N\u00e3o h\u00e1 previs\u00e3o para o fim da mobiliza\u00e7\u00e3o &#8211; Foto: Ed\u00e9sio Ferreira \/ Estado de Minas<\/em><br \/>\n<\/br><\/p>\n<p>Duas faixas est\u00e3o fechadas no sentido Belo Horizonte\/S\u00e3o Paulo desde 6h, na altura do km 513. Segundo a PRF, os caminhoneiros protestam contra a alta no pre\u00e7o do diesel e pedem aumento no valor do frete pago a eles. A manifesta\u00e7\u00e3o gerou mais de nove quil\u00f4metros de congestionamento na estrada, tanto na dire\u00e7\u00e3o bloqueada quanto no sentido S\u00e3o Paulo\/BH.<\/p>\n<p>A PRF sugere que motoristas usem um desvio seguindo pela BR-262, MG-050 entre Juatuba at\u00e9 Ita\u00fana e depois usando a MG-431. Da rodovia estadual, os motoristas podem acessar novamente a BR-381, na altura de Itatiaiu\u00e7u. <\/p>\n<p>De acordo com PRF, apesar de informa\u00e7\u00f5es de que o protesto \u00e9 organizado pelo Sindicato dos Caminhoneiros, n\u00e3o h\u00e1 lideres no movimento para negociar a libera\u00e7\u00e3o da via. Os policiais encontram dificuldades na tentativa de desbloquear a rodovia. O Sindicato Interestadual dos Caminhoneiros informou que a manifesta\u00e7\u00e3o partiu dos pr\u00f3prios motoristas. <\/p>\n<p>De acordo com o morador da cidade de Igarap\u00e9, Gleidson Teodoro, o protesto \u00e9 violento porque os manifestantes impedem a passagem de caminh\u00f5es com pedradas. Gleidson, que mora \u00e0s margens da BR, fotografou um ve\u00edculo que teve o p\u00e1ra-brisa atingido por pedra. <\/p>\n<p><img decoding=\"async\" src=\"http:\/\/aconteceunovale.com.br\/portal\/wp-content\/uploads\/2015\/02\/protesto_381_20_2_2.jpg\" alt=\"\" \/><em>Morador registrou caminh\u00e3o atingido por pedradas &#8211; Foto: Reprodu\u00e7\u00e3o<\/em><br \/>\n<\/br><\/p>\n<p><strong>Pre\u00e7os<\/strong><\/p>\n<p>De acordo com os motoristas que participam do protesto, o litro do diesel aumentou antes o carnaval de R$ 2,65 para R$ 2,90. Al\u00e9m disso, o valor do ped\u00e1gio teve alta gradativamente nos \u00faltimos anos, o que revolta os caminhoneiros. <\/p>\n<p>Atualmente, o ped\u00e1gio custa R$ 1,75 e a taxa \u00e9 cobrada proporcionalmente ao n\u00famero de eixos de cada caminh\u00e3o. Alguns ve\u00edculos somam at\u00e9 seis eixos. Os profissionais ainda reclamam de infla\u00e7\u00e3o em pre\u00e7os de restaurantes \u00e0s margens das rodovias, borracheiros e pneus. <\/p>\n<p>Segundo o caminhoneiro Renato Martins de Almeida, 39 anos, as empresas contratam os transportadores por cerca de R$ 2 mil para uma viagem de BH a S\u00e3o Paulo e dentro desse valor, os caminhoneiros arcam com todos os custos da viagem. \u201cEst\u00e1 invi\u00e1vel trabalhar\u201d, desabafa o condutor. Os caminhoneiros pedem ainda altera\u00e7\u00f5es na Lei 12.619, que disp\u00f5e sobre regra trabalhistas para a categoria.<\/p>\n<p><strong><em>(Fonte: Estado de Minas)<\/em><\/strong><\/p>\n","protected":false},"excerpt":{"rendered":"<p>Motoristas protestam contra a alta no pre\u00e7o do diesel e pedem aumento no valor do frete pago a eles. Caminhoneiros fazem uma manifesta\u00e7\u00e3o na manh\u00e3 deste domingo e fecham parte da Rodovia Fern\u00e3o Dias (BR-381) em Igarap\u00e9, na Grande BH. Segundo a Pol\u00edcia Rodovi\u00e1ria Federal (PRF), os trabalhadores est\u00e3o impedindo a passagem de motoristas de [&hellip;]<\/p>\n","protected":false},"author":1,"featured_media":53515,"comment_status":"open","ping_status":"closed","sticky":false,"template":"","format":"standard","meta":{"amp_status":"","footnotes":""},"categories":[123],"tags":[34511,34505,34513,34504,34503,34510,34509,1493,28207,1512,7520,34506,34507,34508,34512],"class_list":["post-53514","post","type-post","status-publish","format-standard","has-post-thumbnail","hentry","category-gerais","tag-caminhoneiro-renato-martins-de-almeida","tag-caminhoneiros-fecham-parte-da-br-381","tag-caminhoneiros-fecham-parte-da-br-381-em-protesto-contra-a-alta-no-preco-do-diesel","tag-caminhoneiros-fecham-parte-da-rodovia-fernao-dias","tag-fecham-parte-da-rodovia-fernao-dias","tag-gleidson-teodoro","tag-igarae","tag-igarape","tag-itatiaiucu","tag-itauna","tag-juatuba","tag-protesto-de-caminhoneiros-em-igarape","tag-protesto-de-caminhoneiros-na-br-381","tag-protesto-de-caminhoneiros-na-fernao-dias","tag-renato-martins-de-almeida"],"_links":{"self":[{"href":"https:\/\/aconteceunovale.com.br\/portal\/index.php?rest_route=\/wp\/v2\/posts\/53514","targetHints":{"allow":["GET"]}}],"collection":[{"href":"https:\/\/aconteceunovale.com.br\/portal\/index.php?rest_route=\/wp\/v2\/posts"}],"about":[{"href":"https:\/\/aconteceunovale.com.br\/portal\/index.php?rest_route=\/wp\/v2\/types\/post"}],"author":[{"embeddable":true,"href":"https:\/\/aconteceunovale.com.br\/portal\/index.php?rest_route=\/wp\/v2\/users\/1"}],"replies":[{"embeddable":true,"href":"https:\/\/aconteceunovale.com.br\/portal\/index.php?rest_route=%2Fwp%2Fv2%2Fcomments&post=53514"}],"version-history":[{"count":0,"href":"https:\/\/aconteceunovale.com.br\/portal\/index.php?rest_route=\/wp\/v2\/posts\/53514\/revisions"}],"wp:featuredmedia":[{"embeddable":true,"href":"https:\/\/aconteceunovale.com.br\/portal\/index.php?rest_route=\/wp\/v2\/media\/53515"}],"wp:attachment":[{"href":"https:\/\/aconteceunovale.com.br\/portal\/index.php?rest_route=%2Fwp%2Fv2%2Fmedia&parent=53514"}],"wp:term":[{"taxonomy":"category","embeddable":true,"href":"https:\/\/aconteceunovale.com.br\/portal\/index.php?rest_route=%2Fwp%2Fv2%2Fcategories&post=53514"},{"taxonomy":"post_tag","embeddable":true,"href":"https:\/\/aconteceunovale.com.br\/portal\/index.php?rest_route=%2Fwp%2Fv2%2Ftags&post=53514"}],"curies":[{"name":"wp","href":"https:\/\/api.w.org\/{rel}","templated":true}]}}