{"id":53511,"date":"2015-02-22T13:47:24","date_gmt":"2015-02-22T16:47:24","guid":{"rendered":"http:\/\/aconteceunovale.com.br\/portal\/?p=53511"},"modified":"2015-02-22T13:47:24","modified_gmt":"2015-02-22T16:47:24","slug":"cinco-pessoas-ficam-feridas-em-acidente-na-br-116-em-itambacuri","status":"publish","type":"post","link":"https:\/\/aconteceunovale.com.br\/portal\/?p=53511","title":{"rendered":"Cinco pessoas ficam feridas em acidente na BR-116 em Itambacuri"},"content":{"rendered":"<h4><strong><em>O motorista do ve\u00edculo contou que estava muito cansado da viagem e pode ter dormido ao volante.<\/em><\/strong><\/h4>\n<p>Um acidente na BR-116, em Itambacuri, na regi\u00e3o do Rio Doce, deixou cinco pessoas feridas na madrugada deste domingo (22), entre elas, uma crian\u00e7a de apenas dois anos. As v\u00edtimas foram levadas para um hospital da regi\u00e3o, sem gravidade.<\/p>\n<p>De acordo com o Corpo de Bombeiros, o acidente aconteceu na altura do KM 317, na zona rural da cidade. A fam\u00edlia estava em um Fiat Siena, com placa OQB-4926 de Betim, quando saiu da pista e acabou capotando. O motorista de 37 anos contou que estava muito cansado da viagem e pode ter dormido ao volante.<\/p>\n<p>Foram resgatados pela corpora\u00e7\u00e3o, al\u00e9m do motorista, a mulher dele, de 33 anos, e tr\u00eas crian\u00e7as, de 2, 11 e 15 anos. Elas n\u00e3o correm risco de morte e foram encaminhadas ao hospital com ferimentos leves.<\/p>\n<p><img decoding=\"async\" src=\"http:\/\/aconteceunovale.com.br\/portal\/wp-content\/uploads\/2015\/02\/acidente_itambacuri_22_2.jpg\" alt=\"\" \/><em>Cinco pessoas ficaram feridas no acidente &#8211; Foto: Reprodu\u00e7\u00e3o \/ Rep\u00f3rter Elvis Passos<\/em><br \/>\n<\/br><\/p>\n<p><em><strong>(O Tempo)<\/strong><\/em><\/p>\n","protected":false},"excerpt":{"rendered":"<p>O motorista do ve\u00edculo contou que estava muito cansado da viagem e pode ter dormido ao volante. Um acidente na BR-116, em Itambacuri, na regi\u00e3o do Rio Doce, deixou cinco pessoas feridas na madrugada deste domingo (22), entre elas, uma crian\u00e7a de apenas dois anos. As v\u00edtimas foram levadas para um hospital da regi\u00e3o, sem [&hellip;]<\/p>\n","protected":false},"author":1,"featured_media":53512,"comment_status":"open","ping_status":"closed","sticky":false,"template":"","format":"standard","meta":{"amp_status":"","footnotes":""},"categories":[121],"tags":[34502,34501,34495,34499,1495,34494,34497,188,34496,34500,34498],"class_list":["post-53511","post","type-post","status-publish","format-standard","has-post-thumbnail","hentry","category-leste","tag-acidente-com-familia-de-betim","tag-acidente-com-siena-de-betim","tag-acidente-na-br-116-em-itambacuri","tag-amanda-duarte-das-merces-salveria","tag-betim","tag-cinco-pessoas-ficam-feridas-em-acidente-na-br-116-em-itambacuri","tag-emilly-stephanie-duarte-lopes","tag-itambacuri","tag-jenifer-christyne-duarte-robson","tag-marcella-aiala-salveria","tag-wanderson-rodrigo-salveria"],"_links":{"self":[{"href":"https:\/\/aconteceunovale.com.br\/portal\/index.php?rest_route=\/wp\/v2\/posts\/53511","targetHints":{"allow":["GET"]}}],"collection":[{"href":"https:\/\/aconteceunovale.com.br\/portal\/index.php?rest_route=\/wp\/v2\/posts"}],"about":[{"href":"https:\/\/aconteceunovale.com.br\/portal\/index.php?rest_route=\/wp\/v2\/types\/post"}],"author":[{"embeddable":true,"href":"https:\/\/aconteceunovale.com.br\/portal\/index.php?rest_route=\/wp\/v2\/users\/1"}],"replies":[{"embeddable":true,"href":"https:\/\/aconteceunovale.com.br\/portal\/index.php?rest_route=%2Fwp%2Fv2%2Fcomments&post=53511"}],"version-history":[{"count":0,"href":"https:\/\/aconteceunovale.com.br\/portal\/index.php?rest_route=\/wp\/v2\/posts\/53511\/revisions"}],"wp:featuredmedia":[{"embeddable":true,"href":"https:\/\/aconteceunovale.com.br\/portal\/index.php?rest_route=\/wp\/v2\/media\/53512"}],"wp:attachment":[{"href":"https:\/\/aconteceunovale.com.br\/portal\/index.php?rest_route=%2Fwp%2Fv2%2Fmedia&parent=53511"}],"wp:term":[{"taxonomy":"category","embeddable":true,"href":"https:\/\/aconteceunovale.com.br\/portal\/index.php?rest_route=%2Fwp%2Fv2%2Fcategories&post=53511"},{"taxonomy":"post_tag","embeddable":true,"href":"https:\/\/aconteceunovale.com.br\/portal\/index.php?rest_route=%2Fwp%2Fv2%2Ftags&post=53511"}],"curies":[{"name":"wp","href":"https:\/\/api.w.org\/{rel}","templated":true}]}}