{"id":53508,"date":"2015-02-22T13:35:09","date_gmt":"2015-02-22T16:35:09","guid":{"rendered":"http:\/\/aconteceunovale.com.br\/portal\/?p=53508"},"modified":"2015-02-22T13:35:09","modified_gmt":"2015-02-22T16:35:09","slug":"ex-vereador-e-suspeito-de-planejar-atentado-contra-promotor-de-justica-em-minas-gerais","status":"publish","type":"post","link":"https:\/\/aconteceunovale.com.br\/portal\/?p=53508","title":{"rendered":"Ex-vereador \u00e9 suspeito de planejar atentado contra Promotor de Justi\u00e7a em Minas Gerais"},"content":{"rendered":"<h4><strong><em>Crime aconteceu na noite de s\u00e1bado quando um motociclista cercou o carro do promotor e disparou v\u00e1rias vezes. Ele foi atingido por pelo menos quatro tiros.<\/em><\/strong><\/h4>\n<p>O promotor de Justi\u00e7a Marcus Vin\u00edcius Ribeiro foi alvo de atentado na noite de s\u00e1bado (21) em Monte Carmelo, regi\u00e3o do Alto Parana\u00edba. Ele deixava a promotoria, por volta das 20h30, quando foi baleado por um motociclista. Ap\u00f3s a tentativa de homic\u00eddio, uma for\u00e7a-tarefa envolvendo v\u00e1rios \u00f3rg\u00e3os de seguran\u00e7a foi montada e dois suspeitos presos.<\/p>\n<p>Segundo a Pol\u00edcia Civil, o crime foi planejado pelo ex-vereador e ex-presidente da C\u00e2mara Valdelei Jos\u00e9 de Oliveira, e executado por Juliano Aparecido de Oliveira, filho do ex-parlamentar. O caso ainda est\u00e1 sendo investigado, mas o delegado Wilton Jos\u00e9 Fernandes informou que o crime pode ter sido motivado por vingan\u00e7a, uma vez que o promotor denunciou Valdelei por fraudes em licita\u00e7\u00f5es e contratos p\u00fablicos. Em decorr\u00eancia das acusa\u00e7\u00f5es, o pol\u00edtico teve o mandado cassado em 2014. <\/p>\n<p>Os dois suspeitos negaram participa\u00e7\u00e3o no atentado, mas a pol\u00edcia informou que, apesar da investiga\u00e7\u00e3o prematura, j\u00e1 tem provas suficientes para apontar a dupla como autora do crime. A suposta moto usada durante o crime foi apreendida com Juliano e encaminhada para a per\u00edcia.<\/p>\n<p>Pai e filho est\u00e3o reclusos na delegacia municipal e devem ser encaminhados para o pres\u00eddio da regi\u00e3o nas pr\u00f3ximas horas.<\/p>\n<p><img decoding=\"async\" src=\"http:\/\/aconteceunovale.com.br\/portal\/wp-content\/uploads\/2015\/02\/atentado_promotor_monte_carmelo.jpg\" alt=\"\" \/><em>Autom\u00f3vel do promotor ficou cravejado de balas ap\u00f3s a tentativa de homic\u00eddio &#8211; Foto: Divulga\u00e7\u00e3o\/PMMG<\/em><br \/>\n<\/br><\/p>\n<p><strong>Atentado<\/strong><\/p>\n<p>Conforme o delegado Wilton Jos\u00e9, o promotor Marcus Vin\u00edcius Ribeiro deixava a promotoria de Monte Carmelo quando, ao entrar no Palio Adventure Weekend, placa DWW-6334, foi supreendido por um motociclista que chegou disparando em dire\u00e7\u00e3o ao autom\u00f3vel.<\/p>\n<p>Testemunhas contaram que a v\u00edtima, mesmo ferida, deixou o ve\u00edculo e seguiu fuga a p\u00e9 at\u00e9 um restaurante, onde foi socorrida por populares e encaminhada at\u00e9 o Hospital Virg\u00edlio Rosa. O promotor foi atingido tr\u00eas vezes nas costas e uma no bra\u00e7o e seu estado de sa\u00fade \u00e9 considerado est\u00e1vel. Da unidade de sa\u00fade, ele foi transferido para um hospital de Uberl\u00e2ndia, no Tri\u00e2ngulo Mineiro.<\/p>\n<p>Logo ap\u00f3s o atentado, uma for\u00e7a-tarefa envolvendo as pol\u00edcias Civil, Militar e Federal foi montada. &#8220;Iniciamos os trabalhos, colhemos provas no local e ouvimos testemunhas. Ent\u00e3o chegamos at\u00e9 os dois presos. Eles n\u00e3o confessaram, mas os dados apontam para eles como os autores do crime&#8221;, declarou o delegado.<\/p>\n<p><strong>Pris\u00e3o<\/strong><\/p>\n<p>Juliano Aparecido de Oliveira foi localizado e detido na madrugada deste domingo (22) no munic\u00edpio de Romaria, vizinho a Monte Carmelo. Ele estava na casa da cunhada e n\u00e3o apresentou resist\u00eancia \u00e0 pris\u00e3o. A moto que conforme a pol\u00edcia foi usada no crime estava no im\u00f3vel e foi apreendida.<\/p>\n<p>Depois da deten\u00e7\u00e3o, ele foi levado at\u00e9 a delegacia de Monte Carmelo para prestar esclarecimentos. L\u00e1, Valdelei Jos\u00e9 compareceu para tentar livrar o filho da cadeia e acabou sendo preso em flagrante apontado como o mandante do crime. A arma usada na tentativa de assassinato ainda n\u00e3o foi encontrada. O carro do promotor ficou cravejado de balas e ser\u00e1 periciado.<\/p>\n<p><strong>Crime organizado<\/strong><\/p>\n<p>O secret\u00e1rio de Estado de Defesa Social, Bernardo Santana de Vasconcellos, informou que assim que tomou conhecimento do atentado &#8220;solicitou ao chefe da Pol\u00edcia Civil, delegado-geral Wanderson Silva, total empenho na investiga\u00e7\u00e3o desse crime que atingiu um abnegado combatente contra o crime organizado em Minas Gerais&#8221;. Ele disse, ainda, que presta apoio incondicional \u00e0 fam\u00edlia do promotor &#8220;e confia na identifica\u00e7\u00e3o e plena penaliza\u00e7\u00e3o dos culpados, para que a impunidade n\u00e3o acalente o desafio da criminalidade contra a Democracia&#8221;.<\/p>\n<p><em>(Fonte: Hoje em Dia)<\/em><\/p>\n","protected":false},"excerpt":{"rendered":"<p>Crime aconteceu na noite de s\u00e1bado quando um motociclista cercou o carro do promotor e disparou v\u00e1rias vezes. Ele foi atingido por pelo menos quatro tiros. O promotor de Justi\u00e7a Marcus Vin\u00edcius Ribeiro foi alvo de atentado na noite de s\u00e1bado (21) em Monte Carmelo, regi\u00e3o do Alto Parana\u00edba. Ele deixava a promotoria, por volta [&hellip;]<\/p>\n","protected":false},"author":1,"featured_media":53509,"comment_status":"open","ping_status":"closed","sticky":false,"template":"","format":"standard","meta":{"amp_status":"","footnotes":""},"categories":[123],"tags":[34492,34489,34488,28369,34483,34490,34491,34485,34482,1520,34481,1690,34493,34484,34487,34486],"class_list":["post-53508","post","type-post","status-publish","format-standard","has-post-thumbnail","hentry","category-gerais","tag-atentado-contra-o-promotor-marcus-vinicius-ribeiro","tag-atentado-contra-promotor","tag-atentado-contra-promotor-em-monte-carmelo","tag-bernardo-santana-de-vasconcellos","tag-ex-vereador-e-ex-presidente-da-camara-valdelei-jose-de-oliveira","tag-ex-vereador-e-suspeito-de-planejar-atentado-contra-promotor-de-justica-em-minas-gerais","tag-ex-vereador-e-suspeito-de-planejar-atentado-contra-promotor-de-justica-em-monte-carmelo","tag-juliano-aparecido-de-oliveira","tag-marcus-vinicius-ribeiro","tag-monte-carmelo","tag-promotor-de-justica-marcus-vinicius-ribeiro","tag-romaria","tag-tentativa-de-homicidio-contra-o-marcus-vinicius-ribeiro","tag-valdelei-jose-de-oliveira","tag-wanderson-silva","tag-wilton-jose-fernandes"],"_links":{"self":[{"href":"https:\/\/aconteceunovale.com.br\/portal\/index.php?rest_route=\/wp\/v2\/posts\/53508","targetHints":{"allow":["GET"]}}],"collection":[{"href":"https:\/\/aconteceunovale.com.br\/portal\/index.php?rest_route=\/wp\/v2\/posts"}],"about":[{"href":"https:\/\/aconteceunovale.com.br\/portal\/index.php?rest_route=\/wp\/v2\/types\/post"}],"author":[{"embeddable":true,"href":"https:\/\/aconteceunovale.com.br\/portal\/index.php?rest_route=\/wp\/v2\/users\/1"}],"replies":[{"embeddable":true,"href":"https:\/\/aconteceunovale.com.br\/portal\/index.php?rest_route=%2Fwp%2Fv2%2Fcomments&post=53508"}],"version-history":[{"count":0,"href":"https:\/\/aconteceunovale.com.br\/portal\/index.php?rest_route=\/wp\/v2\/posts\/53508\/revisions"}],"wp:featuredmedia":[{"embeddable":true,"href":"https:\/\/aconteceunovale.com.br\/portal\/index.php?rest_route=\/wp\/v2\/media\/53509"}],"wp:attachment":[{"href":"https:\/\/aconteceunovale.com.br\/portal\/index.php?rest_route=%2Fwp%2Fv2%2Fmedia&parent=53508"}],"wp:term":[{"taxonomy":"category","embeddable":true,"href":"https:\/\/aconteceunovale.com.br\/portal\/index.php?rest_route=%2Fwp%2Fv2%2Fcategories&post=53508"},{"taxonomy":"post_tag","embeddable":true,"href":"https:\/\/aconteceunovale.com.br\/portal\/index.php?rest_route=%2Fwp%2Fv2%2Ftags&post=53508"}],"curies":[{"name":"wp","href":"https:\/\/api.w.org\/{rel}","templated":true}]}}