{"id":53505,"date":"2015-02-22T13:07:17","date_gmt":"2015-02-22T16:07:17","guid":{"rendered":"http:\/\/aconteceunovale.com.br\/portal\/?p=53505"},"modified":"2015-02-22T13:07:17","modified_gmt":"2015-02-22T16:07:17","slug":"governo-para-as-obras-dos-hospitais-regionais-de-teofilo-otoni-e-governador-valadares","status":"publish","type":"post","link":"https:\/\/aconteceunovale.com.br\/portal\/?p=53505","title":{"rendered":"Governo para as obras dos hospitais regionais de Te\u00f3filo Otoni e Governador Valadares"},"content":{"rendered":"<h4><strong><em>Justificativa da Secretaria Estadual de Sa\u00fade (SES) \u00e9 a n\u00e3o aprova\u00e7\u00e3o do Or\u00e7amento de 2015. Em Governador Valadares, as obras j\u00e1 estavam 75% conclu\u00eddas.<\/em><\/strong><\/h4>\n<p>O sonho dos moradores da regi\u00e3o de Governador Valadares e Te\u00f3filo Otoni de contar com novos hospitais regionais at\u00e9 o final deste ano parece que ter\u00e1 que ser adiado. As obras foram suspensas pelo governo estadual desde o in\u00edcio de fevereiro. Os investimentos nas duas obras giram em torno de R$ 236 milh\u00f5es, com aplica\u00e7\u00e3o direta na constru\u00e7\u00e3o e na aquisi\u00e7\u00e3o de equipamentos.<\/p>\n<p>Al\u00e9m dos Hospitais Regionais de Valadares e Te\u00f3filo Otoni, outras cidades tamb\u00e9m ficaram no preju\u00edzo, com as obras de seus hospitais suspensas, como Divin\u00f3polis, Conselheiro Lafaiete e Sete Lagoas. O atendimento inicial em Valadares, que vai beneficiar 86 munic\u00edpios, come\u00e7aria com 150 leitos e chegaria, no futuro, a 400 leitos. J\u00e1 a unidade de Te\u00f3filo Otoni ter\u00e1 420 leitos.<\/p>\n<p><img decoding=\"async\" src=\"http:\/\/aconteceunovale.com.br\/portal\/wp-content\/uploads\/2014\/10\/hospital_regional_teo_2.jpg\" alt=\"\" \/><em>Hospital Regional de Te\u00f3filo Otoni ter\u00e1 420 leitos &#8211; Foto: Reprodu\u00e7\u00e3o<\/em><br \/>\n<\/br><\/p>\n<p><strong>Explica\u00e7\u00f5es do governo<\/strong><\/p>\n<p>A n\u00e3o aprova\u00e7\u00e3o do Or\u00e7amento 2015 \u00e9 uma das justificativas do governo para suspens\u00e3o das obras em Governador Valadares. Uma nota divulgada pela Assessoria de Imprensa da Secretaria de Estado de Sa\u00fade (SES) diz que a expectativa \u00e9 que o or\u00e7amento seja votado o mais breve poss\u00edvel. Leia a nota abaixo: <\/p>\n<p><em>&#8220;Cabe esclarecer que o Or\u00e7amento Estadual de 2015 ainda n\u00e3o foi aprovado pela Assembleia Legislativa. Sem a aprova\u00e7\u00e3o da Assembleia, o Governo n\u00e3o pode aplicar recursos em investimentos e obras, como as do Hospital Regional. O Governo de Minas Gerais vai enviar ao Legislativo uma nova proposta de Or\u00e7amento nos pr\u00f3ximos dias, mais adequada \u00e0 realidade do Estado. A expectativa \u00e9 que o novo Or\u00e7amento seja aprovado o mais breve poss\u00edvel. T\u00e3o logo o Or\u00e7amento seja aprovado pela Assembleia Legislativa, o Governo retomar\u00e1, em sua plenitude, as obras do Hospital Regional de Governador Valadares.\u201d<\/em> N\u00e3o foi informada, no entanto, uma data precisa para o rein\u00edcio das obras, cuja conclus\u00e3o, ainda assim, foi marcada para o segundo semestre deste ano.<\/p>\n<p>O governo de Minas informou ainda que foi preciso fazer uma reavalia\u00e7\u00e3o das obras deixadas pela gest\u00e3o do PSDB e que foram deixadas d\u00edvidas com a empresa respons\u00e1vel pela execu\u00e7\u00e3o das obras do novo Hospital Regional de Valadares. <em>&#8220;O Governo de Minas Gerais est\u00e1 reavaliando obras e projetos da gest\u00e3o passada. Diante da necessidade de promover uma minuciosa reavalia\u00e7\u00e3o, a partir de limita\u00e7\u00f5es or\u00e7ament\u00e1rias deixadas pela administra\u00e7\u00e3o anterior, as obras do Hospital Regional de Governador Valadares foram paralisadas no dia 6 de fevereiro de 2015. Importante ressaltar que, a partir do final do ano passado, portanto, logo ap\u00f3s a divulga\u00e7\u00e3o do resultado das elei\u00e7\u00f5es estaduais de 2014, o governo anterior suspendeu repasses \u00e0 empresa respons\u00e1vel pela obra, deixando de arcar com uma despesa total de R$ 3,2 milh\u00f5es&#8221;<\/em>, concluiu a nota enviada.<\/p>\n<p><img decoding=\"async\" src=\"http:\/\/aconteceunovale.com.br\/portal\/wp-content\/uploads\/2015\/02\/hospital_regional_gv_22_2.jpg\" alt=\"\" \/><em>O investimento na obra, que j\u00e1 estava 75% pronta, gira em torno de R$ 150 milh\u00f5es, com aplica\u00e7\u00e3o direta na constru\u00e7\u00e3o e na aquisi\u00e7\u00e3o de equipamentos &#8211; Foto: Alexandre Oliveira \/ Di\u00e1rio do Rio Doce<\/em><br \/>\n<\/br><\/p>\n<p><em><strong>(Fonte: Di\u00e1rio do Rio Doce)<\/strong><\/em><\/p>\n","protected":false},"excerpt":{"rendered":"<p>Justificativa da Secretaria Estadual de Sa\u00fade (SES) \u00e9 a n\u00e3o aprova\u00e7\u00e3o do Or\u00e7amento de 2015. Em Governador Valadares, as obras j\u00e1 estavam 75% conclu\u00eddas. O sonho dos moradores da regi\u00e3o de Governador Valadares e Te\u00f3filo Otoni de contar com novos hospitais regionais at\u00e9 o final deste ano parece que ter\u00e1 que ser adiado. As obras [&hellip;]<\/p>\n","protected":false},"author":1,"featured_media":43909,"comment_status":"open","ping_status":"closed","sticky":false,"template":"","format":"standard","meta":{"amp_status":"","footnotes":""},"categories":[123],"tags":[247,34475,34478,34476,34480,8739,4023,34479,34477,164],"class_list":["post-53505","post","type-post","status-publish","format-standard","has-post-thumbnail","hentry","category-gerais","tag-governador-valadares","tag-governo-para-as-obras-dos-hospitais-regionais-de-teofilo-otoni-e-governador-valadares","tag-governo-para-obra-do-hospital-regional-de-governador-valadares","tag-governo-para-obra-do-hospital-regional-de-teofilo-otoni","tag-hospitais-regionais-de-valadares-e-teofilo-otoni","tag-hospital-regional-de-governador-valadares","tag-hospital-regional-de-teofilo-otoni","tag-obra-do-hospital-regional-de-governador-valadares-parada","tag-obra-do-hospital-regional-de-teofilo-otoni-parada","tag-teofilo-otoni"],"_links":{"self":[{"href":"https:\/\/aconteceunovale.com.br\/portal\/index.php?rest_route=\/wp\/v2\/posts\/53505","targetHints":{"allow":["GET"]}}],"collection":[{"href":"https:\/\/aconteceunovale.com.br\/portal\/index.php?rest_route=\/wp\/v2\/posts"}],"about":[{"href":"https:\/\/aconteceunovale.com.br\/portal\/index.php?rest_route=\/wp\/v2\/types\/post"}],"author":[{"embeddable":true,"href":"https:\/\/aconteceunovale.com.br\/portal\/index.php?rest_route=\/wp\/v2\/users\/1"}],"replies":[{"embeddable":true,"href":"https:\/\/aconteceunovale.com.br\/portal\/index.php?rest_route=%2Fwp%2Fv2%2Fcomments&post=53505"}],"version-history":[{"count":0,"href":"https:\/\/aconteceunovale.com.br\/portal\/index.php?rest_route=\/wp\/v2\/posts\/53505\/revisions"}],"wp:featuredmedia":[{"embeddable":true,"href":"https:\/\/aconteceunovale.com.br\/portal\/index.php?rest_route=\/wp\/v2\/media\/43909"}],"wp:attachment":[{"href":"https:\/\/aconteceunovale.com.br\/portal\/index.php?rest_route=%2Fwp%2Fv2%2Fmedia&parent=53505"}],"wp:term":[{"taxonomy":"category","embeddable":true,"href":"https:\/\/aconteceunovale.com.br\/portal\/index.php?rest_route=%2Fwp%2Fv2%2Fcategories&post=53505"},{"taxonomy":"post_tag","embeddable":true,"href":"https:\/\/aconteceunovale.com.br\/portal\/index.php?rest_route=%2Fwp%2Fv2%2Ftags&post=53505"}],"curies":[{"name":"wp","href":"https:\/\/api.w.org\/{rel}","templated":true}]}}