{"id":53503,"date":"2015-02-22T12:38:57","date_gmt":"2015-02-22T15:38:57","guid":{"rendered":"http:\/\/aconteceunovale.com.br\/portal\/?p=53503"},"modified":"2015-02-22T12:38:57","modified_gmt":"2015-02-22T15:38:57","slug":"tres-pessoas-morrem-apos-capotamento-de-veiculo-em-janauba","status":"publish","type":"post","link":"https:\/\/aconteceunovale.com.br\/portal\/?p=53503","title":{"rendered":"Tr\u00eas pessoas morrem ap\u00f3s capotamento de ve\u00edculo em Jana\u00faba"},"content":{"rendered":"<h4><strong><em>Motorista perdeu controle da dire\u00e7\u00e3o e capotou em uma curva. Carro estava com queixa de furto\/roubo em Montes Claros.<\/em><\/strong><\/h4>\n<p>Um homem e duas mulheres morreram em um acidente no final da noite deste s\u00e1bado, 21 de fevereiro, em Jana\u00faba, na regi\u00e3o Norte de Minas Gerais. O ve\u00edculo em que eles estavam capotou no bairro Jacarezinho por volta das 23 horas.<\/p>\n<p>De acordo com a Pol\u00edcia Militar, uma guarni\u00e7\u00e3o policial seguia para o distrito de Vila Nova dos Po\u00e7\u00f5es para atender uma ocorr\u00eancia de tentativa de homic\u00eddio, quando deparou o carro em alta velocidade. Os policiais deram sinal para que o motorista parasse, mas ele n\u00e3o obedeceu a ordem, perdeu o controle da dire\u00e7\u00e3o e capotou em uma curva. <\/p>\n<p>Com o impacto do acidente, o condutor Pablo Rodrigues Correia, de 30 anos, e as passageiras Ge\u00f3rgia Clara de Lima Ara\u00fajo, de 20 anos, e Luana Lorrany Souza Aguiar, de 17, n\u00e3o resistiram aos ferimentos e morreram. O rapaz era natural de Nova Porteirinha e as duas mulheres moravam em Jana\u00faba. <\/p>\n<p>A Per\u00edcia T\u00e9cnica da Pol\u00edcia Civil foi acionada e ap\u00f3s os trabalhos de praxe, os corpos foram encaminhados para o necrot\u00e9rio da cidade. Ainda segundo a PM, o ve\u00edculo, um Cross Fox de cor preta, estava com queixa de furto\/roubo na cidade de Montes Claros. <\/p>\n<p><strong>Tentativa de homic\u00eddio<\/strong><\/p>\n<p>Em rela\u00e7\u00e3o a tentativa de homic\u00eddio citada acima, segundo o registro de ocorr\u00eancias da Pol\u00edcia Militar, um homem de 43 anos foi atingido por dois tiros, sendo um no bra\u00e7o e outro na p\u00e9lvis. O crime aconteceu na noite de ontem em Vila Nova dos Po\u00e7\u00f5es. <\/p>\n<p>Ainda segundo a PM, a v\u00edtima trabalhava com o pai do suspeito e entrou na Justi\u00e7a com um processo contra ele, provavelmente essa foi a motiva\u00e7\u00e3o da tentativa de assassinato. Ap\u00f3s ser socorrido, o homem foi levado para um hospital. (G1)<\/p>\n","protected":false},"excerpt":{"rendered":"<p>Motorista perdeu controle da dire\u00e7\u00e3o e capotou em uma curva. Carro estava com queixa de furto\/roubo em Montes Claros. Um homem e duas mulheres morreram em um acidente no final da noite deste s\u00e1bado, 21 de fevereiro, em Jana\u00faba, na regi\u00e3o Norte de Minas Gerais. O ve\u00edculo em que eles estavam capotou no bairro Jacarezinho [&hellip;]<\/p>\n","protected":false},"author":1,"featured_media":26496,"comment_status":"open","ping_status":"closed","sticky":false,"template":"","format":"standard","meta":{"amp_status":"","footnotes":""},"categories":[1236],"tags":[9852,34471,34469,34474,204,34468,210,1805,34470,34472,34473],"class_list":["post-53503","post","type-post","status-publish","format-standard","has-post-thumbnail","hentry","category-norte_de_minas","tag-acidente-em-janauba","tag-capotamento-de-carro-em-janauba","tag-georgea-clara-de-lima-araujo","tag-georgia-clara-de-lima-araujo","tag-janauba","tag-luana-lorrany-souza-aguiar","tag-montes-claros","tag-nova-porteirinha","tag-pablo-rodrigues-correia","tag-tres-mortos-em-acidente-no-jacarezinho-em-janauba","tag-tres-pessoas-morrem-apos-capotamento-de-veiculo-em-janauba"],"_links":{"self":[{"href":"https:\/\/aconteceunovale.com.br\/portal\/index.php?rest_route=\/wp\/v2\/posts\/53503","targetHints":{"allow":["GET"]}}],"collection":[{"href":"https:\/\/aconteceunovale.com.br\/portal\/index.php?rest_route=\/wp\/v2\/posts"}],"about":[{"href":"https:\/\/aconteceunovale.com.br\/portal\/index.php?rest_route=\/wp\/v2\/types\/post"}],"author":[{"embeddable":true,"href":"https:\/\/aconteceunovale.com.br\/portal\/index.php?rest_route=\/wp\/v2\/users\/1"}],"replies":[{"embeddable":true,"href":"https:\/\/aconteceunovale.com.br\/portal\/index.php?rest_route=%2Fwp%2Fv2%2Fcomments&post=53503"}],"version-history":[{"count":0,"href":"https:\/\/aconteceunovale.com.br\/portal\/index.php?rest_route=\/wp\/v2\/posts\/53503\/revisions"}],"wp:featuredmedia":[{"embeddable":true,"href":"https:\/\/aconteceunovale.com.br\/portal\/index.php?rest_route=\/wp\/v2\/media\/26496"}],"wp:attachment":[{"href":"https:\/\/aconteceunovale.com.br\/portal\/index.php?rest_route=%2Fwp%2Fv2%2Fmedia&parent=53503"}],"wp:term":[{"taxonomy":"category","embeddable":true,"href":"https:\/\/aconteceunovale.com.br\/portal\/index.php?rest_route=%2Fwp%2Fv2%2Fcategories&post=53503"},{"taxonomy":"post_tag","embeddable":true,"href":"https:\/\/aconteceunovale.com.br\/portal\/index.php?rest_route=%2Fwp%2Fv2%2Ftags&post=53503"}],"curies":[{"name":"wp","href":"https:\/\/api.w.org\/{rel}","templated":true}]}}