{"id":53441,"date":"2015-02-21T10:33:40","date_gmt":"2015-02-21T13:33:40","guid":{"rendered":"http:\/\/aconteceunovale.com.br\/portal\/?p=53441"},"modified":"2015-02-21T10:33:40","modified_gmt":"2015-02-21T13:33:40","slug":"minas-gerais-amplia-exportacoes-aos-arabes","status":"publish","type":"post","link":"https:\/\/aconteceunovale.com.br\/portal\/?p=53441","title":{"rendered":"Minas Gerais amplia exporta\u00e7\u00f5es aos \u00e1rabes"},"content":{"rendered":"<h4><strong><em>Sud\u00e3o, Maurit\u00e2nia, Som\u00e1lia e Palestina passaram a comprar alimentos e min\u00e9rio de ferro do estado em janeiro. Meta \u00e9 vender produtos com maior valor agregado \u00e0s na\u00e7\u00f5es do Oriente M\u00e9dio e do Norte da \u00c1frica.<\/em><\/strong><\/h4>\n<p>As exporta\u00e7\u00f5es do estado de Minas Gerais aos pa\u00edses \u00e1rabes ganharam quatro novos clientes em janeiro: Palestina, Sud\u00e3o, Som\u00e1lia e Maurit\u00e2nia, pa\u00edses que compraram carnes, a\u00e7\u00facares e min\u00e9rio de ferro. Eles integram uma lista de 17 pa\u00edses que n\u00e3o figuravam entre os importadores do estado. Al\u00e9m destes novos parceiros comerciais, os mineiros dever\u00e3o realizar ainda neste ano a\u00e7\u00f5es de promo\u00e7\u00e3o dos produtos do estado com os pa\u00edses \u00e1rabes.<\/p>\n<p>\u00c0 ANBA, o secret\u00e1rio-adjunto da Secretaria de Estado de Desenvolvimento Econ\u00f4mico de Minas Gerais, Rog\u00e9rio Bellini, atribui as vendas a estes quatro pa\u00edses \u00e0 busca por novos fornecedores feita por estas na\u00e7\u00f5es e \u00e0 procura dos produtores brasileiros por novos clientes. Ele observou, por\u00e9m, que as compras destes pa\u00edses foram pequenas e ainda \u00e9 cedo para confirmar se eles se tornar\u00e3o grandes compradores dos produtos mineiros.<\/p>\n<p>De acordo com dados da Central Exportaminas, unidade da Secretaria de Estado de Desenvolvimento Econ\u00f4mico, a Palestina importou US$ 388,2 mil, em carne bovina. As vendas para o Sud\u00e3o foram de US$ 380,9 mil, em carne de frango e produtos de confeitaria. A Maurit\u00e2nia importou US$ 115,6 mil em carne de frango. As remessas para a Som\u00e1lia foram de US$ 42,3 mil em carne de frango e tamb\u00e9m a\u00e7\u00facares. Outros pa\u00edses que passaram a importar de Minas Gerais em janeiro e que n\u00e3o s\u00e3o na\u00e7\u00f5es \u00e1rabes foram: Congo, Senegal, Ilhas Virgens Brit\u00e2nicas, Gab\u00e3o, Martinica, Arm\u00eania, Seicheles, Aruba, M\u00f4naco, Bermudas, Hungria, Nam\u00edbia e Zimb\u00e1bue.<\/p>\n<p>\u201cAcredito que as vendas que tivemos em janeiro para estes pa\u00edses \u00e1rabes sejam resultado de uma janela de oportunidades, mas acho que ainda \u00e9 cedo para saber se \u00e9 uma tend\u00eancia que eles continuem a comprar o ano todo. A maior parte dos produtos que eles compraram foram carnes ou a\u00e7\u00facares\u201d, disse Bellini.<\/p>\n<p><strong>Vendas em expans\u00e3o<\/strong><\/p>\n<p>Nos \u00faltimos cinco anos, as vendas externas de Minas Gerais cresceram a uma m\u00e9dia anual de 18,4%. Em 2009, Minas exportou US$ 1,049 bilh\u00e3o para os \u00e1rabes. No ano passado, as vendas atingiram US$ 1,848 bilh\u00e3o. Os envios para estes pa\u00edses corresponderam, em 2014, a 6,3% do total. Em 2009, equivaliam a 4,9% das exporta\u00e7\u00f5es do estado.<\/p>\n<p>Os principais produtos vendidos aos pa\u00edses do Oriente M\u00e9dio e do Norte da \u00c1frica foram min\u00e9rio de ferro, a\u00e7\u00facares de cana ou de beterraba, carne de frango, tubos de ferro fundido, ferro ou a\u00e7o e carne bovina. Om\u00e3, onde h\u00e1 uma f\u00e1brica da Vale, \u00e9 o principal cliente, seguido por Emirados \u00c1rabes Unidos, Bahrein, Ar\u00e1bia Saudita, Egito, Iraque, Arg\u00e9lia, I\u00eamen, Marrocos e L\u00edbano. A maior parte dos produtos exportados por Minas Gerais foi embarcada nos portos de Paranagu\u00e1, no Paran\u00e1, e de Santos, em S\u00e3o Paulo.<\/p>\n<p>\u201cMinas Gerais tem tido um desempenho melhor do que o Brasil (nas vendas) para os \u00e1rabes. As empresas que est\u00e3o diversificando est\u00e3o ganhando mercado. Estamos em come\u00e7o de governo e acreditamos no aumento da pauta exportadora de produtos que agregam valor\u201d, afirmou. \u201cAcho que os pa\u00edses \u00e1rabes ser\u00e3o mais observados, podemos trazer potenciais compradores de l\u00e1 para Minas Gerais e podemos realizar a\u00e7\u00f5es de promo\u00e7\u00e3o nos pa\u00edses \u00e1rabes. \u00c9 uma estrat\u00e9gia que dever\u00e1 estar mais definida no segundo semestre do ano\u201d, disse.<\/p>\n<p>O governador mineiro, Fernando Pimentel (PT), tomou posse no come\u00e7o do ano. Antes, ele foi ministro do Desenvolvimento, Ind\u00fastria e Com\u00e9rcio Exterior no primeiro mandato da presidente Dilma Rousseff (2011-2014). Durante sua passagem pelo minist\u00e9rio, ele realizou viagens de promo\u00e7\u00e3o comercial aos pa\u00edses \u00e1rabes. <em><strong>(ANBA)<\/strong><\/em><\/p>\n","protected":false},"excerpt":{"rendered":"<p>Sud\u00e3o, Maurit\u00e2nia, Som\u00e1lia e Palestina passaram a comprar alimentos e min\u00e9rio de ferro do estado em janeiro. Meta \u00e9 vender produtos com maior valor agregado \u00e0s na\u00e7\u00f5es do Oriente M\u00e9dio e do Norte da \u00c1frica. As exporta\u00e7\u00f5es do estado de Minas Gerais aos pa\u00edses \u00e1rabes ganharam quatro novos clientes em janeiro: Palestina, Sud\u00e3o, Som\u00e1lia e [&hellip;]<\/p>\n","protected":false},"author":1,"featured_media":53442,"comment_status":"open","ping_status":"closed","sticky":false,"template":"","format":"standard","meta":{"amp_status":"","footnotes":""},"categories":[28848],"tags":[34355,2162,34351,34352,12826,34348,34346,34350,34354,34353,34349,34347],"class_list":["post-53441","post","type-post","status-publish","format-standard","has-post-thumbnail","hentry","category-mundo","tag-central-exportaminas","tag-dilma-rousseff","tag-exportacoes-do-estado-de-minas-gerais-aos-paises-arabes","tag-exportacoes-do-estado-de-minas-gerais-aos-paises-arabes-ganharam-quatro-novos-clientes-em-janeiro","tag-fernando-pimentel","tag-mauritania","tag-minas-gerais-amplia-exportacoes-aos-arabes","tag-palestina","tag-rogerio-bellini","tag-secretaria-de-estado-de-desenvolvimento-economico-de-minas-gerais","tag-somalia","tag-sudao"],"_links":{"self":[{"href":"https:\/\/aconteceunovale.com.br\/portal\/index.php?rest_route=\/wp\/v2\/posts\/53441","targetHints":{"allow":["GET"]}}],"collection":[{"href":"https:\/\/aconteceunovale.com.br\/portal\/index.php?rest_route=\/wp\/v2\/posts"}],"about":[{"href":"https:\/\/aconteceunovale.com.br\/portal\/index.php?rest_route=\/wp\/v2\/types\/post"}],"author":[{"embeddable":true,"href":"https:\/\/aconteceunovale.com.br\/portal\/index.php?rest_route=\/wp\/v2\/users\/1"}],"replies":[{"embeddable":true,"href":"https:\/\/aconteceunovale.com.br\/portal\/index.php?rest_route=%2Fwp%2Fv2%2Fcomments&post=53441"}],"version-history":[{"count":0,"href":"https:\/\/aconteceunovale.com.br\/portal\/index.php?rest_route=\/wp\/v2\/posts\/53441\/revisions"}],"wp:featuredmedia":[{"embeddable":true,"href":"https:\/\/aconteceunovale.com.br\/portal\/index.php?rest_route=\/wp\/v2\/media\/53442"}],"wp:attachment":[{"href":"https:\/\/aconteceunovale.com.br\/portal\/index.php?rest_route=%2Fwp%2Fv2%2Fmedia&parent=53441"}],"wp:term":[{"taxonomy":"category","embeddable":true,"href":"https:\/\/aconteceunovale.com.br\/portal\/index.php?rest_route=%2Fwp%2Fv2%2Fcategories&post=53441"},{"taxonomy":"post_tag","embeddable":true,"href":"https:\/\/aconteceunovale.com.br\/portal\/index.php?rest_route=%2Fwp%2Fv2%2Ftags&post=53441"}],"curies":[{"name":"wp","href":"https:\/\/api.w.org\/{rel}","templated":true}]}}