{"id":53428,"date":"2015-02-20T21:11:38","date_gmt":"2015-02-21T00:11:38","guid":{"rendered":"http:\/\/aconteceunovale.com.br\/portal\/?p=53428"},"modified":"2015-02-20T21:11:38","modified_gmt":"2015-02-21T00:11:38","slug":"homem-de-50-anos-e-assassinado-e-queimado-em-nanuque","status":"publish","type":"post","link":"https:\/\/aconteceunovale.com.br\/portal\/?p=53428","title":{"rendered":"Homem de 50 anos \u00e9 assassinado e queimado em Nanuque"},"content":{"rendered":"<h4><em><strong>Ainda n\u00e3o h\u00e1 suspeitas do que pode ter acontecido. Corpo foi encaminhado ao IML de Te\u00f3filo Otoni.<\/strong><\/em><\/h4>\n<p>Um homem de 50 anos foi encontrado morto na manh\u00e3 desta sexta-feira, 20 de fevereiro, em uma fazenda no C\u00f3rrego 37, pr\u00f3ximo ao distrito de Vila Gabriel Passos, no munic\u00edpio de Nanuque, no Vale do Mucuri. Segundo a Pol\u00edcia Militar, o corpo de Adem\u00e1rio Cardoso Ferreira estava queimado. Ainda de acordo com os militares, a v\u00edtima trabalhava na fazenda como vaqueiro havia nove meses.<\/p>\n<p>A mulher da v\u00edtima disse aos policiais que no fim da tarde de quinta-feira (19) ele saiu de casa com uma faca e n\u00e3o retornou. A Pol\u00edcia Civil vai investigar o caso. Ainda n\u00e3o h\u00e1 suspeitas do que pode ter acontecido. O corpo foi encaminhado ao Instituto M\u00e9dico Legal (IML) de Te\u00f3filo Otoni. (G1)<\/p>\n","protected":false},"excerpt":{"rendered":"<p>Ainda n\u00e3o h\u00e1 suspeitas do que pode ter acontecido. Corpo foi encaminhado ao IML de Te\u00f3filo Otoni. Um homem de 50 anos foi encontrado morto na manh\u00e3 desta sexta-feira, 20 de fevereiro, em uma fazenda no C\u00f3rrego 37, pr\u00f3ximo ao distrito de Vila Gabriel Passos, no munic\u00edpio de Nanuque, no Vale do Mucuri. Segundo a [&hellip;]<\/p>\n","protected":false},"author":1,"featured_media":42404,"comment_status":"open","ping_status":"closed","sticky":false,"template":"","format":"standard","meta":{"amp_status":"","footnotes":""},"categories":[122],"tags":[34341,34339,34342,252,34340],"class_list":["post-53428","post","type-post","status-publish","format-standard","has-post-thumbnail","hentry","category-mucuri","tag-ademario-cardoso-ferreira","tag-distrito-de-vila-gabriel-passos","tag-homem-de-50-anos-e-assassinado-e-queimado-em-nanuque","tag-nanuque","tag-vila-gabriel-passos"],"_links":{"self":[{"href":"https:\/\/aconteceunovale.com.br\/portal\/index.php?rest_route=\/wp\/v2\/posts\/53428","targetHints":{"allow":["GET"]}}],"collection":[{"href":"https:\/\/aconteceunovale.com.br\/portal\/index.php?rest_route=\/wp\/v2\/posts"}],"about":[{"href":"https:\/\/aconteceunovale.com.br\/portal\/index.php?rest_route=\/wp\/v2\/types\/post"}],"author":[{"embeddable":true,"href":"https:\/\/aconteceunovale.com.br\/portal\/index.php?rest_route=\/wp\/v2\/users\/1"}],"replies":[{"embeddable":true,"href":"https:\/\/aconteceunovale.com.br\/portal\/index.php?rest_route=%2Fwp%2Fv2%2Fcomments&post=53428"}],"version-history":[{"count":0,"href":"https:\/\/aconteceunovale.com.br\/portal\/index.php?rest_route=\/wp\/v2\/posts\/53428\/revisions"}],"wp:featuredmedia":[{"embeddable":true,"href":"https:\/\/aconteceunovale.com.br\/portal\/index.php?rest_route=\/wp\/v2\/media\/42404"}],"wp:attachment":[{"href":"https:\/\/aconteceunovale.com.br\/portal\/index.php?rest_route=%2Fwp%2Fv2%2Fmedia&parent=53428"}],"wp:term":[{"taxonomy":"category","embeddable":true,"href":"https:\/\/aconteceunovale.com.br\/portal\/index.php?rest_route=%2Fwp%2Fv2%2Fcategories&post=53428"},{"taxonomy":"post_tag","embeddable":true,"href":"https:\/\/aconteceunovale.com.br\/portal\/index.php?rest_route=%2Fwp%2Fv2%2Ftags&post=53428"}],"curies":[{"name":"wp","href":"https:\/\/api.w.org\/{rel}","templated":true}]}}